{"id":50372,"date":"2025-11-16T01:54:10","date_gmt":"2025-11-16T01:54:10","guid":{"rendered":"https:\/\/www.europesays.com\/lv\/50372\/"},"modified":"2025-11-16T01:54:10","modified_gmt":"2025-11-16T01:54:10","slug":"granita-iela-riga-liesmo-metalluzni-paaugstinatas-bistamibas-ugunsgreks-izraisijis-specigu-sadumojumu-lente-lv","status":"publish","type":"post","link":"https:\/\/www.europesays.com\/lv\/50372\/","title":{"rendered":"Gran\u012bta iel\u0101 R\u012bg\u0101 liesmo met\u0101ll\u016b\u017e\u0146i \u2013 paaugstin\u0101tas b\u012bstam\u012bbas ugunsgr\u0113ks izrais\u012bjis sp\u0113c\u012bgu sad\u016bmojumu\u00a0\u2014\u00a0Lente.lv"},"content":{"rendered":"<p>Paaugstin\u0101tas b\u012bstam\u012bbas ugunsgr\u0113ks R\u012bg\u0101: liesmojo\u0161i met\u0101ll\u016b\u017e\u0146i uz\u0146\u0113muma teritorij\u0101<\/p>\n<p>Nakt\u012b uz sv\u0113tdienu, 2025. gada 15. novembri, R\u012bg\u0101, Gran\u012bta iel\u0101, izc\u0113lies nopietns, paaugstin\u0101tas b\u012bstam\u012bbas ugunsgr\u0113ks. Liesmas p\u0101r\u0146\u0113mu\u0161as pla\u0161u met\u0101la atkritumu kaudzi, radot intens\u012bvu sad\u016bmojumu un satraukumu apk\u0101rtnes iedz\u012bvot\u0101jos. Inform\u0101cija par notiku\u0161o apstiprin\u0101ta Valsts ugunsdz\u0113s\u012bbas un gl\u0101b\u0161anas dienest\u0101 (VUGD).<\/p>\n<p>Ugunsgr\u0113ka apjoms un dz\u0113\u0161anas darbi<\/p>\n<p>Saska\u0146\u0101 ar s\u0101kotn\u0113jo inform\u0101ciju, liesmas sk\u0101ru\u0161as aptuveni 1200 kvadr\u0101tmetru lielu plat\u012bbu, kur\u0101 atrad\u0101s met\u0101la atkritumu kaudze. Ugunsgr\u0113ks izc\u0113lies met\u0101ll\u016b\u017e\u0146u p\u0101rstr\u0101des uz\u0146\u0113muma \u201cTolmets\u201d un ar to saist\u012bto uz\u0146\u0113mumu teritorij\u0101, kas rada papildu ba\u017eas par iesp\u0113jamiem vides pies\u0101r\u0146ojuma riskiem. Notikuma viet\u0101 tika mobiliz\u0113ti lieli sp\u0113ki \u2013 vair\u0101k nek\u0101 30 ugunsdz\u0113s\u0113ji gl\u0101b\u0113ji, izmantojot asto\u0146as autocisternas un autok\u0101pni, lai ierobe\u017eotu un dz\u0113stu liesmas. Lai gan dz\u0113\u0161anas darbi ilga vair\u0101kas stundas, v\u0113l sestdienas r\u012bt\u0101 turpin\u0101j\u0101s gruzd\u0113\u0161ana un kaudzes p\u0101rkrau\u0161ana, jo uguns bija dzi\u013ci iespiedusies met\u0101ll\u016b\u017e\u0146os.<\/p>\n<p>Izaicin\u0101jumi un sekas<\/p>\n<p>Dz\u0113\u0161anas darbus apgr\u016btin\u0101ja \u016bdens tr\u016bkums tuvum\u0101, liekot \u016bdens pieg\u0101di nodro\u0161in\u0101t no liela att\u0101luma. \u0160\u0101dos gad\u012bjumos, kad deg liels daudzums atkritumu, \u012bpa\u0161i met\u0101la, gaiss pies\u0101r\u0146ojas ar kait\u012bg\u0101m viel\u0101m, radot kod\u012bgu smaku un b\u012bstamu d\u016bmu m\u0101koni. Lai gan neviena persona nav cietusi, Valsts vides dienests tika piesaist\u012bts, lai nov\u0113rt\u0113tu situ\u0101ciju ar iesp\u0113jamo vides pies\u0101r\u0146ojumu. Valsts policija ir uzs\u0101kusi krimin\u0101lprocesu, lai noskaidrotu prec\u012bzus ugunsgr\u0113ka c\u0113lo\u0146us, ta\u010du pagaid\u0101m tie nav zin\u0101mi.<\/p>\n<p>Ieteikumi iedz\u012bvot\u0101jiem<\/p>\n<p>VUGD aicina apk\u0101rtnes iedz\u012bvot\u0101jus b\u016bt piesardz\u012bgiem un objekt\u012bvi izv\u0113rt\u0113t situ\u0101ciju. Ja, atverot logus vai iesl\u0113dzot ventil\u0101ciju, j\u016btama d\u016bmu vai nepat\u012bkama smaka, ieteicams nekav\u0113joties nosl\u0113gt logus un izsl\u0113gt ventil\u0101cijas sist\u0113mas, dodoties uz dro\u0161\u0101ku vidi telp\u0101s.<\/p>\n","protected":false},"excerpt":{"rendered":"Paaugstin\u0101tas b\u012bstam\u012bbas ugunsgr\u0113ks R\u012bg\u0101: liesmojo\u0161i met\u0101ll\u016b\u017e\u0146i uz\u0146\u0113muma teritorij\u0101 Nakt\u012b uz sv\u0113tdienu, 2025. gada 15. novembri, R\u012bg\u0101, Gran\u012bta iel\u0101,&hellip;\n","protected":false},"author":2,"featured_media":50373,"comment_status":"","ping_status":"","sticky":false,"template":"","format":"standard","meta":{"footnotes":""},"categories":[5],"tags":[23,28,29,32,33,13620,22,30,31,35,39,38,36,37,34,40,13770,20,26,27,172,24,25,377,4908,21],"class_list":{"0":"post-50372","1":"post","2":"type-post","3":"status-publish","4":"format-standard","5":"has-post-thumbnail","7":"category-aktualitates","8":"tag-aktualitates","9":"tag-breaking-news","10":"tag-breakingnews","11":"tag-featured-news","12":"tag-featurednews","13":"tag-granita-iela","14":"tag-headlines","15":"tag-latest-news","16":"tag-latestnews","17":"tag-latvia","18":"tag-latvian","19":"tag-latviesu","20":"tag-latviesu-valoda","21":"tag-latviesuvaloda","22":"tag-latvija","23":"tag-lv","24":"tag-metalluzni","25":"tag-news","26":"tag-popularakas-zinas","27":"tag-popularakaszinas","28":"tag-riga","29":"tag-top-stories","30":"tag-topstories","31":"tag-ugunsgreks","32":"tag-vugd","33":"tag-zinas"},"share_on_mastodon":{"url":"https:\/\/pubeurope.com\/@lv\/115556887020612079","error":""},"_links":{"self":[{"href":"https:\/\/www.europesays.com\/lv\/wp-json\/wp\/v2\/posts\/50372","targetHints":{"allow":["GET"]}}],"collection":[{"href":"https:\/\/www.europesays.com\/lv\/wp-json\/wp\/v2\/posts"}],"about":[{"href":"https:\/\/www.europesays.com\/lv\/wp-json\/wp\/v2\/types\/post"}],"author":[{"embeddable":true,"href":"https:\/\/www.europesays.com\/lv\/wp-json\/wp\/v2\/users\/2"}],"replies":[{"embeddable":true,"href":"https:\/\/www.europesays.com\/lv\/wp-json\/wp\/v2\/comments?post=50372"}],"version-history":[{"count":0,"href":"https:\/\/www.europesays.com\/lv\/wp-json\/wp\/v2\/posts\/50372\/revisions"}],"wp:featuredmedia":[{"embeddable":true,"href":"https:\/\/www.europesays.com\/lv\/wp-json\/wp\/v2\/media\/50373"}],"wp:attachment":[{"href":"https:\/\/www.europesays.com\/lv\/wp-json\/wp\/v2\/media?parent=50372"}],"wp:term":[{"taxonomy":"category","embeddable":true,"href":"https:\/\/www.europesays.com\/lv\/wp-json\/wp\/v2\/categories?post=50372"},{"taxonomy":"post_tag","embeddable":true,"href":"https:\/\/www.europesays.com\/lv\/wp-json\/wp\/v2\/tags?post=50372"}],"curies":[{"name":"wp","href":"https:\/\/api.w.org\/{rel}","templated":true}]}}