{"id":5038,"date":"2025-09-25T20:26:10","date_gmt":"2025-09-25T20:26:10","guid":{"rendered":"https:\/\/www.europesays.com\/lv\/5038\/"},"modified":"2025-09-25T20:26:10","modified_gmt":"2025-09-25T20:26:10","slug":"lu-generaldirektors-atzist-ka-komanda-jaunaja-sezona-dosies-ar-mazaku-budzetu-basketbols-sportacentrs-com","status":"publish","type":"post","link":"https:\/\/www.europesays.com\/lv\/5038\/","title":{"rendered":"LU \u0123ener\u0101ldirektors atz\u012bst, ka komanda jaunaj\u0101 sezon\u0101 dosies ar maz\u0101ku bud\u017eetu \u2013 Basketbols \u2013 Sportacentrs.com"},"content":{"rendered":"<p>Vi\u0146\u0161 uzsver, ka kop\u0161 komandas s\u0101kuma pirms 15 gadiem LU m\u0113r\u0137is vienm\u0113r ir bijusi jauno talantu att\u012bst\u012bba.<\/p>\n<p>&#8220;M\u016bsu galven\u0101s uzvaras l\u012bdz \u0161im vienm\u0113r ir biju\u0161i sp\u0113l\u0113t\u0101ji, kuri pievienojas mums br\u012bd\u012b, kad vi\u0146i nav citu LBL klubu redzeslok\u0101, bet p\u0113c trim &#8211; \u010detr\u0101m vai pat vair\u0101k sezon\u0101m pie mums vi\u0146i var k\u013c\u016bt piepras\u012bta basketbola prece citiem klubiem,&#8221; atg\u0101dina D\u0101rznieks, minot, ka p\u0113d\u0113jais t\u0101ds piem\u0113rs ir Rihards Aleksandrovs, kur\u0161 pag\u0101ju\u0161\u0101s sezonas vid\u016b pievienoj\u0101s &#8220;VEF R\u012bga&#8221;.<\/p>\n<p>D\u0101rznieks atz\u012bst, ka starpsezon\u0101 bija diskusijas par komandas turpm\u0101ko eksistenci, tai skait\u0101 ar\u012b Latvijas Universit\u0101tes priorit\u0101\u0161u p\u0101rskat\u012b\u0161anas d\u0113\u013c, ta\u010du tas nebija saist\u012bts ar to, ka LU nepat\u012bk sports vai profesion\u0101lais sports. LU visus gadus bez citu finansi\u0101lo partneru atbalsta ir uztur\u0113jusi komandu, un \u0161ogad klubs non\u0101ca situ\u0101cij\u0101, kad tas b\u016btu j\u0101labo.<\/p>\n<p>&#8220;\u0160ogad ir b\u016btiski maz\u0101ks bud\u017eets, mainot pieeju un saskaroties ar gr\u016bt\u012bb\u0101m. Tom\u0113r ir izdevies pan\u0101kt, ka komanda b\u016bs un start\u0113s LIBL,&#8221; uzsver D\u0101rznieks.<\/p>\n<p>&#8220;Komandas bud\u017eets ir divreiz maz\u0101ks nek\u0101 iepriek\u0161, bet prec\u012bzu skaitli nosaukt nevaru, jo taj\u0101 ietilpst gan algas, gan autobusi, gan nodro\u0161in\u0101jums, gan formas, gan dal\u012bbas maksas, kas ir viena bud\u017eeta sada\u013ca,&#8221; skaidro LU komandas \u0123ener\u0101ldirektors. &#8220;Bet ir v\u0113l ar\u012b infrastrukt\u016bra ar treni\u0146iem un sp\u0113l\u0113m, un \u0161aj\u0101 sada\u013c\u0101 milz\u012bgs atspaids ir iesp\u0113ja \u0161osezon tren\u0113ties Banku augstskolas (BA) sporta z\u0101l\u0113.&#8221;<\/p>\n<p>\u0160\u0101da iesp\u0113ja ir radusies p\u0113c reorganiz\u0101cijas, BA pievienojot Latvijas Universit\u0101tei, kas p\u0101r\u0146\u0113ma BA akt\u012bvus, kuru vid\u016b bija ar\u012b z\u0101le.<\/p>\n<p>&#8220;Z\u0101le pag\u0101ju\u0161aj\u0101 gad\u0101 bija b\u016btisks aspekts izdevumu sada\u013c\u0101, bet, ja mums treni\u0146u z\u0101le ir sav\u0113j\u0101, tad m\u0113s ietaup\u0101m l\u012bdzek\u013cus un varam start\u0113t LBL pirmaj\u0101 div\u012bzij\u0101,&#8221; saka D\u0101rznieks. &#8220;T\u0101p\u0113c prec\u012bza bud\u017eeta mums nav, bet LU nodro\u0161in\u0101jums treneru alg\u0101m un visam p\u0101r\u0113jam ir divreiz maz\u0101ks nek\u0101 pag\u0101ju\u0161aj\u0101 sezon\u0101.&#8221;<\/p>\n<p>Vi\u0146\u0161 bilst, ka pag\u0101ju\u0161\u0101s sezonas infrastrukt\u016bras \u012bre treni\u0146iem un sp\u0113l\u0113m bija apm\u0113ram viena ceturt\u0101 da\u013ca no bud\u017eeta, un t\u0101 \u0161obr\u012bd ietaup\u0101s. Ir ar\u012b citi izdevumu ierobe\u017eojumi, un ar\u012b D\u0101rznieks nav algots darbinieks LU basketbola klub\u0101, kaut ar\u012b pilda kluba \u0123ener\u0101ldirektora funkcijas.<\/p>\n<p>Jau zi\u0146ots, ka \u017danis Peiners ir k\u013cuvis par LU sporta direktoru, bet algu nesa\u0146em.<\/p>\n<p>D\u0101rznieks atg\u0101dina, ka Peiners, kur\u0161 k\u0101 sp\u0113l\u0113t\u0101js LU p\u0101rst\u0101v\u0113ja no 2010. l\u012bdz 2013.gadam, \u0161aj\u0101 sezon\u0101 b\u016bs labs pastiprin\u0101jums ar anal\u012btiku.<\/p>\n<p>&#8220;Vi\u0146\u0161 izce\u013cas gan raidierakstos, gan ir ar\u012b Latvijas izlases anal\u012btikas treneris, t\u0101 k\u0101 anal\u012btika m\u016bsu ikdien\u0101 gan l\u0113mumu pie\u0146em\u0161an\u0101, gan sp\u0113les pl\u0101na veido\u0161an\u0101 tiks iesaist\u012bta vair\u0101k,&#8221; saka D\u0101rznieks, cerot, ka t\u0101d\u0113j\u0101di ar \u0161\u0101du pieeju varb\u016bt izdosies rad\u012bt ko unik\u0101lu.<\/p>\n<p>T\u0101pat ar sportistiem klubs ir vienojies, ka vi\u0146iem vairs nav stipendiju, t\u0101d\u0113j\u0101di galu gal\u0101 sakr\u0101jot bud\u017eetu, lai komanda var\u0113tu start\u0113t LBL pirmaj\u0101 div\u012bzij\u0101.<\/p>\n<p>LU \u0123ener\u0101ldirektors atkl\u0101j, ka galven\u0101 trenera Marta Ozolinkevi\u010da vad\u012btais klubs grib\u0113ja sp\u0113l\u0113t &#8220;Rimi&#8221; Olimpiskaj\u0101 centr\u0101, ta\u010du ar sporta b\u0101zi neizdev\u0101s vienoties uz abpus\u0113ji izdev\u012bgiem noteikumiem, un komanda sp\u0113les aizvad\u012bs Oskara Kalpaka R\u012bgas Tautas dai\u013camatu pamatskolas z\u0101l\u0113.<\/p>\n<p>&#8220;Protams, mekl\u0113j\u0101m ar\u012b sadarb\u012bbas partnerus un sponsorus,&#8221; saka D\u0101rznieks, pateicoties pa\u0161reiz\u0113jiem partneriem, tai skait\u0101 kluba tehniskajam partnerim &#8220;Sportland&#8221;, kas palielin\u0101ja pabalstu, sal\u012bdzinot ar l\u012bdz \u0161im biju\u0161o.<\/p>\n<p>&#8220;Mums klub\u0101 ir pamain\u012bju\u0161ies ar\u012b sast\u0101va veido\u0161anas principi. \u0160obr\u012bd skat\u0101mies ar\u012b uz sp\u0113l\u0113t\u0101jiem, kuriem ir interese pievienoties mums ar\u012b \u012bslaic\u012bg\u0101k\u0101 posm\u0101, nevis uz visu studiju laiku,&#8221; kursa mai\u0146u skaidro komandas \u0123ener\u0101ldirektors. &#8220;T\u0101p\u0113c mums ir sp\u0113l\u0113t\u0101ji, kuri Latvij\u0101 augst\u0101 l\u012bmen\u012b jau ir sp\u0113l\u0113ju\u0161i un mekl\u0113 n\u0101kamo soli sav\u0101 personiskaj\u0101 izaugsm\u0113, lai v\u0113l p\u0113c gada vai diviem spertu n\u0101kamo soli, piem\u0113ram, uz ASV Nacion\u0101l\u0101s koled\u017eu sporta asoci\u0101cijas (NCAA) pirm\u0101s div\u012bzijas komand\u0101m.&#8221;<\/p>\n<p>&#8220;M\u0113s pied\u0101v\u0101jam iesp\u0113ju, sp\u0113les laiku, bet pa\u0161i ieg\u016bstam t\u016bl\u012bt\u0113ju rezult\u0101tu laukum\u0101 un labus sparingpartnerus treni\u0146os,&#8221; st\u0101sta D\u0101rznieks, minot, ka starpsezon\u0101 ir piesaist\u012bti gan jaunie pa\u0161m\u0101ju sp\u0113l\u0113t\u0101ji, gan Arm\u0113nijas U-20 izlases l\u012bderis Jura Melikjans un divi ASV sp\u0113l\u0113t\u0101ji Marlonu \u0160orts un Maika D\u017eesijs, kuri ir papildin\u0101ju\u0161i poz\u012bcijas, kuras klubam ar viet\u0113jiem sp\u0113l\u0113t\u0101jiem neizdev\u0101s aizpild\u012bt. Vi\u0146\u0161 nor\u0101da, ka \u0161\u0101du sp\u0113l\u0113t\u0101ju piesaiste gan nav kluba priorit\u0101te.<\/p>\n<p>D\u0101rznieks min, ka no viet\u0113jiem sp\u0113l\u0113t\u0101jiem, vi\u0146apr\u0101t, liela loma komand\u0101 b\u016bs Francim Neilandam un Oto Bergmanim.<\/p>\n<p>Vi\u0146\u0161 st\u0101sta, ka vasara nav bijusi viegla, mainot kursu un to aizst\u0101vot sarun\u0101s ar LU vad\u012bbu un atbalst\u012bt\u0101jiem.<\/p>\n<p>&#8220;Tom\u0113r beig\u0101s bud\u017eetu, kas b\u016bs apm\u0113ram divas reizes maz\u0101ks nek\u0101 iepriek\u0161\u0113j\u0101 gad\u0101, apstiprin\u0101j\u0101m un main\u012bj\u0101m pieeju, lai var\u0113tu nokomplekt\u0113t sast\u0101vu, t\u0101 tiekot pie \u0101rzemniekiem,&#8221; skaidro D\u0101rznieks.<\/p>\n<p>\u0100rzemnieki ir pievienoju\u0161ies komandai, lai sevi apliecin\u0101tu \u0161aj\u0101 l\u012bmen\u012b.<\/p>\n<p>&#8220;Vi\u0146i ir \u013coti motiv\u0113ti sevi pier\u0101d\u012bt. M\u0113s vi\u0146iem nodro\u0161in\u0101m pamatlietas, tai skait\u0101 ar\u012b profesion\u0101lus treni\u0146us, dz\u012bvo\u0161anu un \u0113din\u0101\u0161anu, bet algu nemaks\u0101jam, cerot uz abpus\u0113ji izdev\u012bgu sadarb\u012bbu un to, ka ar\u012b vi\u0146iem izdosies realiz\u0113t savus m\u0113r\u0137us un ka varb\u016bt k\u0101ds jau \u0161\u012bs sezonas laik\u0101 parakst\u012bs profesion\u0101lu l\u012bgumu,&#8221; kursa mai\u0146u skaidro komandas \u0123ener\u0101ldirektors.<\/p>\n<p>&#8220;Melikjana sp\u0113l\u0113\u0161anu LU un LIBL atbalsta Arm\u0113nijas Basketbola feder\u0101cija,&#8221; atkl\u0101j D\u0101rznieks. &#8220;Ar\u012b Arm\u0113nijas pieaugu\u0161o izlases galvenais treneris sazvan\u012bj\u0101s ar mums un konsult\u0113j\u0101s, pus\u0113m non\u0101kot pie kopsauc\u0113ja, ka Melikjanam \u0161is att\u012bst\u012bbas ce\u013c\u0161 b\u016bs vislab\u0101kais.&#8221;<\/p>\n<p>Vi\u0146\u0161 uzsver, ka ar\u012b finansi\u0101li Arm\u0113nija atbalsta Melikjana sp\u0113l\u0113\u0161anu LU, jo vi\u0146a m\u0113r\u0137is ir NCAA pirm\u0101 div\u012bzija. Pirms tam basketbolista m\u0113r\u0137is ir nosl\u0113gt labu l\u012bgumu, saka D\u0101rznieks, uzsverot, ka basketbolistam ir milz\u012bgs potenci\u0101ls.<\/p>\n<p>&#8220;\u0160\u012b ir unik\u0101la situ\u0101cija sport\u0101. Bud\u017eets parasti korel\u0113 ar sportisko rezult\u0101tu, ta\u010du m\u016bsu gad\u012bjum\u0101 bud\u017eets ir divreiz maz\u0101ks, bet sportisk\u0101s amb\u012bcijas un m\u0113r\u0137i ir palielin\u0101ju\u0161ies,&#8221; par paradoksu saka D\u0101rznieks.<\/p>\n<p>&#8220;Sportiskie sasniegumi LU l\u012bdz \u0161im ir izpaliku\u0161i, bet \u0161osezon \u013coti ceram uz augstv\u0113rt\u012bg\u0101kiem sportiskajiem rezult\u0101tiem,&#8221; st\u0101sta D\u0101rznieks. &#8220;M\u0113r\u0137is ir c\u012bn\u012bties par vietu izsl\u0113g\u0161anas sp\u0113\u013cu turn\u012br\u0101. LIBL tas ir lab\u0101ko astotnieks, kas ir \u013coti augsts m\u0113r\u0137is, jo konkurence ir sp\u0113c\u012bga.&#8221;<\/p>\n<p>&#8220;Latvijas \u010dempion\u0101t\u0101 iek\u013c\u016b\u0161ana pusfin\u0101l\u0101 b\u016btu r\u0101d\u012bt\u0101js, ka esam aizvad\u012bju\u0161i \u013coti labu sezonu,&#8221; par m\u0113r\u0137iem turpina LU komandas \u0123ener\u0101ldirektors. &#8220;Ar\u012b &#8220;U\u017eavas&#8221; Latvijas kaus\u0101 cent\u012bsimies tikt p\u0113c iesp\u0113jas t\u0101l\u0101k. Nevien\u0101 no turn\u012briem mums m\u0113r\u0137is nav piedal\u012bties piedal\u012b\u0161an\u0101s p\u0113c.&#8221;<\/p>\n<p>LU basketbolisti aizvad\u012btaj\u0101 sezon\u0101 Latvijas-Igaunijas Basketbola l\u012bg\u0101 (LIBL) 28 ma\u010dos izc\u012bn\u012bja tikai tr\u012bs uzvaras un ierindoj\u0101s p\u0113d\u0113j\u0101 poz\u012bcij\u0101 15 komandu konkurenc\u0113, neiek\u013c\u016bstot Latvijas Basketbola l\u012bgas (LBL) izsl\u0113g\u0161anas sp\u0113l\u0113s.<\/p>\n<p>Izmantotie resursi:<br \/>LETA<\/p>\n","protected":false},"excerpt":{"rendered":"Vi\u0146\u0161 uzsver, ka kop\u0161 komandas s\u0101kuma pirms 15 gadiem LU m\u0113r\u0137is vienm\u0113r ir bijusi jauno talantu att\u012bst\u012bba. &#8220;M\u016bsu&hellip;\n","protected":false},"author":2,"featured_media":5039,"comment_status":"","ping_status":"","sticky":false,"template":"","format":"standard","meta":{"footnotes":""},"categories":[17],"tags":[145,35,39,38,36,37,34,1313,1314,1312,40,67],"class_list":{"0":"post-5038","1":"post","2":"type-post","3":"status-publish","4":"format-standard","5":"has-post-thumbnail","7":"category-sports","8":"tag-basketbols","9":"tag-latvia","10":"tag-latvian","11":"tag-latviesu","12":"tag-latviesu-valoda","13":"tag-latviesuvaloda","14":"tag-latvija","15":"tag-latvijas-basketbola-liga","16":"tag-latvijas-basketbols","17":"tag-lbl","18":"tag-lv","19":"tag-sports"},"share_on_mastodon":{"url":"","error":""},"_links":{"self":[{"href":"https:\/\/www.europesays.com\/lv\/wp-json\/wp\/v2\/posts\/5038","targetHints":{"allow":["GET"]}}],"collection":[{"href":"https:\/\/www.europesays.com\/lv\/wp-json\/wp\/v2\/posts"}],"about":[{"href":"https:\/\/www.europesays.com\/lv\/wp-json\/wp\/v2\/types\/post"}],"author":[{"embeddable":true,"href":"https:\/\/www.europesays.com\/lv\/wp-json\/wp\/v2\/users\/2"}],"replies":[{"embeddable":true,"href":"https:\/\/www.europesays.com\/lv\/wp-json\/wp\/v2\/comments?post=5038"}],"version-history":[{"count":0,"href":"https:\/\/www.europesays.com\/lv\/wp-json\/wp\/v2\/posts\/5038\/revisions"}],"wp:featuredmedia":[{"embeddable":true,"href":"https:\/\/www.europesays.com\/lv\/wp-json\/wp\/v2\/media\/5039"}],"wp:attachment":[{"href":"https:\/\/www.europesays.com\/lv\/wp-json\/wp\/v2\/media?parent=5038"}],"wp:term":[{"taxonomy":"category","embeddable":true,"href":"https:\/\/www.europesays.com\/lv\/wp-json\/wp\/v2\/categories?post=5038"},{"taxonomy":"post_tag","embeddable":true,"href":"https:\/\/www.europesays.com\/lv\/wp-json\/wp\/v2\/tags?post=5038"}],"curies":[{"name":"wp","href":"https:\/\/api.w.org\/{rel}","templated":true}]}}