{"id":50391,"date":"2025-11-16T02:11:11","date_gmt":"2025-11-16T02:11:11","guid":{"rendered":"https:\/\/www.europesays.com\/lv\/50391\/"},"modified":"2025-11-16T02:11:11","modified_gmt":"2025-11-16T02:11:11","slug":"aptauja-%e2%9f%a9-dala-iedzivotaju-partikas-cenu-pieauguma-del-spiesti-atteikties-no-ierastajiem-produktiem","status":"publish","type":"post","link":"https:\/\/www.europesays.com\/lv\/50391\/","title":{"rendered":"APTAUJA \u27e9 Da\u013ca iedz\u012bvot\u0101ju p\u0101rtikas cenu pieauguma d\u0113\u013c spiesti atteikties no ierastajiem produktiem"},"content":{"rendered":"<p>K. Purgailis skaidro, ka neskatoties uz to, ka pat\u0113r\u0113t\u0101ju noska\u0146ojums kopum\u0101 ir uzlabojies \u2013 gada s\u0101kum\u0101 to ietekm\u0113ja \u0123eopolitisk\u0101 nenoteikt\u012bba, bet no otr\u0101 ceturk\u0161\u0146a v\u0113rojams pieaugo\u0161s optimisms, iedz\u012bvot\u0101ju finan\u0161u paradumi joproj\u0101m liecina par piesardz\u012bbu un pat\u0113ri\u0146a izaugsme joproj\u0101m ir m\u0113rena. To apliecina ar\u012b mazumtirdzniec\u012bbas dati \u2013 apgroz\u012bjums septembr\u012b pieauga par 2.6 %.<\/p>\n<p>&#8220;Statistika atkl\u0101j pretrunu starp iedz\u012bvot\u0101ju finansi\u0101laj\u0101m iesp\u0113j\u0101m un vi\u0146u pat\u0113ri\u0146a paradumiem. Lai gan banku kontos pieaug uzkr\u0101jumi, daudzi izv\u0113las atlikt liel\u0101kus pirkumus un r\u016bp\u012bg\u0101k pl\u0101no izdevumus. Nauda netiek akt\u012bvi ieguld\u012bta ekonomik\u0101, un t\u0101s aprite pal\u0113nin\u0101s. \u012apa\u0161i j\u016btami tas redzams p\u0101rtikas pat\u0113ri\u0146\u0101 \u2013 izdevumu poz\u012bcij\u0101, ar kuru cilv\u0113ki saskaras ik dienu.<\/p>\n<blockquote class=\"quote ck-widget\" contenteditable=\"false\">\n<p>Pat neliels cenu k\u0101pums rada saj\u016btu, ka &#8220;viss ir d\u0101rg\u0101ks&#8221;, un iedz\u012bvot\u0101ji intuit\u012bvi s\u0101k atteikties no maz\u0101k nepiecie\u0161amiem vai gard\u0113\u017eu jeb premium segmenta p\u0101rtikas produktiem.<\/p>\n<\/blockquote>\n<p>Turkl\u0101t da\u013ca ien\u0101kumu pieauguma gada aukstaj\u0101 sezon\u0101 aiziet komun\u0101lajiem maks\u0101jumiem, atst\u0101jot maz\u0101k br\u012bvo l\u012bdzek\u013cu ikdienas pat\u0113ri\u0146am,&#8221; saka K. Purgailis.<\/p>\n<p>Sievietes un vid\u0113j\u0101 vecuma iedz\u012bvot\u0101ji visbie\u017e\u0101k izj\u016bt p\u0101rtikas cenu pieaugumu<\/p>\n<p>Dati r\u0101da, ka sievietes bie\u017e\u0101k nek\u0101 v\u012brie\u0161i izj\u016bt nepiecie\u0161am\u012bbu ierobe\u017eot savus pirkumus \u2013 no da\u013cas produktu atteiku\u0161\u0101s 26 % sievie\u0161u sal\u012bdzin\u0101jum\u0101 ar 24 % v\u012brie\u0161u.<\/p>\n<p>Visizteikt\u0101k izdevumu pieaugumu jutu\u0161i iedz\u012bvot\u0101ji vecum\u0101 no 30 l\u012bdz 39 gadiem \u2013 \u0161aj\u0101 grup\u0101 30 % nor\u0101da, ka p\u0101rtikas t\u0113ri\u0146i b\u016btiski palielin\u0101ju\u0161ies.<\/p>\n<p>Savuk\u0101rt jaunie\u0161i l\u012bdz 29 gadiem situ\u0101ciju v\u0113rt\u0113 sal\u012bdzino\u0161i viegl\u0101k \u2013 41 % atz\u012bst, ka izdevumi nedaudz pieaugu\u0161i, bet tikai katrs piektais izj\u016bt b\u016btisku cenu k\u0101pumu.<\/p>\n","protected":false},"excerpt":{"rendered":"K. Purgailis skaidro, ka neskatoties uz to, ka pat\u0113r\u0113t\u0101ju noska\u0146ojums kopum\u0101 ir uzlabojies \u2013 gada s\u0101kum\u0101 to ietekm\u0113ja&hellip;\n","protected":false},"author":2,"featured_media":50392,"comment_status":"","ping_status":"","sticky":false,"template":"","format":"standard","meta":{"footnotes":""},"categories":[12],"tags":[23,732,28,29,32,33,22,30,31,35,39,38,36,37,34,40,20,3843,44,591,1311,26,27,24,25,21],"class_list":{"0":"post-50391","1":"post","2":"type-post","3":"status-publish","4":"format-standard","5":"has-post-thumbnail","7":"category-latvija","8":"tag-aktualitates","9":"tag-aptauja","10":"tag-breaking-news","11":"tag-breakingnews","12":"tag-featured-news","13":"tag-featurednews","14":"tag-headlines","15":"tag-latest-news","16":"tag-latestnews","17":"tag-latvia","18":"tag-latvian","19":"tag-latviesu","20":"tag-latviesu-valoda","21":"tag-latviesuvaloda","22":"tag-latvija","23":"tag-lv","24":"tag-news","25":"tag-partika","26":"tag-partikas-cenas","27":"tag-partikas-produkti","28":"tag-petijumi-un-aptaujas","29":"tag-popularakas-zinas","30":"tag-popularakaszinas","31":"tag-top-stories","32":"tag-topstories","33":"tag-zinas"},"share_on_mastodon":{"url":"https:\/\/pubeurope.com\/@lv\/115556953858027981","error":""},"_links":{"self":[{"href":"https:\/\/www.europesays.com\/lv\/wp-json\/wp\/v2\/posts\/50391","targetHints":{"allow":["GET"]}}],"collection":[{"href":"https:\/\/www.europesays.com\/lv\/wp-json\/wp\/v2\/posts"}],"about":[{"href":"https:\/\/www.europesays.com\/lv\/wp-json\/wp\/v2\/types\/post"}],"author":[{"embeddable":true,"href":"https:\/\/www.europesays.com\/lv\/wp-json\/wp\/v2\/users\/2"}],"replies":[{"embeddable":true,"href":"https:\/\/www.europesays.com\/lv\/wp-json\/wp\/v2\/comments?post=50391"}],"version-history":[{"count":0,"href":"https:\/\/www.europesays.com\/lv\/wp-json\/wp\/v2\/posts\/50391\/revisions"}],"wp:featuredmedia":[{"embeddable":true,"href":"https:\/\/www.europesays.com\/lv\/wp-json\/wp\/v2\/media\/50392"}],"wp:attachment":[{"href":"https:\/\/www.europesays.com\/lv\/wp-json\/wp\/v2\/media?parent=50391"}],"wp:term":[{"taxonomy":"category","embeddable":true,"href":"https:\/\/www.europesays.com\/lv\/wp-json\/wp\/v2\/categories?post=50391"},{"taxonomy":"post_tag","embeddable":true,"href":"https:\/\/www.europesays.com\/lv\/wp-json\/wp\/v2\/tags?post=50391"}],"curies":[{"name":"wp","href":"https:\/\/api.w.org\/{rel}","templated":true}]}}