{"id":50397,"date":"2025-11-16T02:18:18","date_gmt":"2025-11-16T02:18:18","guid":{"rendered":"https:\/\/www.europesays.com\/lv\/50397\/"},"modified":"2025-11-16T02:18:18","modified_gmt":"2025-11-16T02:18:18","slug":"vdd-izmeklesanas-detalas-un-skaidrojumi-lente-lv","status":"publish","type":"post","link":"https:\/\/www.europesays.com\/lv\/50397\/","title":{"rendered":"VDD izmekl\u0113\u0161anas deta\u013cas un skaidrojumi\u00a0\u2014\u00a0Lente.lv"},"content":{"rendered":"<p>Ros\u013cikova lieta: VDD skaidrojumi un pa\u0161reiz\u0113j\u0101 izmekl\u0113\u0161anas situ\u0101cija<\/p>\n<p>Valsts dro\u0161\u012bbas dienests (VDD) ir uzs\u0101cis krimin\u0101lprocesu pret Saeimas deput\u0101tu Alekseju Ros\u013cikovu, izvirzot aizdomas par pal\u012bdz\u012bbas snieg\u0161anu agresorvalstij Krievijai pret Latviju v\u0113rst\u0101 darb\u012bb\u0101, k\u0101 ar\u012b par nacion\u0101l\u0101 naida un nesatic\u012bbas izrais\u012b\u0161anu. \u0160\u012b krimin\u0101latbild\u012bbas uzs\u0101k\u0161ana ir tie\u0161i saist\u012bta ar politi\u0137a izteikumiem 5. j\u016bnij\u0101 notiku\u0161aj\u0101 Saeimas s\u0113d\u0113, k\u0101 ar\u012b vi\u0146a cit\u0101m nesenaj\u0101m aktivit\u0101t\u0113m.<\/p>\n<p>VDD jau iepriek\u0161 ir veicis prevent\u012bvas p\u0101rrunas ar partijas \u201cStabilit\u0101tei!\u201d l\u012bderi, br\u012bdinot par paredzamo krimin\u0101latbild\u012bbu, ja vi\u0146\u0161 turpin\u0101s paust nacion\u0101l\u0101 naida kurin\u0101\u0161anu. Neraugoties uz to, dienests turpina izmekl\u0113\u0161anu, un \u0161obr\u012bd Ros\u013cikovam ir piem\u0113rots aizdom\u0101s tur\u0113t\u0101 statuss.<\/p>\n<p>Krimin\u0101lprocesa aizs\u0101kums un izmekl\u0113\u0161anas gaita<\/p>\n<p>Krimin\u0101lprocess pret Ros\u013cikovu tika ierosin\u0101ts 2025. gada j\u016bnij\u0101. Dienesta v\u0113rt\u0113jum\u0101, politi\u0137a darb\u012bb\u0101s saskat\u0101mas paz\u012bmes par iesp\u0113jamiem noziedz\u012bgiem nodar\u012bjumiem, kas var\u0113tu b\u016bt saist\u012bti gan ar pal\u012bdz\u012bbas snieg\u0161anu agresorvalstij Krievijai, gan ar naida izrais\u012b\u0161anu. \u0160\u012b gad\u012bjuma b\u016btisk\u0101kais pav\u0113rsiens bija Ros\u013cikova uzst\u0101\u0161an\u0101s Saeimas s\u0113d\u0113 5. j\u016bnij\u0101. Diskusiju laik\u0101 par padomju okup\u0101cijas re\u017e\u012bma \u012bstenoto rusifik\u0101ciju un t\u0101s lingvistisko seku nov\u0113r\u0161anu, Ros\u013cikovs no Saeimas trib\u012bnes paaugstin\u0101t\u0101 balss ton\u012b iest\u0101j\u0101s pret deklar\u0101ciju. Vi\u0146\u0161 pau\u017eot maldino\u0161u inform\u0101ciju par t\u0101s m\u0113r\u0137i, apgalvojot, ka deklar\u0101cija paredz piln\u012bgu krievu valodas aizliegumu publiskaj\u0101 telp\u0101 un m\u0101jsaimniec\u012bb\u0101s. Ros\u013cikovs ar\u012b izteica citus manipulat\u012bvus apgalvojumus, kas v\u0113rsti uz neapmierin\u0101t\u012bbas un protesta noska\u0146ojuma veicin\u0101\u0161anu Latvijas krievvalod\u012bgo vid\u016b pret Latvijas valsti un latvie\u0161u tautu. Sav\u0101 uzrun\u0101 vi\u0146\u0161 uzsv\u0113ra krievvalod\u012bgo noz\u012bmi valsts att\u012bst\u012bb\u0101 un uzdeva retoriskus jaut\u0101jumus par iesp\u0113jamiem n\u0101kotnes ierobe\u017eojumiem. Uzrunas nosl\u0113gum\u0101 vi\u0146\u0161 krieviski iesauc\u0101s: \u201cM\u0113s esam vair\u0101k! Krievu valoda \u2013 m\u016bsu valoda!\u201d un demonstr\u0113ja rupju \u017eestu. Par \u0161o r\u012bc\u012bbu vi\u0146\u0161 tika izsl\u0113gts no Saeimas s\u0113des.<\/p>\n<p>P\u0113c \u0161\u012b incidenta, 16. j\u016bnij\u0101, VDD aiztur\u0113ja un nopratin\u0101ja Ros\u013cikovu, veicot ar\u012b procesu\u0101l\u0101s darb\u012bbas vair\u0101kos ar politi\u0137i saist\u012btos objektos, tostarp veicot krat\u012b\u0161anu pie vi\u0146a un vi\u0146a automa\u0161\u012bn\u0101. Ros\u013cikovam tika piem\u0113rots aizdom\u0101s tur\u0113t\u0101 statuss un dro\u0161\u012bbas l\u012bdzek\u013ci, kas neparedz br\u012bv\u012bbas at\u0146em\u0161anu, tostarp liegums izbraukt no valsts.<\/p>\n<p>At\u0161\u0137ir\u012bgie viedok\u013ci un partijas \u201cStabilit\u0101tei!\u201d apgalvojumi<\/p>\n<p>Partija \u201cStabilit\u0101tei!\u201d publiski izplat\u012bja pazi\u0146ojumu, kur\u0101 apgalvoja, ka VDD ir piln\u012bb\u0101 attaisnojis Alekseju Ros\u013cikovu aps\u016bdz\u012bb\u0101s par pal\u012bdz\u012bbas snieg\u0161anu Krievijai. Partija nor\u0101d\u012bja, ka veikt\u0101s krat\u012b\u0161anas nav sniegu\u0161as apstiprin\u0101jumu Ros\u013cikova sadarb\u012bbai ar Krieviju. Tom\u0113r VDD kategoriski noliedza \u0161\u0101du inform\u0101ciju, apliecinot, ka dienests patlaban turpina izmekl\u0113\u0161anu 9. j\u016bnij\u0101 s\u0101ktaj\u0101 krimin\u0101lproces\u0101. Dienests patlaban pla\u0161\u0101kus koment\u0101rus nesniedz, l\u012bdz ar to nav zin\u0101ms, vai VDD v\u0113l inkrimin\u0113 Ros\u013cikovam ar\u012b pal\u012bdz\u012bbas snieg\u0161anu agresorvalstij.<\/p>\n<p>Aleksejs Ros\u013cikovs pats uzskata, ka lieta pret vi\u0146u ir politiski motiv\u0113ts pas\u016bt\u012bjums un ka t\u0101 izirst, jo no t\u0101s pazudusi sada\u013ca par iesp\u0113jamo sadarb\u012bbu ar Krieviju, kas, p\u0113c vi\u0146a teikt\u0101, bijis \u201csmag\u0101kais pants\u201d. Vi\u0146\u0161 ar\u012b paredz, ka vi\u0146am var\u0113tu piespriest 25 gadu cietumsodu par to, ka vi\u0146\u0161 aizst\u0101v krievus un krievu valodu. Vi\u0146a partijas biedrs, R\u012bgas domes deput\u0101ts Jakovs Pliners, aizst\u0101v Ros\u013cikovu, pau\u017eot viedokli, ka Latvijai \u0161\u012b situ\u0101cija ir pazemojo\u0161a un netaisn\u012bga.<\/p>\n<p>VDD nost\u0101ja un turpm\u0101kie so\u013ci<\/p>\n<p>Valsts dro\u0161\u012bbas dienests (VDD) uzsver, ka neviena persona netiek uzskat\u012bta par vain\u012bgu, kam\u0113r t\u0101s vaina nav likum\u0101 noteiktaj\u0101 k\u0101rt\u012bb\u0101 konstat\u0113ta. VDD turpin\u0101s izmekl\u0113\u0161anu un sniegs papildu inform\u0101ciju atbilsto\u0161i krimin\u0101lprocesa virz\u012bbai. Pa\u0161reiz\u0113jais statuss ir aizdom\u0101s tur\u0113tais, un galvenais uzsvars izmekl\u0113\u0161an\u0101 tiek likts uz darb\u012bbu, kas v\u0113rsta uz nacion\u0101l\u0101 un etnisk\u0101 naida un nesatic\u012bbas izrais\u012b\u0161anu, ko veikusi valsts amatpersona.<\/p>\n","protected":false},"excerpt":{"rendered":"Ros\u013cikova lieta: VDD skaidrojumi un pa\u0161reiz\u0113j\u0101 izmekl\u0113\u0161anas situ\u0101cija Valsts dro\u0161\u012bbas dienests (VDD) ir uzs\u0101cis krimin\u0101lprocesu pret Saeimas deput\u0101tu&hellip;\n","protected":false},"author":2,"featured_media":50398,"comment_status":"","ping_status":"","sticky":false,"template":"","format":"standard","meta":{"footnotes":""},"categories":[5],"tags":[23,6576,28,29,32,33,22,30,31,35,39,38,36,37,34,40,13783,20,26,27,13781,24,25,12596,13782,21],"class_list":{"0":"post-50397","1":"post","2":"type-post","3":"status-publish","4":"format-standard","5":"has-post-thumbnail","7":"category-aktualitates","8":"tag-aktualitates","9":"tag-aleksejs-roslikovs","10":"tag-breaking-news","11":"tag-breakingnews","12":"tag-featured-news","13":"tag-featurednews","14":"tag-headlines","15":"tag-latest-news","16":"tag-latestnews","17":"tag-latvia","18":"tag-latvian","19":"tag-latviesu","20":"tag-latviesu-valoda","21":"tag-latviesuvaloda","22":"tag-latvija","23":"tag-lv","24":"tag-naida-runa","25":"tag-news","26":"tag-popularakas-zinas","27":"tag-popularakaszinas","28":"tag-roslikova-lieta","29":"tag-top-stories","30":"tag-topstories","31":"tag-valsts-drosiba","32":"tag-vdd-izmeklesana","33":"tag-zinas"},"share_on_mastodon":{"url":"https:\/\/pubeurope.com\/@lv\/115556981472958967","error":""},"_links":{"self":[{"href":"https:\/\/www.europesays.com\/lv\/wp-json\/wp\/v2\/posts\/50397","targetHints":{"allow":["GET"]}}],"collection":[{"href":"https:\/\/www.europesays.com\/lv\/wp-json\/wp\/v2\/posts"}],"about":[{"href":"https:\/\/www.europesays.com\/lv\/wp-json\/wp\/v2\/types\/post"}],"author":[{"embeddable":true,"href":"https:\/\/www.europesays.com\/lv\/wp-json\/wp\/v2\/users\/2"}],"replies":[{"embeddable":true,"href":"https:\/\/www.europesays.com\/lv\/wp-json\/wp\/v2\/comments?post=50397"}],"version-history":[{"count":0,"href":"https:\/\/www.europesays.com\/lv\/wp-json\/wp\/v2\/posts\/50397\/revisions"}],"wp:featuredmedia":[{"embeddable":true,"href":"https:\/\/www.europesays.com\/lv\/wp-json\/wp\/v2\/media\/50398"}],"wp:attachment":[{"href":"https:\/\/www.europesays.com\/lv\/wp-json\/wp\/v2\/media?parent=50397"}],"wp:term":[{"taxonomy":"category","embeddable":true,"href":"https:\/\/www.europesays.com\/lv\/wp-json\/wp\/v2\/categories?post=50397"},{"taxonomy":"post_tag","embeddable":true,"href":"https:\/\/www.europesays.com\/lv\/wp-json\/wp\/v2\/tags?post=50397"}],"curies":[{"name":"wp","href":"https:\/\/api.w.org\/{rel}","templated":true}]}}