{"id":50420,"date":"2025-11-16T04:13:13","date_gmt":"2025-11-16T04:13:13","guid":{"rendered":"https:\/\/www.europesays.com\/lv\/50420\/"},"modified":"2025-11-16T04:13:13","modified_gmt":"2025-11-16T04:13:13","slug":"uz-latvijas-kinoekraniem-nonak-juakima-trira-kannu-godalgots-darbs-sentimentala-vertiba-lente-lv","status":"publish","type":"post","link":"https:\/\/www.europesays.com\/lv\/50420\/","title":{"rendered":"Uz Latvijas kinoekr\u0101niem non\u0101k J\u016bakima Tr\u012bra Kannu godalgots darbs &#8220;Sentiment\u0101la V\u0113rt\u012bba&#8221;\u00a0\u2014\u00a0Lente.lv"},"content":{"rendered":"<p>Jaunums Latvijas Kinote\u0101tros: J\u016bakima Tr\u012bra Filma &#8220;Sentiment\u0101la V\u0113rt\u012bba&#8221; Ienirst \u0122imenes Sare\u017e\u0123\u012btaj\u0101s L\u012bnij\u0101s<\/p>\n<p>Uz Latvijas kinoekr\u0101niem non\u0101k viena no gaid\u012bt\u0101kaj\u0101m Eiropas film\u0101m \u2013 norv\u0113\u0123u re\u017eisora J\u016bakima Tr\u012bra jaun\u0101kais darbs &#8220;Sentiment\u0101la v\u0113rt\u012bba&#8221; (Sentimental Value). \u0160is darbs, kas jau ieguvis iev\u0113rojamu atzin\u012bbu, tostarp &#8220;Grand Prix&#8221; Kannu kinofestiv\u0101l\u0101, sola aizraujo\u0161u st\u0101stu, kas prasm\u012bgi apvieno dr\u0101mas un kom\u0113dijas elementus, p\u0113tot cilv\u0113cisk\u0101s attiec\u012bbas un m\u0101kslas pasaules aizkulises.<\/p>\n<p>Atgrie\u0161an\u0101s Pie Sakn\u0113m: Pazudu\u0161ais T\u0113vs un Vi\u0146a Kino Sap\u0146i<\/p>\n<p>Filmas centr\u0101 ir m\u0101sas Nora un Agnese, kuras p\u0113c savas m\u0101tes n\u0101ves no jauna sastopas ar savu atsve\u0161in\u0101to t\u0113vu, harizm\u0101tisko Gustavu. Gustavs, reiz slavens kinore\u017eisors, tagad cer uz jaunu karjeras uzplaukumu, uzrakstot scen\u0101riju un pied\u0101v\u0101jot Norai, te\u0101tra aktrisei, galveno lomu sav\u0101 jaunaj\u0101 projekt\u0101. \u0160is pied\u0101v\u0101jums k\u013c\u016bst par aizs\u0101kumu dzi\u013ciem \u0123imenes p\u0101rdz\u012bvojumiem un atkl\u0101sm\u0113m. Norai atsakoties, Gustavs lomu uztic talant\u012bgai jaunai Holivudas aktrisei, kas v\u0113l vair\u0101k sare\u017e\u0123\u012b situ\u0101ciju.<\/p>\n<blockquote>\n<p>M\u0101s\u0101m n\u0101kas ne tikai risin\u0101t komplic\u0113t\u0101s attiec\u012bbas ar t\u0113vu, bet ar\u012b tikt gal\u0101 ar amerik\u0101\u0146u zvaigzni, kas non\u0101kusi sare\u017e\u0123\u012bto \u0123imenes attiec\u012bbu vid\u016b. Tas ir st\u0101sts par piedo\u0161anu, sapratni un m\u012blest\u012bbu, kas vienm\u0113r atrod ce\u013cu, pat visneiedom\u0101jam\u0101k\u0101s situ\u0101cij\u0101s.<\/p>\n<\/blockquote>\n<p>Re\u017eisora Tr\u012bra Rakstur\u012bgais Rokraksts: Ironija, Dr\u0101ma un Cilv\u0113c\u012bba<\/p>\n<p>J\u016bakims Tr\u012brs, kur\u0161 iepriek\u0161 sevi pieteica ar aizkustino\u0161o dr\u0101mu &#8220;Oslo, 31. augusts&#8221; un pasaules slavu guvu\u0161ajai aktrisei Ren\u0101tei Reinsvei atnesu\u0161o lomu film\u0101 &#8220;Pasaul\u0113 slikt\u0101kais cilv\u0113ks&#8221;, ar\u012b &#8220;Sentiment\u0101l\u0101 v\u0113rt\u012bb\u0101&#8221; demonstr\u0113 savu unik\u0101lo stilu. Vi\u0146a darbiem rakstur\u012bg\u0101 psiholo\u0123isk\u0101 dzi\u013cums, smalk\u0101 ironija un sp\u0113ja atkl\u0101t cilv\u0113cisko attiec\u012bbu sare\u017e\u0123\u012bt\u012bbu ir j\u016btama ar\u012b \u0161aj\u0101 film\u0101. Tr\u012bra filmas bie\u017ei vien ir k\u0101 spogulis sabiedr\u012bbai, liekot skat\u012bt\u0101jiem aizdom\u0101ties par sav\u0101m v\u0113rt\u012bb\u0101m un dz\u012bves izv\u0113l\u0113m. Vi\u0146a kinodarbi ir pal\u012bdz\u0113ju\u0161i likt Norv\u0113\u0123iju uz laikmet\u012bg\u0101 kino pasaules kartes, apliecinot valsts kult\u016bras bag\u0101t\u012bbu.<\/p>\n<p>Starptautisks Ansamblis un Ieskats Kino Industri\u0101l\u0101s Aizkulis\u0113s<\/p>\n<p>Galvenaj\u0101s lom\u0101s film\u0101 redzami talant\u012bgi aktieri, tostarp Ren\u0101te Reinsve, Stellans Skarsg\u0101rds, Inga Ibsdotera Lille\u0101sa un Elle Fanning. Filma tapusi k\u0101 starptautisks kopra\u017eojums, apliecinot t\u0101s glob\u0101lo noz\u012bm\u012bgumu. &#8220;Sentiment\u0101la v\u0113rt\u012bba&#8221; meistariski savij kino industrijas aizkulises ar dzi\u013ciem p\u0101rspriedumiem par \u0123imenes sait\u0113m, pied\u0101v\u0101jot gan vesel\u012bgu ironiju, gan emocion\u0101lu dzi\u013cumu. T\u0101 ir ne tikai \u0123imenes dr\u0101ma, bet ar\u012b intri\u0123\u0113jo\u0161s ieskats m\u0101kslas pasaules un rado\u0161\u0101 procesa izaicin\u0101jumos.<\/p>\n<p>V\u0113rt\u012bgs Ieguld\u012bjums Eiropas Kino Kanon\u0101<\/p>\n<p>\u0160\u012b filma tiek uzskat\u012bta par vienu no gada svar\u012bg\u0101kaj\u0101m Eiropas film\u0101m, un t\u0101s pan\u0101kumi Kannu kinofestiv\u0101l\u0101 ir apliecin\u0101jums t\u0101s augstajai m\u0101kslinieciskajai v\u0113rt\u012bbai. T\u0101 ir potenci\u0101la kandid\u0101te ar\u012b presti\u017eaj\u0101m kino balv\u0101m. &#8220;Sentiment\u0101la v\u0113rt\u012bba&#8221; ir vair\u0101k nek\u0101 tikai filma; t\u0101 ir p\u0101rdomu rosino\u0161s ce\u013cojums cilv\u0113cisk\u0101s dv\u0113seles labirintos, kas neap\u0161aub\u0101mi atst\u0101s dzi\u013cu iespaidu uz skat\u012bt\u0101jiem.<\/p>\n","protected":false},"excerpt":{"rendered":"Jaunums Latvijas Kinote\u0101tros: J\u016bakima Tr\u012bra Filma &#8220;Sentiment\u0101la V\u0113rt\u012bba&#8221; Ienirst \u0122imenes Sare\u017e\u0123\u012btaj\u0101s L\u012bnij\u0101s Uz Latvijas kinoekr\u0101niem non\u0101k viena no&hellip;\n","protected":false},"author":2,"featured_media":50421,"comment_status":"","ping_status":"","sticky":false,"template":"","format":"standard","meta":{"footnotes":""},"categories":[19],"tags":[89,13790,90,13788,3686,35,39,38,36,37,34,100,40,13789],"class_list":{"0":"post-50420","1":"post","2":"type-post","3":"status-publish","4":"format-standard","5":"has-post-thumbnail","7":"category-izklaide","8":"tag-entertainment","9":"tag-gimenes-drama","10":"tag-izklaide","11":"tag-juakims-trirs","12":"tag-kannu-kinofestivals","13":"tag-latvia","14":"tag-latvian","15":"tag-latviesu","16":"tag-latviesu-valoda","17":"tag-latviesuvaloda","18":"tag-latvija","19":"tag-latvijas-kino","20":"tag-lv","21":"tag-sentimentala-vertiba"},"share_on_mastodon":{"url":"https:\/\/pubeurope.com\/@lv\/115557433590699012","error":""},"_links":{"self":[{"href":"https:\/\/www.europesays.com\/lv\/wp-json\/wp\/v2\/posts\/50420","targetHints":{"allow":["GET"]}}],"collection":[{"href":"https:\/\/www.europesays.com\/lv\/wp-json\/wp\/v2\/posts"}],"about":[{"href":"https:\/\/www.europesays.com\/lv\/wp-json\/wp\/v2\/types\/post"}],"author":[{"embeddable":true,"href":"https:\/\/www.europesays.com\/lv\/wp-json\/wp\/v2\/users\/2"}],"replies":[{"embeddable":true,"href":"https:\/\/www.europesays.com\/lv\/wp-json\/wp\/v2\/comments?post=50420"}],"version-history":[{"count":0,"href":"https:\/\/www.europesays.com\/lv\/wp-json\/wp\/v2\/posts\/50420\/revisions"}],"wp:featuredmedia":[{"embeddable":true,"href":"https:\/\/www.europesays.com\/lv\/wp-json\/wp\/v2\/media\/50421"}],"wp:attachment":[{"href":"https:\/\/www.europesays.com\/lv\/wp-json\/wp\/v2\/media?parent=50420"}],"wp:term":[{"taxonomy":"category","embeddable":true,"href":"https:\/\/www.europesays.com\/lv\/wp-json\/wp\/v2\/categories?post=50420"},{"taxonomy":"post_tag","embeddable":true,"href":"https:\/\/www.europesays.com\/lv\/wp-json\/wp\/v2\/tags?post=50420"}],"curies":[{"name":"wp","href":"https:\/\/api.w.org\/{rel}","templated":true}]}}