{"id":50430,"date":"2025-11-16T04:37:10","date_gmt":"2025-11-16T04:37:10","guid":{"rendered":"https:\/\/www.europesays.com\/lv\/50430\/"},"modified":"2025-11-16T04:37:10","modified_gmt":"2025-11-16T04:37:10","slug":"lai-vinas-liktenis-butu-viegls-un-laimes-parpilns","status":"publish","type":"post","link":"https:\/\/www.europesays.com\/lv\/50430\/","title":{"rendered":"lai vi\u0146as liktenis b\u016btu viegls un laimes p\u0101rpilns"},"content":{"rendered":"<p>        <img loading=\"lazy\" decoding=\"async\" class=\"lazy lazy-hidden size-full wp-image-221651\" src=\"data:image\/gif;base64,R0lGODlhAQABAIAAAAAAAP\/\/\/yH5BAEAAAAALAAAAAABAAEAAAIBRAA7\" data-lazy-type=\"image\" data-lazy-src=\"https:\/\/www.europesays.com\/lv\/wp-content\/uploads\/2025\/11\/ChatGPT-Image-2025.-g.-15.-nov.-20_11_58.jpg\" alt=\"\" width=\"818\" height=\"545\" data-lazy- data-lazy-\/>Foto \u2013 AI<\/p>\n<p>Katram v\u0101rdam piem\u012bt sp\u0113c\u012bga ener\u0123ija, kas piesaista da\u017e\u0101das \u012bpa\u0161\u012bbas un pie\u0161\u0137ir talantus. K\u0101 ar\u012b \u2013 katram m\u0113nesim un gadalaikam ir savs veiksmes v\u0101rds. <\/p>\n<p>\u0160oreiz, apkopojot numerologu un ezot\u0113rikas ekspertu padomus, parun\u0101sim par tiem v\u0101rdiem, kurus vajadz\u0113tu iedot meiten\u0113m, kas n\u0101ks pasaul\u0113 \u0161\u012b gada decembr\u012b. \u0160ie v\u0101rdi piesaist\u012bts veiksmi vi\u0146\u0101m t\u0101l\u0101kaj\u0101 dz\u012bv\u0113. Eksperti uzsver, ka \u0161ie v\u0101rdi piesaista mieru, m\u012blest\u012bbu un rimtu dz\u012bves g\u0101jumu. Ar \u0161iem v\u0101rdiem meiten\u0113m b\u016bs laim\u012bga dz\u012bve.<\/p>\n<p><img loading=\"lazy\" decoding=\"async\" class=\"lazy lazy-hidden size-full wp-image-207757\" src=\"data:image\/gif;base64,R0lGODlhAQABAIAAAAAAAP\/\/\/yH5BAEAAAAALAAAAAABAAEAAAIBRAA7\" data-lazy-type=\"image\" data-lazy-src=\"https:\/\/www.europesays.com\/lv\/wp-content\/uploads\/2025\/11\/baby-7388056_1280.jpg\" alt=\"\" width=\"818\" height=\"545\" data-lazy- data-lazy-\/>Foto \u2013 Pixabay<br \/>\nLaim\u012bgie meite\u0146u v\u0101rdi 2025. gada decembrim<\/p>\n<p>Anna. \u0160is v\u0101rds decembr\u012b dzimu\u0161ai meitenei ir k\u0101 silta svece ziemas vakar\u0101 \u2014 r\u0101ms, uzticams un \u0123imenes laimi piesaisto\u0161s. Annas parasti izveido stipru, mier\u012bgu dz\u012bvi un pievelk tos cilv\u0113kus, kuri prot vi\u0146u m\u012bl\u0113t bez nosac\u012bjumiem.<\/p>\n<p>Elizabete. C\u0113ls un gai\u0161s v\u0101rds, kas decembr\u012b dzimu\u0161ai meitenei pie\u0161\u0137irs harizmu un p\u0101rliec\u012bbu. Elizabetes parasti sp\u0113j piesaist\u012bt sav\u0101 dz\u012bv\u0113 da\u017e\u0101das iesp\u0113jas un cilv\u0113kus, kas vi\u0146\u0101s redz kaut ko \u201ct\u0101du, ko citi neredz\u201d. Veiksme vi\u0146\u0101m seko pa p\u0113d\u0101m.<\/p>\n<p>Viktorija. V\u0101rds ar uzvaras gar\u0161u. Viktorijas ir dro\u0161as, rado\u0161as un bie\u017ei vien kust\u012bb\u0101 \u2014 ce\u013c\u0101 uz m\u0113r\u0137i vai vienk\u0101r\u0161i jau n\u0101kamaj\u0101 piedz\u012bvojum\u0101. Dzim\u0161anas dienas Viktorij\u0101m decembr\u012b sola ne tikai veiksmi, bet ar\u012b siltu cilv\u0113ku kl\u0101tb\u016btni un d\u0101snus dz\u012bves pav\u0113rsienus.<\/p>\n<p>\n&#13;<br \/>\n&#13;<br \/>\n&#13;<br \/>\n&#13;<br \/>\nVIDEO: &#13;<br \/>\n &#13;<\/p>\n<p><img loading=\"lazy\" decoding=\"async\" class=\"lazy lazy-hidden size-full wp-image-198431\" src=\"data:image\/gif;base64,R0lGODlhAQABAIAAAAAAAP\/\/\/yH5BAEAAAAALAAAAAABAAEAAAIBRAA7\" data-lazy-type=\"image\" data-lazy-src=\"https:\/\/www.europesays.com\/lv\/wp-content\/uploads\/2025\/11\/baby-7852589_1280.jpg\" alt=\"\" width=\"818\" height=\"545\" data-lazy- data-lazy-\/>Foto \u2013 Pixabay<\/p>\n<p>Elza. \u0160is v\u0101rds decembra meitenei pie\u0161\u0137ir vieglumu, iedvesmu un zin\u0101mu nosl\u0113pumain\u012bbu. Elzas parasti ir spilgtas person\u012bbas, kur\u0101m veicas gan ar cilv\u0113kiem, kas ir vi\u0146u dz\u012bv\u0113, gan ar\u012b darbos. Vi\u0146as bie\u017ei k\u013c\u016bst par t\u0101m, kuras citi iev\u0113ro pirm\u0101s un nekad neaizmirst.<\/p>\n<p>Lasi v\u0113l:\u00a0<a style=\"color: #ff0000;\" href=\"https:\/\/dzentlmenis.lv\/es-varetu-but-siksnulis-latviesu-talantigais-dziedatajs-ieknabj-daziem-populariem-latviesu-muzikiem-video\/201134\/\" target=\"_blank\" rel=\"noopener nofollow\">\u201cEs var\u0113tu b\u016bt Siksnulis!\u201d: latvie\u0161u talant\u012bgais dzied\u0101t\u0101js \u201ciekn\u0101bj\u201d da\u017eiem popul\u0101riem latvie\u0161u m\u016bzi\u0137iem (+ VIDEO)<\/a><\/p>\n<p>Ol\u012bvija. V\u0101rds ar br\u012bvdom\u012bbas, intelekta un talanta piesitienu. Olivijas nepadodas pat tad, kad par\u0101d\u0101s iemesli padoties. Decembrim rakstur\u012bg\u0101 ener\u0123ija vi\u0146\u0101s pastiprina amb\u012bcijas un sp\u0113ju pa\u0161\u0101m rad\u012bt savas iesp\u0113jas. L\u012bder\u012bba n\u0101k k\u0101 \u201cblakus efekts\u201d.<\/p>\n<p>L\u012bva. \u0160is ir v\u0101rds, kas decembr\u012b dzimu\u0161ai meitenei pie\u0161\u0137ir dz\u012bv\u012bgumu un azartu. L\u012bvas parasti piedzimst ar dab\u012bgu talantu tikt gal\u0101 ar haosu \u2014 sav\u0113jo un pat citu. Liktenis vi\u0146\u0101m bie\u017ei atver durvis, kuras \u0161\u0137ita aizsl\u0113gtas vai visp\u0101r neeksist\u0113jo\u0161as.<\/p>\n<p><img loading=\"lazy\" decoding=\"async\" class=\"lazy lazy-hidden size-full wp-image-150284\" src=\"data:image\/gif;base64,R0lGODlhAQABAIAAAAAAAP\/\/\/yH5BAEAAAAALAAAAAABAAEAAAIBRAA7\" data-lazy-type=\"image\" data-lazy-src=\"https:\/\/www.europesays.com\/lv\/wp-content\/uploads\/2025\/11\/baby-933097_1280.jpg\" alt=\"\" width=\"818\" height=\"578\" data-lazy- data-lazy-\/>Foto \u2013 Pixabay<\/p>\n<p>Austra. Senlatvisks un sp\u0113c\u012bgs v\u0101rds. Decembr\u012b dzimusi Austra izstaro gaismu pat tad, kad apk\u0101rt\u0113jie v\u0113l tikai mekl\u0113 sl\u0113dzi. Austru dz\u012bv\u0113 parasti ien\u0101k cilv\u0113ki, kas nov\u0113rt\u0113 dzi\u013cumu un stabilit\u0101ti, bet liktenis vi\u0146\u0101m m\u0113dz dot ar\u012b negaid\u012bti lielus, sarkan\u0101 lent\u0113 iesietus p\u0101rsteigumus \u2013 vislab\u0101k\u0101s d\u0101vanas.<\/p>\n<p>Laima. Nosaukta par godu pa\u0161ai veiksmes dievietei \u2014 ko te v\u0113l piebilst? Laimas decembr\u012b piedzimst ar saj\u016btu, ka \u201cvisam dz\u012bv\u0113 ir j\u0101izdodas\u201d, un parasti tie\u0161i t\u0101 ar\u012b tas notiek. Vi\u0146as m\u012bl br\u012bv\u012bbu, fiksas idejas un iesp\u0113jas, kas citiem var likties riskantas, bet vi\u0146\u0101m \u2014 vienk\u0101r\u0161i \u201cj\u0101pam\u0113\u0123ina\u201d.<\/p>\n","protected":false},"excerpt":{"rendered":"Foto \u2013 AI Katram v\u0101rdam piem\u012bt sp\u0113c\u012bga ener\u0123ija, kas piesaista da\u017e\u0101das \u012bpa\u0161\u012bbas un pie\u0161\u0137ir talantus. K\u0101 ar\u012b \u2013&hellip;\n","protected":false},"author":2,"featured_media":50431,"comment_status":"","ping_status":"","sticky":false,"template":"","format":"standard","meta":{"footnotes":""},"categories":[19],"tags":[89,90,35,39,38,36,37,34,40,13793,11244,13794],"class_list":{"0":"post-50430","1":"post","2":"type-post","3":"status-publish","4":"format-standard","5":"has-post-thumbnail","7":"category-izklaide","8":"tag-entertainment","9":"tag-izklaide","10":"tag-latvia","11":"tag-latvian","12":"tag-latviesu","13":"tag-latviesu-valoda","14":"tag-latviesuvaloda","15":"tag-latvija","16":"tag-lv","17":"tag-sieviesu-vardi","18":"tag-varda-diena","19":"tag-vardu-nozime"},"share_on_mastodon":{"url":"https:\/\/pubeurope.com\/@lv\/115557527874048079","error":""},"_links":{"self":[{"href":"https:\/\/www.europesays.com\/lv\/wp-json\/wp\/v2\/posts\/50430","targetHints":{"allow":["GET"]}}],"collection":[{"href":"https:\/\/www.europesays.com\/lv\/wp-json\/wp\/v2\/posts"}],"about":[{"href":"https:\/\/www.europesays.com\/lv\/wp-json\/wp\/v2\/types\/post"}],"author":[{"embeddable":true,"href":"https:\/\/www.europesays.com\/lv\/wp-json\/wp\/v2\/users\/2"}],"replies":[{"embeddable":true,"href":"https:\/\/www.europesays.com\/lv\/wp-json\/wp\/v2\/comments?post=50430"}],"version-history":[{"count":0,"href":"https:\/\/www.europesays.com\/lv\/wp-json\/wp\/v2\/posts\/50430\/revisions"}],"wp:featuredmedia":[{"embeddable":true,"href":"https:\/\/www.europesays.com\/lv\/wp-json\/wp\/v2\/media\/50431"}],"wp:attachment":[{"href":"https:\/\/www.europesays.com\/lv\/wp-json\/wp\/v2\/media?parent=50430"}],"wp:term":[{"taxonomy":"category","embeddable":true,"href":"https:\/\/www.europesays.com\/lv\/wp-json\/wp\/v2\/categories?post=50430"},{"taxonomy":"post_tag","embeddable":true,"href":"https:\/\/www.europesays.com\/lv\/wp-json\/wp\/v2\/tags?post=50430"}],"curies":[{"name":"wp","href":"https:\/\/api.w.org\/{rel}","templated":true}]}}