{"id":5044,"date":"2025-09-25T20:32:07","date_gmt":"2025-09-25T20:32:07","guid":{"rendered":"https:\/\/www.europesays.com\/lv\/5044\/"},"modified":"2025-09-25T20:32:07","modified_gmt":"2025-09-25T20:32:07","slug":"vilmanis-ar-panthers-trenejas-pamatgrupa","status":"publish","type":"post","link":"https:\/\/www.europesays.com\/lv\/5044\/","title":{"rendered":"Vilmanis ar &#8220;Panthers&#8221; tren\u0113jas pamatgrup\u0101"},"content":{"rendered":"<p>Vilmanis pag\u0101ju\u0161\u0101s ned\u0113\u013cas Floridas &#8220;Panthers&#8221; n\u0101kotnes sp\u0113l\u0113t\u0101ju ma\u010d\u0101 guva v\u0101rtus, ta\u010du pirm\u0101 perioda beig\u0101s p\u0113c izr\u0101viena ietriec\u0101s bort\u0101 un p\u0113c tam sp\u0113l\u0113 vairs neatgriez\u0101s, &#8220;Panthers&#8221; ar 6:1 p\u0101rsp\u0113jot Ne\u0161vilas &#8220;Predators&#8221; n\u0101kotnes rezervju vien\u012bbu.<\/p>\n<p>Otrdien tika zi\u0146ots, ka Vilmanis treni\u0146nometn\u0113 ir atgriezies dzelten\u0101 bezkontakta krekl\u0101.<\/p>\n<p>&#8220;Vilmanis gai\u0161i zil\u0101 form\u0101 ar\u012b tren\u0113jas pamatgrup\u0101,&#8221; zi\u0146o Makf\u012brsons.<\/p>\n<p>21 gadu vecais Vilmanis iepriek\u0161\u0113j\u0101 sezon\u0101 debit\u0113ja Amerikas Hokeja l\u012bg\u0101 (AHL), \u0160arlotas &#8220;Checkers&#8221; rind\u0101s 61 pamatturn\u012bra sp\u0113l\u0113 sakr\u0101jot 27 punktus (9+18), bet 11 izsl\u0113g\u0161anas turn\u012bra ma\u010dos &#8211; septi\u0146us punktus (3+4).<\/p>\n<p>Makf\u012brsons zi\u0146o, ka treni\u0146a vid\u016b lab\u0101s k\u0101jas savainojuma d\u0113\u013c laukumu pameta ar &#8220;Panthers&#8221; kapteinis Aleksandrs Barkovs. Vi\u0146am no ledus noslidot pal\u012bdz\u0113ja divi apkalpojo\u0161\u0101 person\u0101la darbinieki.<\/p>\n<p>Kluba galvenais treneris Pols Moriss sac\u012bja, ka Barkova vesel\u012bbas st\u0101voklim tiek sekots l\u012bdzi, un piektdien situ\u0101cijai vajadz\u0113tu b\u016bt skaidr\u0101kai.<\/p>\n<blockquote class=\"twitter-tweet\">\n<p lang=\"en\" dir=\"ltr\">NEWS: <a href=\"https:\/\/twitter.com\/hashtag\/FlaPanthers?src=hash&amp;ref_src=twsrc%5Etfw\" rel=\"nofollow noopener\" target=\"_blank\">#FlaPanthers<\/a> captain Aleksander Barkov left midway through practice with an apparent right leg injury. He was helped off the ice by a pair of staff members.<\/p>\n<p>Paul Maurice said Barkov is still getting looked at and should have more clarity on Friday.<a href=\"https:\/\/t.co\/SwQDzKWEul\" rel=\"nofollow\">https:\/\/t.co\/SwQDzKWEul<\/a><\/p>\n<p>\u2014 Jordan McPherson (@J_McPherson1126) <a href=\"https:\/\/twitter.com\/J_McPherson1126\/status\/1971234880404283618?ref_src=twsrc%5Etfw\" rel=\"nofollow noopener\" target=\"_blank\">September 25, 2025<\/a><\/p><\/blockquote>\n<p><script async src=\"https:\/\/platform.twitter.com\/widgets.js\" charset=\"utf-8\"><\/script><\/p>\n","protected":false},"excerpt":{"rendered":"Vilmanis pag\u0101ju\u0161\u0101s ned\u0113\u013cas Floridas &#8220;Panthers&#8221; n\u0101kotnes sp\u0113l\u0113t\u0101ju ma\u010d\u0101 guva v\u0101rtus, ta\u010du pirm\u0101 perioda beig\u0101s p\u0113c izr\u0101viena ietriec\u0101s bort\u0101&hellip;\n","protected":false},"author":2,"featured_media":3512,"comment_status":"","ping_status":"","sticky":false,"template":"","format":"standard","meta":{"footnotes":""},"categories":[17],"tags":[425,35,39,38,36,37,34,40,2019,835,422,67],"class_list":{"0":"post-5044","1":"post","2":"type-post","3":"status-publish","4":"format-standard","5":"has-post-thumbnail","7":"category-sports","8":"tag-floridas-panthers","9":"tag-latvia","10":"tag-latvian","11":"tag-latviesu","12":"tag-latviesu-valoda","13":"tag-latviesuvaloda","14":"tag-latvija","15":"tag-lv","16":"tag-nesvilas-predators","17":"tag-nhl","18":"tag-sandis-vilmanis","19":"tag-sports"},"share_on_mastodon":{"url":"","error":""},"_links":{"self":[{"href":"https:\/\/www.europesays.com\/lv\/wp-json\/wp\/v2\/posts\/5044","targetHints":{"allow":["GET"]}}],"collection":[{"href":"https:\/\/www.europesays.com\/lv\/wp-json\/wp\/v2\/posts"}],"about":[{"href":"https:\/\/www.europesays.com\/lv\/wp-json\/wp\/v2\/types\/post"}],"author":[{"embeddable":true,"href":"https:\/\/www.europesays.com\/lv\/wp-json\/wp\/v2\/users\/2"}],"replies":[{"embeddable":true,"href":"https:\/\/www.europesays.com\/lv\/wp-json\/wp\/v2\/comments?post=5044"}],"version-history":[{"count":0,"href":"https:\/\/www.europesays.com\/lv\/wp-json\/wp\/v2\/posts\/5044\/revisions"}],"wp:featuredmedia":[{"embeddable":true,"href":"https:\/\/www.europesays.com\/lv\/wp-json\/wp\/v2\/media\/3512"}],"wp:attachment":[{"href":"https:\/\/www.europesays.com\/lv\/wp-json\/wp\/v2\/media?parent=5044"}],"wp:term":[{"taxonomy":"category","embeddable":true,"href":"https:\/\/www.europesays.com\/lv\/wp-json\/wp\/v2\/categories?post=5044"},{"taxonomy":"post_tag","embeddable":true,"href":"https:\/\/www.europesays.com\/lv\/wp-json\/wp\/v2\/tags?post=5044"}],"curies":[{"name":"wp","href":"https:\/\/api.w.org\/{rel}","templated":true}]}}