{"id":50442,"date":"2025-11-16T05:12:07","date_gmt":"2025-11-16T05:12:07","guid":{"rendered":"https:\/\/www.europesays.com\/lv\/50442\/"},"modified":"2025-11-16T05:12:07","modified_gmt":"2025-11-16T05:12:07","slug":"klimata-aktivisti-belema-pieprasa-dzirdamibu-ano-sarunas-cop30-lente-lv","status":"publish","type":"post","link":"https:\/\/www.europesays.com\/lv\/50442\/","title":{"rendered":"Klimata akt\u012bvisti Bel\u0113m\u0101 pieprasa dzirdam\u012bbu ANO sarun\u0101s COP30\u00a0\u2014\u00a0Lente.lv"},"content":{"rendered":"<p>Klimata akt\u012bvisti pieprasa, lai vi\u0146us sadzird;<br \/>demonstr\u0101cijas turpin\u0101s ANO sarun\u0101s COP30<\/p>\n<p>T\u016bksto\u0161iem protest\u0113t\u0101ju atkal dev\u0101s uz ANO klimata konferences COP30 v\u0101rtiem Bel\u0113m\u0101, Braz\u012blij\u0101, mier\u012bg\u0101 konfront\u0101cij\u0101 blo\u0137\u0113jot klimata sarunu norises vietu. Akt\u012bvisti, Braz\u012blijas jaunie\u0161u organiz\u0101cijas un indi\u0101\u0146u kopienas piedal\u012bj\u0101s g\u0101jien\u0101, pieprasot r\u012bc\u012bbu \u0161aj\u0101 iz\u0161\u0137iro\u0161aj\u0101 ANO klimata san\u0101ksm\u0113. Run\u0101jot par klimata p\u0101rmai\u0146u sek\u0101m sav\u0101s m\u012btnes zem\u0113s, akt\u012bvisti no kust\u012bbas &#8220;Fridays for Future&#8221; piepras\u012bja jaunie\u0161u p\u0101rst\u0101vniec\u012bbu ANO sarun\u0101s.<\/p>\n<p>\u0160\u012b bija pirm\u0101 reize tr\u012bs gadu laik\u0101, kad protest\u0113t\u0101jiem tika \u013cauts demonstr\u0113t \u0101rpus ANO klimata sarunu norises vietas. Demonstr\u0101cijas, kas trauc\u0113 sarun\u0101m, notiek konferenc\u0113, kuru organizatori ir pasludin\u0101ju\u0161i k\u0101 dzimt\u0101s tautas sp\u0113cin\u0101\u0161anas un svin\u0113\u0161anas pas\u0101kumu. \u0160oned\u0113\u013c protest\u0113t\u0101ji divas reizes trauc\u0113ja sarunas, aplencot norises vietu, tostarp incident\u0101 otrdien, kur\u0101 divi apsardzes darbinieki guva vieglus savainojumus. Sestdienas g\u0101jiens bija pl\u0101nots t\u0101, lai tas beigtos pirms norises vietas, kur tika pl\u0101nota pilna diena sesiju. Daudzi protest\u0113t\u0101ji baud\u012bja br\u012bv\u012bbu demonstr\u0113t atkl\u0101t\u0101k Bel\u0113m\u0101 nek\u0101 iepriek\u0161\u0113j\u0101s klimata sarun\u0101s, kas notika Azerba\u017e\u0101n\u0101, Apvienotajos Ar\u0101bu Emir\u0101tos un \u0112\u0123ipt\u0113.<\/p>\n<p>\u201cMums, jaunie\u0161iem, kas ir plan\u0113tas mantinieki, tas ir \u013coti nepat\u012bkami,\u201d sac\u012bja Rachelle Junsay no &#8220;Climate Action Philippines&#8221;. \u201cTas m\u016bs dzen \u0101rpr\u0101t\u0101 un dusm\u0101s, jo m\u0113s run\u0101jam par n\u0101kotni.\u201d Vi\u0146a uzsv\u0113ra, ka runa ir par m\u016bsu sugas izdz\u012bvo\u0161anu. \u201cUn tom\u0113r l\u0113mumu pie\u0146\u0113m\u0113ji, kas \u0161odien s\u0113\u017e pie galda, tie, kas ir sarunu pane\u013cos, un tie, kas ir gaisa kondicion\u0113t\u0101s telp\u0101s &#8220;zilaj\u0101s zon\u0101s&#8221;, run\u0101 par cilv\u0113kiem. Ta\u010du pa\u0161i upuri, pa\u0161as kopienas, nav pie galda un nav sarun\u0101s.\u201d<\/p>\n<p>Jaunie\u0161u l\u012bdere Ana Heloisa Alvesa, 27 gadi, sac\u012bja, ka t\u0101 ir liel\u0101k\u0101 klimata g\u0101jiens, kur\u0101 vi\u0146a ir piedal\u012bjusies. \u201cTas ir neticami,\u201d vi\u0146a teica. \u201cJ\u016bs nevarat ignor\u0113t visus \u0161os cilv\u0113kus.\u201d Alvesa bija g\u0101jien\u0101, lai c\u012bn\u012btos par Tapajosas upi, kuru Braz\u012blijas vald\u012bba v\u0113las komerci\u0101li att\u012bst\u012bt. \u201cUpei j\u0101b\u016bt tautai,\u201d v\u0113st\u012bja vi\u0146as grupas plak\u0101ti.<\/p>\n<p>Pablo Neri, organiz\u0101cijas &#8220;Movimento dos Trabalhadores Rurais Sem Terra&#8221; (lauku str\u0101dnieku organiz\u0101cija) koordinators Braz\u012blijas Par\u0101 \u0161tat\u0101, nor\u0101d\u012bja, ka sarunu organizatoriem vajadz\u0113tu iesaist\u012bt vair\u0101k cilv\u0113ku, lai atspogu\u013cotu klimata kust\u012bbu, kas arvien vair\u0101k orient\u0113jas uz pla\u0161u l\u012bdzdal\u012bbu. Klimata sarunas paredz\u0113tas l\u012bdz piektdienai, 21. novembrim, ta\u010du anal\u012bti\u0137i un da\u017ei dal\u012bbnieki prognoz\u0113, ka no \u0161\u012bm sarun\u0101m nav sagaid\u0101mas nek\u0101das lielas jaunas vieno\u0161an\u0101s. Tom\u0113r daudzi cer uz progresu attiec\u012bb\u0101 uz da\u017eiem iepriek\u0161\u0113jiem sol\u012bjumiem, tostarp naudu, lai pal\u012bdz\u0113tu nabadz\u012bgaj\u0101m valst\u012bm piel\u0101goties klimata p\u0101rmai\u0146\u0101m. Amerikas Savienot\u0101s Valstis, kur prezidents Donalds Tramps ir nic\u012bgi izteicies par klimata p\u0101rmai\u0146\u0101m, d\u0113v\u0113jot t\u0101s par bl\u0113d\u012bbu un atsaucoties no 2015. gada Par\u012bzes nol\u012bguma, kas cent\u0101s ierobe\u017eot Zemes sasil\u0161anu, tagad nepiedal\u0101s sarun\u0101s.<\/p>\n","protected":false},"excerpt":{"rendered":"Klimata akt\u012bvisti pieprasa, lai vi\u0146us sadzird;demonstr\u0101cijas turpin\u0101s ANO sarun\u0101s COP30 T\u016bksto\u0161iem protest\u0113t\u0101ju atkal dev\u0101s uz ANO klimata konferences&hellip;\n","protected":false},"author":2,"featured_media":50443,"comment_status":"","ping_status":"","sticky":false,"template":"","format":"standard","meta":{"footnotes":""},"categories":[5],"tags":[23,13800,1408,28,29,12889,32,33,22,3761,13799,30,31,35,39,38,36,37,34,40,20,26,27,24,25,21],"class_list":{"0":"post-50442","1":"post","2":"type-post","3":"status-publish","4":"format-standard","5":"has-post-thumbnail","7":"category-aktualitates","8":"tag-aktualitates","9":"tag-ano-sarunas","10":"tag-brazilija","11":"tag-breaking-news","12":"tag-breakingnews","13":"tag-cop30","14":"tag-featured-news","15":"tag-featurednews","16":"tag-headlines","17":"tag-klimata-parmainas","18":"tag-klimata-protesti","19":"tag-latest-news","20":"tag-latestnews","21":"tag-latvia","22":"tag-latvian","23":"tag-latviesu","24":"tag-latviesu-valoda","25":"tag-latviesuvaloda","26":"tag-latvija","27":"tag-lv","28":"tag-news","29":"tag-popularakas-zinas","30":"tag-popularakaszinas","31":"tag-top-stories","32":"tag-topstories","33":"tag-zinas"},"share_on_mastodon":{"url":"https:\/\/pubeurope.com\/@lv\/115557665528015699","error":""},"_links":{"self":[{"href":"https:\/\/www.europesays.com\/lv\/wp-json\/wp\/v2\/posts\/50442","targetHints":{"allow":["GET"]}}],"collection":[{"href":"https:\/\/www.europesays.com\/lv\/wp-json\/wp\/v2\/posts"}],"about":[{"href":"https:\/\/www.europesays.com\/lv\/wp-json\/wp\/v2\/types\/post"}],"author":[{"embeddable":true,"href":"https:\/\/www.europesays.com\/lv\/wp-json\/wp\/v2\/users\/2"}],"replies":[{"embeddable":true,"href":"https:\/\/www.europesays.com\/lv\/wp-json\/wp\/v2\/comments?post=50442"}],"version-history":[{"count":0,"href":"https:\/\/www.europesays.com\/lv\/wp-json\/wp\/v2\/posts\/50442\/revisions"}],"wp:featuredmedia":[{"embeddable":true,"href":"https:\/\/www.europesays.com\/lv\/wp-json\/wp\/v2\/media\/50443"}],"wp:attachment":[{"href":"https:\/\/www.europesays.com\/lv\/wp-json\/wp\/v2\/media?parent=50442"}],"wp:term":[{"taxonomy":"category","embeddable":true,"href":"https:\/\/www.europesays.com\/lv\/wp-json\/wp\/v2\/categories?post=50442"},{"taxonomy":"post_tag","embeddable":true,"href":"https:\/\/www.europesays.com\/lv\/wp-json\/wp\/v2\/tags?post=50442"}],"curies":[{"name":"wp","href":"https:\/\/api.w.org\/{rel}","templated":true}]}}