{"id":50452,"date":"2025-11-16T05:25:07","date_gmt":"2025-11-16T05:25:07","guid":{"rendered":"https:\/\/www.europesays.com\/lv\/50452\/"},"modified":"2025-11-16T05:25:07","modified_gmt":"2025-11-16T05:25:07","slug":"latvijas-maksliniece-katrina-levane-sanem-ziemelvalstu-un-baltijas-jauna-makslinieka-grand-prix-lente-lv","status":"publish","type":"post","link":"https:\/\/www.europesays.com\/lv\/50452\/","title":{"rendered":"Latvijas m\u0101ksliniece Katr\u012bna Lev\u0101ne sa\u0146em Zieme\u013cvalstu un Baltijas Jaun\u0101 m\u0101kslinieka &#8220;Grand Prix&#8221;\u00a0\u2014\u00a0Lente.lv"},"content":{"rendered":"<p>Latvie\u0161u m\u0101ksliniece Katr\u012bna Lev\u0101ne ieguvst Zieme\u013cvalstu un Baltijas Jaun\u0101 m\u0101kslinieka &#8220;Grand Prix&#8221; balvu<\/p>\n<p>Latvijas M\u0101kslas akad\u0113mijas (LMA) studentes glezniec\u012bb\u0101 Katr\u012bnas Lev\u0101nes talants ir guvis starptautisku atzin\u012bbu, vi\u0146ai kop\u0101 ar zviedru m\u0101kslinieku Adamu Gidlundu pie\u0161\u0137irta presti\u017e\u0101 Zieme\u013cvalstu un Baltijas Jaun\u0101 m\u0101kslinieka 2025. gada konkursa &#8220;Grand Prix&#8221; balva. Tas ir iev\u0113rojams pagodin\u0101jums, kas apliecina ne tikai Lev\u0101nes individu\u0101lo meistar\u012bbu, bet ar\u012b Latvijas laikmet\u012bg\u0101s m\u0101kslas sp\u0113ju konkur\u0113t starptautisk\u0101 l\u012bmen\u012b. \u0160is ir pirmais gads, kad konkursa v\u0113stur\u0113 galven\u0101 balva tiek sadal\u012bta starp diviem m\u0101ksliniekiem, kas uzsver abu laure\u0101tu ori\u0123inalit\u0101ti un sp\u0113ju ietekm\u0113t laikmet\u012bg\u0101s m\u0101kslas ainavu. \u017d\u016brija \u012bpa\u0161i nov\u0113rt\u0113jusi abu m\u0101kslinieku rado\u0161o pieeju, kas p\u0101rk\u0101pj tradicion\u0101l\u0101s m\u0101kslas mediju robe\u017eas un ietver eksperimentus da\u017e\u0101d\u0101s izpausm\u0113s. Tas ir k\u0101 v\u0113j\u0161 jaun\u0101s perspekt\u012bv\u0101s m\u0101kslas pasaul\u0113, kas aicina uz inov\u0101ciju un drosm\u012bgu ideju \u012bsteno\u0161anu.<\/p>\n<p>Katr\u012bnas Lev\u0101nes darbs &#8220;Forest Floor&#8221; \u2013 dzi\u013c\u0161 un daudzsl\u0101\u0146ains skat\u012bjums uz eksistenci\u0101liem jaut\u0101jumiem<\/p>\n<p>\u012apa\u0161u atzin\u012bbu izpeln\u012bjies Katr\u012bnas Lev\u0101nes apbalvotais darbs &#8220;Forest Floor&#8221; (2025). \u0160is darbs ir k\u0101 dv\u0113seles spogulis, kas dzi\u013ci p\u0113ta cilv\u0113ka bailes no n\u0101ves, iedvesmojoties no Latvijas nemateri\u0101l\u0101 kult\u016bras mantojuma un dabas ciklu simbolikas. Lev\u0101ne ir rad\u012bjusi \u012bpa\u0161u vidi, kas aicina skat\u012bt\u0101ju uz mirkli apst\u0101ties un p\u0101rdom\u0101t dz\u012bves un n\u0101ves neizb\u0113gam\u012bbu. Vi\u0146a n\u0101vi att\u0113lo nevis k\u0101 bied\u0113jo\u0161u nosl\u0113gumu, bet gan k\u0101 b\u016btisku, lai gan bie\u017ei vien ar nepat\u012bkam\u0101m asoci\u0101cij\u0101m bag\u0101tu, dz\u012bves sast\u0101vda\u013cu. \u0160is m\u0101kslas darbs ir k\u0101 maigs, bet sp\u0113c\u012bgs aicin\u0101jums uz sevis izzin\u0101\u0161anu, kas uzrun\u0101 da\u017e\u0101dos ma\u0146u l\u012bme\u0146os. Darba smalkie ska\u0146as un smar\u017eas sl\u0101\u0146i rada klusu, nedaudz nemierpilnu noska\u0146u, kas vedina skat\u012bt\u0101ju iepaz\u012bt dabu gan tuvpl\u0101n\u0101, gan no att\u0101luma. Tas ir k\u0101 ce\u013cojums uz savas apzi\u0146as dzi\u013cumiem, kur\u0101 atkl\u0101jas jaunas izpratnes par dz\u012bves un n\u0101ves ne\u0161\u0137iram\u012bbu. \u0160\u012b daudzsl\u0101\u0146ain\u012bba un sp\u0113ja uzrun\u0101t da\u017e\u0101dos ma\u0146u l\u012bme\u0146os padara &#8220;Forest Floor&#8221; par \u012bpa\u0161i v\u0113rt\u012bgu m\u0101kslas darbu, kas nebaid\u0101s pieskarties eksistenci\u0101l\u0101m t\u0113m\u0101m un pied\u0101v\u0101 svaigu skat\u012bjumu uz cilv\u0113ka pieredzi.<\/p>\n<p>Zieme\u013cvalstu un Baltijas Jaun\u0101 m\u0101kslinieka konkurss \u2013 platforma jaunajiem talantiem<\/p>\n<p>Zieme\u013cvalstu un Baltijas Jaun\u0101 m\u0101kslinieka balva jeb &#8220;Nordic &amp; Baltic Young Artist Award&#8221; ir noz\u012bm\u012bgs starptautisks konkurss, kas pulc\u0113 jaunos m\u0101ksliniekus no Baltijas un Zieme\u013cvalstu m\u0101kslas augstskol\u0101m. \u0160ogad tas atz\u012bm\u0113 savu 10. gadadienu un tiek uzskat\u012bts par vienu no svar\u012bg\u0101kajiem laikmet\u012bg\u0101s m\u0101kslas konkursiem Zieme\u013ceirop\u0101 jaunajiem talantiem. Konkurss nodro\u0161ina platformu redzam\u012bbai, dialogam un starpaugstskolu sadarb\u012bbai, veicinot jaunie\u0161u karjeras att\u012bst\u012bbu un sniedzot vi\u0146iem starptautisku atpaz\u012bstam\u012bbu. \u0160ogad konkurs\u0101 piedal\u012bj\u0101s 154 jaunie m\u0101kslinieki no piec\u0101m valst\u012bm, iesniedzot kopum\u0101 299 darbus. \u0160\u0101da platforma ir k\u0101 inkubators jaun\u0101m idej\u0101m un rado\u0161ai izaugsmei, \u013caujot jaunajiem m\u0101ksliniekiem ne tikai par\u0101d\u012bt savu darbu, bet ar\u012b smelties iedvesmu no kol\u0113\u0123iem un profesion\u0101\u013ciem nozar\u0113. N\u0101kotn\u0113 da\u013ca no izvirz\u012btajiem darbiem tiks ekspon\u0113ta &#8220;Uniarts Helsinki&#8221; galerij\u0101, turpinot dialogu starp Zieme\u013cvalstu un Baltijas m\u0101kslas skol\u0101m.<\/p>\n<p>Starptautisk\u0101 \u017e\u016brija un inov\u0101cija konkursa noris\u0113<\/p>\n<p>Starptautiska \u017e\u016brija, kas sast\u0101v no vado\u0161ajiem kuratoriem, profesoriem un m\u0101kslas kriti\u0137iem no re\u0123iona m\u0101kslas akad\u0113mij\u0101m un cit\u0101m iev\u0113rojam\u0101m instit\u016bcij\u0101m, r\u016bp\u012bgi izv\u0113rt\u0113ja iesniegtos darbus. \u017d\u016brija atzin\u012bgi nov\u0113rt\u0113jusi abu laure\u0101tu, Katr\u012bnas Lev\u0101nes un \u0100dama Gidlunda, sp\u0113ju papla\u0161in\u0101t laikmet\u012bg\u0101s m\u0101kslas robe\u017eas, izmantojot starpmediju eksperimentus un konceptu\u0101las strat\u0113\u0123ijas. \u0160\u012b gada konkursa jaunums ir Grand Prix balvas pie\u0161\u0137ir\u0161ana diviem m\u0101ksliniekiem vienlaic\u012bgi, kas ir pirmais \u0161\u0101ds gad\u012bjums konkursa v\u0113stur\u0113. Tas simboliz\u0113 talantu daudzveid\u012bbu un vienl\u012bdz\u012bgu sp\u0113ju sasniegt augst\u0101k\u0101s virsotnes. T\u0101pat tika pasniegtas ar\u012b kategoriju balvas, piem\u0113ram, &#8220;Glezniec\u012bbas balva&#8221; un &#8220;Fotogr\u0101fijas balva&#8221;, veicinot da\u017e\u0101du m\u0101kslas discipl\u012bnu att\u012bst\u012bbu un atbalstot jaun\u0101s paaudzes rado\u0161os mekl\u0113jumus.<\/p>\n","protected":false},"excerpt":{"rendered":"Latvie\u0161u m\u0101ksliniece Katr\u012bna Lev\u0101ne ieguvst Zieme\u013cvalstu un Baltijas Jaun\u0101 m\u0101kslinieka &#8220;Grand Prix&#8221; balvu Latvijas M\u0101kslas akad\u0113mijas (LMA) studentes&hellip;\n","protected":false},"author":2,"featured_media":50453,"comment_status":"","ping_status":"","sticky":false,"template":"","format":"standard","meta":{"footnotes":""},"categories":[19],"tags":[89,339,90,13603,3127,35,39,38,36,37,34,505,40,13604],"class_list":{"0":"post-50452","1":"post","2":"type-post","3":"status-publish","4":"format-standard","5":"has-post-thumbnail","7":"category-izklaide","8":"tag-entertainment","9":"tag-grand-prix","10":"tag-izklaide","11":"tag-katrina-levane","12":"tag-laikmetiga-maksla","13":"tag-latvia","14":"tag-latvian","15":"tag-latviesu","16":"tag-latviesu-valoda","17":"tag-latviesuvaloda","18":"tag-latvija","19":"tag-latvijas-makslas-akademija","20":"tag-lv","21":"tag-ziemelvalstu-un-baltijas-jauna-makslinieka-balva"},"share_on_mastodon":{"url":"https:\/\/pubeurope.com\/@lv\/115557716686445114","error":""},"_links":{"self":[{"href":"https:\/\/www.europesays.com\/lv\/wp-json\/wp\/v2\/posts\/50452","targetHints":{"allow":["GET"]}}],"collection":[{"href":"https:\/\/www.europesays.com\/lv\/wp-json\/wp\/v2\/posts"}],"about":[{"href":"https:\/\/www.europesays.com\/lv\/wp-json\/wp\/v2\/types\/post"}],"author":[{"embeddable":true,"href":"https:\/\/www.europesays.com\/lv\/wp-json\/wp\/v2\/users\/2"}],"replies":[{"embeddable":true,"href":"https:\/\/www.europesays.com\/lv\/wp-json\/wp\/v2\/comments?post=50452"}],"version-history":[{"count":0,"href":"https:\/\/www.europesays.com\/lv\/wp-json\/wp\/v2\/posts\/50452\/revisions"}],"wp:featuredmedia":[{"embeddable":true,"href":"https:\/\/www.europesays.com\/lv\/wp-json\/wp\/v2\/media\/50453"}],"wp:attachment":[{"href":"https:\/\/www.europesays.com\/lv\/wp-json\/wp\/v2\/media?parent=50452"}],"wp:term":[{"taxonomy":"category","embeddable":true,"href":"https:\/\/www.europesays.com\/lv\/wp-json\/wp\/v2\/categories?post=50452"},{"taxonomy":"post_tag","embeddable":true,"href":"https:\/\/www.europesays.com\/lv\/wp-json\/wp\/v2\/tags?post=50452"}],"curies":[{"name":"wp","href":"https:\/\/api.w.org\/{rel}","templated":true}]}}