{"id":50456,"date":"2025-11-16T05:31:07","date_gmt":"2025-11-16T05:31:07","guid":{"rendered":"https:\/\/www.europesays.com\/lv\/50456\/"},"modified":"2025-11-16T05:31:07","modified_gmt":"2025-11-16T05:31:07","slug":"krasni-svetki-piejuras-muzeja-ar-razas-tirdzinu-un-meistarklasem-lente-lv","status":"publish","type":"post","link":"https:\/\/www.europesays.com\/lv\/50456\/","title":{"rendered":"Kr\u0101\u0161\u0146i sv\u0113tki Piej\u016bras muzej\u0101 ar ra\u017eas tirdzi\u0146u un meistarklas\u0113m\u00a0\u2014\u00a0Lente.lv"},"content":{"rendered":"<p>Mi\u0137e\u013cdienas svin\u012bbas Ventspils Piej\u016bras muzej\u0101: Trad\u012bcijas, rado\u0161\u0101s darbn\u012bcas un garda zupa<\/p>\n<p>\u0160aj\u0101 sv\u0113tdien\u0101, 28. septembr\u012b, Ventspils Piej\u016bras br\u012bvdabas muzej\u0101 norisin\u0101sies tradicion\u0101lie Mi\u0137e\u013cdienas sv\u0113tki, kas aicina apmekl\u0113t\u0101jus baud\u012bt rudens ra\u017eas bag\u0101t\u012bbu un iepaz\u012bt sen\u010du trad\u012bcijas.<\/p>\n<p>Mi\u0137e\u013cdiena, kas paz\u012bstama ar\u012b ar nosaukumiem Mik\u0113\u013ci, M\u012bk\u0101\u013ci, Apjum\u012bbas un Jumja diena, ir viens no noz\u012bm\u012bg\u0101kajiem gadsk\u0101rtu sv\u0113tkiem latvie\u0161u kult\u016br\u0101. Tas iez\u012bm\u0113 ra\u017eas nov\u0101k\u0161anas laiku un godina Jumi \u2013 augl\u012bbas un sv\u0113t\u012bbas simbolu. \u0160ogad muzejs \u0161os sv\u0113tkus svin\u0113s \u012bpa\u0161i jautri un atrakt\u012bvi, pied\u0101v\u0101jot daudzveid\u012bgu programmu gan lieliem, gan maziem.<\/p>\n<p>Darb\u012bbas un izklaide visai \u0123imenei<\/p>\n<p>No pulksten 13:00 l\u012bdz 15:00 muzeja teritorij\u0101 virmo\u0161ana un ros\u012bba. B\u016bs iesp\u0113ja piedal\u012bties rota\u013c\u0101s, kur\u0101s tiks p\u0101rbaud\u012btas m\u0113r\u012b\u0161anas un sv\u0113r\u0161anas prasmes. Mazajiem apmekl\u0113t\u0101jiem un vi\u0146u vec\u0101kiem b\u016bs atv\u0113rta ad\u012b\u0161anas un tambor\u0113\u0161anas darbn\u012bca, kur\u0101 var\u0113s apg\u016bt jaunas prasmes vai pilnveidot jau eso\u0161\u0101s.<\/p>\n<p>\u012apa\u0161u prieku sag\u0101d\u0101s Asnates j\u0101\u0161anas klubs, kas pied\u0101v\u0101s izj\u0101des ar ponijiem, k\u0101 ar\u012b aizraujo\u0161u foto sesiju. Apmekl\u0113t\u0101ji var\u0113s iej\u016bsties j\u0101tnieka, saimnieka vai saimnieces t\u0113l\u0101, poz\u0113jot kop\u0101 ar zirgu, vai pat baud\u012bt mirkli zirga mugur\u0101.<\/p>\n<p>Mazaj\u0101 ra\u017eas tirdzi\u0146\u0101 b\u016bs sastopami 808. Puzes un Valdem\u0101rpils mazpulku dal\u012bbnieki. Vi\u0146i pied\u0101v\u0101s savus pa\u0161tais\u012btos gardumus, saldumus un pa\u0161u audz\u0113t\u0101s d\u0101rza veltes, \u013caujot ikvienam iepaz\u012bt un ieg\u0101d\u0101ties viet\u0113jo zemnieku un m\u0101jra\u017eot\u0101ju produkciju.<\/p>\n<p>Iepaz\u012b\u0161an\u0101s ar trad\u012bcij\u0101m un m\u0101kslu<\/p>\n<p>No pulksten 13:00 l\u012bdz 14:00 folkloras kopa \u201cLaipa\u201d aicin\u0101s iepaz\u012bt Mi\u0137e\u013cdienas trad\u012bcijas, daloties st\u0101stos un dziesm\u0101s par \u0161iem senajiem sv\u0113tkiem. Kop\u012bg\u0101 nodarb\u0113 tiks v\u0101r\u012bta garda sk\u0101bo k\u0101postu zupa uz \u012bstas uguns, radot \u012bpa\u0161u sv\u0113tku atmosf\u0113ru un aicinot dal\u012bties siltum\u0101.<\/p>\n<p>Taj\u0101 pa\u0161\u0101 laik\u0101, no 13:30, 808. Puzes un Valdem\u0101rpils mazpulku dal\u012bbnieki st\u0101st\u012bs par saviem paveiktajiem darbiem un sasniegumiem, iedvesmojot jaunos novadniekus akt\u012bvai darb\u012bbai un kopienas veido\u0161anai.<\/p>\n<p>Grozu izst\u0101de un meistarklase<\/p>\n<p>Pulcstenis 14:00 muzej\u0101, t\u0101 otraj\u0101 st\u0101v\u0101, notiks gaid\u012bt\u0101s izst\u0101des \u201cGROZI IES! \u0136ocis, grozs un kurvis\u201d atkl\u0101\u0161ana. Izst\u0101d\u0113 b\u016bs apskat\u0101mi Tautas lieti\u0161\u0137\u0101s m\u0101kslas studijas (TLMS) \u201cPuduris\u201d un muzeja kr\u0101juma veidoti grozi. Muzik\u0101lu sveicienu pas\u0101kum\u0101 sniegs dzied\u0101t\u0101ja Dorothee Lotsch no V\u0101cijas.<\/p>\n<p>Izst\u0101des atkl\u0101\u0161an\u0101 b\u016bs unik\u0101la iesp\u0113ja tikties ar TLMS \u201cPuduris\u201d dal\u012bbniekiem. Vi\u0146i demonstr\u0113s k\u0101rklu kl\u016bgu p\u012b\u0161anas tehnikas, atkl\u0101jot nosl\u0113pumus aiz \u0161\u012bs sen\u0101s un aizraujo\u0161\u0101s amata prasmes. \u201cPuduris\u201d darbojas kop\u0161 1994. gada I\u013c\u0123uciema Kult\u016bras centr\u0101, un t\u0101 dal\u012bbnieki, balstoties tautas m\u0101kslas trad\u012bcij\u0101s, rada modernus dizaina priek\u0161metus, izmantojot da\u017e\u0101das p\u012b\u0161anas tehnikas.<\/p>\n<p>Nosl\u0113guma ekskursija<\/p>\n<p>Pas\u0101kumu programmu nosl\u0113gs bezmaksas ekskursija pa muzeja teritoriju no 14:30 l\u012bdz 15:00. T\u0101s laik\u0101 interesenti uzzin\u0101s par senaj\u0101m metod\u0113m, k\u0101 tika m\u0113r\u012bta, sv\u0113rta un uzglab\u0101ta ra\u017ea. Lai piedal\u012btos ekskursij\u0101, l\u016bgums pieteikties muzeja kas\u0113 l\u012bdz pulksten 14:30.<\/p>\n<p>Mi\u0137e\u013cdienas svin\u012bbas Piej\u016bras muzej\u0101 sola neaizmirstamu dienu, kas piepild\u012bta ar kult\u016bru, trad\u012bcij\u0101m, rado\u0161\u0101m aktivit\u0101t\u0113m un sirsn\u012bgu kop\u0101b\u016b\u0161anu. Gaid\u012bsim visus interesentusbaud\u012bt rudens burv\u012bbu un svin\u0113t ra\u017eas laiku!<\/p>\n","protected":false},"excerpt":{"rendered":"Mi\u0137e\u013cdienas svin\u012bbas Ventspils Piej\u016bras muzej\u0101: Trad\u012bcijas, rado\u0161\u0101s darbn\u012bcas un garda zupa \u0160aj\u0101 sv\u0113tdien\u0101, 28. septembr\u012b, Ventspils Piej\u016bras br\u012bvdabas&hellip;\n","protected":false},"author":2,"featured_media":50457,"comment_status":"","ping_status":"","sticky":false,"template":"","format":"standard","meta":{"footnotes":""},"categories":[19],"tags":[89,90,35,39,38,36,37,34,40,2842,13802,13804,12575,13803],"class_list":{"0":"post-50456","1":"post","2":"type-post","3":"status-publish","4":"format-standard","5":"has-post-thumbnail","7":"category-izklaide","8":"tag-entertainment","9":"tag-izklaide","10":"tag-latvia","11":"tag-latvian","12":"tag-latviesu","13":"tag-latviesu-valoda","14":"tag-latviesuvaloda","15":"tag-latvija","16":"tag-lv","17":"tag-mikeldiena","18":"tag-piejuras-muzejs","19":"tag-rudens-svetki","20":"tag-tradicijas","21":"tag-ventspils-pasakumi"},"share_on_mastodon":{"url":"https:\/\/pubeurope.com\/@lv\/115557740287713781","error":""},"_links":{"self":[{"href":"https:\/\/www.europesays.com\/lv\/wp-json\/wp\/v2\/posts\/50456","targetHints":{"allow":["GET"]}}],"collection":[{"href":"https:\/\/www.europesays.com\/lv\/wp-json\/wp\/v2\/posts"}],"about":[{"href":"https:\/\/www.europesays.com\/lv\/wp-json\/wp\/v2\/types\/post"}],"author":[{"embeddable":true,"href":"https:\/\/www.europesays.com\/lv\/wp-json\/wp\/v2\/users\/2"}],"replies":[{"embeddable":true,"href":"https:\/\/www.europesays.com\/lv\/wp-json\/wp\/v2\/comments?post=50456"}],"version-history":[{"count":0,"href":"https:\/\/www.europesays.com\/lv\/wp-json\/wp\/v2\/posts\/50456\/revisions"}],"wp:featuredmedia":[{"embeddable":true,"href":"https:\/\/www.europesays.com\/lv\/wp-json\/wp\/v2\/media\/50457"}],"wp:attachment":[{"href":"https:\/\/www.europesays.com\/lv\/wp-json\/wp\/v2\/media?parent=50456"}],"wp:term":[{"taxonomy":"category","embeddable":true,"href":"https:\/\/www.europesays.com\/lv\/wp-json\/wp\/v2\/categories?post=50456"},{"taxonomy":"post_tag","embeddable":true,"href":"https:\/\/www.europesays.com\/lv\/wp-json\/wp\/v2\/tags?post=50456"}],"curies":[{"name":"wp","href":"https:\/\/api.w.org\/{rel}","templated":true}]}}