{"id":50462,"date":"2025-11-16T05:37:10","date_gmt":"2025-11-16T05:37:10","guid":{"rendered":"https:\/\/www.europesays.com\/lv\/50462\/"},"modified":"2025-11-16T05:37:10","modified_gmt":"2025-11-16T05:37:10","slug":"tv3-ar-ipasu-programmu-aicina-kopigi-izjust-patriotisko-svetku-gaisotni-lente-lv","status":"publish","type":"post","link":"https:\/\/www.europesays.com\/lv\/50462\/","title":{"rendered":"TV3 ar \u012bpa\u0161u programmu aicina kop\u012bgi izjust patriotisko sv\u0113tku gaisotni\u00a0\u2014\u00a0Lente.lv"},"content":{"rendered":"<p>TV3 svin Latvijas sv\u0113tkus ar bag\u0101t\u012bgu patriotisko programmu<\/p>\n<p>Gaidot Latvijas Republikas proklam\u0113\u0161anas 107. gadadienu, kan\u0101ls TV3 aicina skat\u012bt\u0101jus kop\u012bgi svin\u0113t valsts sv\u0113tkus un izbaud\u012bt \u012bpa\u0161u, patriotisma pilnu programmu, kas paredz\u0113ta visai novembra m\u0113nesim.<\/p>\n<p>\u012apa\u0161ais akcents \u2013 \u201cLatvijas Lepnums 2025\u201d<\/p>\n<p>K\u0101 ik gadu, ar\u012b \u0161ogad galvenais notikums sv\u0113tku programmas ietvaros b\u016bs svin\u012bg\u0101 \u201cLatvijas Lepnums 2025\u201d godin\u0101\u0161anas ceremonija. \u0160is pas\u0101kums, kas norisin\u0101sies jau 22. reizi, tiek pl\u0101nots tie\u0161i Latvijas Republikas proklam\u0113\u0161anas dien\u0101, 18. novembr\u012b, un b\u016bs skat\u0101ms kan\u0101l\u0101 TV3. Ceremonij\u0101 tiks godin\u0101ti cilv\u0113ki, kuri ar saviem darbiem, nesavt\u012bbu un pa\u0161aizliedz\u012bbu ir padar\u012bju\u0161i Latviju lab\u0101ku, iedvesmojot un veicinot pozit\u012bvas p\u0101rmai\u0146as sabiedr\u012bb\u0101. \u017d\u016brija jau ir izv\u0113rt\u0113jusi simtiem pieteikumu un noteikusi desmit laure\u0101tus da\u017e\u0101d\u0101s nomin\u0101cij\u0101s, atz\u012bstot gan m\u012blo\u0161as \u0123imenes, gan drosm\u012bgus gl\u0101b\u0113jus, patriotiskus skolot\u0101jus un m\u0113r\u0137tiec\u012bgus jaunie\u0161us, kas sp\u0113ju\u0161i k\u013c\u016bt par iedvesmojo\u0161u piem\u0113ru citiem. Telev\u012bzijas p\u0101rraide sol\u0101s b\u016bt emocion\u0101li pies\u0101tin\u0101ta, atg\u0101dinot par to, cik svar\u012bga ir labest\u012bba un cilv\u0113ciskums ikdien\u0101.<\/p>\n<p>Pla\u0161a kino un \u0161ovu izlase valsts sv\u0113tku noska\u0146\u0101<\/p>\n<p>Lai rad\u012btu \u012bpa\u0161u sv\u0113tku atmosf\u0113ru, TV3 pied\u0101v\u0101s r\u016bp\u012bgi atlas\u012btu programmu, kas ietvers gan latvie\u0161u kino klasiku, gan jaun\u0101k\u0101s paaudzes filmas, \u013caujot skat\u012bt\u0101jiem doties aizraujo\u0161\u0101 ce\u013cojum\u0101 pa Latvijas kino v\u0113sturi un m\u016bsdien\u0101m. Papildus tam \u0113ter\u0101 izskan\u0113s speci\u0101lizlaidumi no iecien\u012btiem \u0161oviem, muzik\u0101li priek\u0161nesumi un vair\u0101kas pirmizr\u0101des, kas \u012bpa\u0161i veidotas, lai svin\u0113tu Latvijas valsts noz\u012bm\u012bgumu. \u0160\u012b programma ir r\u016bp\u012bgi veidota, lai apmierin\u0101tu da\u017e\u0101das gaumes un rad\u012btu sirsn\u012bgu sv\u0113tku noska\u0146ojumu vis\u0101s m\u0101j\u0101s. Kan\u0101la m\u0113r\u0137is ir ne tikai izklaid\u0113t, bet ar\u012b stiprin\u0101t kop\u012bbas saj\u016btu un patriotisk\u0101s v\u0113rt\u012bbas.<\/p>\n<p>Aicin\u0101jums svin\u0113t kop\u0101<\/p>\n<p>TV3 ar savu \u012bpa\u0161o programmu sniedz iesp\u0113ju ikvienam Latvijas iedz\u012bvot\u0101jam un viesim dzi\u013c\u0101k izjust patriotisko sv\u0113tku garu. T\u0101 ir aicin\u0101jums apst\u0101ties ikdienas steig\u0101, atskat\u012bties uz sasniegumiem un kop\u012bgi lepoties ar savu valsti. Kan\u0101ls mudina skat\u012bt\u0101jus pievienoties \u0161ai svin\u012bbu kopienai, kop\u0101 izbaudot gan emocion\u0101los, gan izklaid\u0113jo\u0161os raid\u012bjumus. \u0160\u012b programma ir apliecin\u0101jums tam, ka Latvijas neatkar\u012bbas un br\u012bv\u012bbas idejas dz\u012bvo m\u016bsu sird\u012bs un ka kop\u0101 m\u0113s sp\u0113jam veidot stipru un vienotu n\u0101kotni.<\/p>\n","protected":false},"excerpt":{"rendered":"TV3 svin Latvijas sv\u0113tkus ar bag\u0101t\u012bgu patriotisko programmu Gaidot Latvijas Republikas proklam\u0113\u0161anas 107. gadadienu, kan\u0101ls TV3 aicina skat\u012bt\u0101jus&hellip;\n","protected":false},"author":2,"featured_media":50463,"comment_status":"","ping_status":"","sticky":false,"template":"","format":"standard","meta":{"footnotes":""},"categories":[19],"tags":[89,90,35,39,38,36,37,34,13810,13809,40,13811,2747,13812],"class_list":{"0":"post-50462","1":"post","2":"type-post","3":"status-publish","4":"format-standard","5":"has-post-thumbnail","7":"category-izklaide","8":"tag-entertainment","9":"tag-izklaide","10":"tag-latvia","11":"tag-latvian","12":"tag-latviesu","13":"tag-latviesu-valoda","14":"tag-latviesuvaloda","15":"tag-latvija","16":"tag-latvijas-lepnums-2025","17":"tag-latvijas-svetki","18":"tag-lv","19":"tag-patriotiska-programma","20":"tag-tv3-latvija","21":"tag-valsts-svetku-ceremonija"},"share_on_mastodon":{"url":"https:\/\/pubeurope.com\/@lv\/115557763885874892","error":""},"_links":{"self":[{"href":"https:\/\/www.europesays.com\/lv\/wp-json\/wp\/v2\/posts\/50462","targetHints":{"allow":["GET"]}}],"collection":[{"href":"https:\/\/www.europesays.com\/lv\/wp-json\/wp\/v2\/posts"}],"about":[{"href":"https:\/\/www.europesays.com\/lv\/wp-json\/wp\/v2\/types\/post"}],"author":[{"embeddable":true,"href":"https:\/\/www.europesays.com\/lv\/wp-json\/wp\/v2\/users\/2"}],"replies":[{"embeddable":true,"href":"https:\/\/www.europesays.com\/lv\/wp-json\/wp\/v2\/comments?post=50462"}],"version-history":[{"count":0,"href":"https:\/\/www.europesays.com\/lv\/wp-json\/wp\/v2\/posts\/50462\/revisions"}],"wp:featuredmedia":[{"embeddable":true,"href":"https:\/\/www.europesays.com\/lv\/wp-json\/wp\/v2\/media\/50463"}],"wp:attachment":[{"href":"https:\/\/www.europesays.com\/lv\/wp-json\/wp\/v2\/media?parent=50462"}],"wp:term":[{"taxonomy":"category","embeddable":true,"href":"https:\/\/www.europesays.com\/lv\/wp-json\/wp\/v2\/categories?post=50462"},{"taxonomy":"post_tag","embeddable":true,"href":"https:\/\/www.europesays.com\/lv\/wp-json\/wp\/v2\/tags?post=50462"}],"curies":[{"name":"wp","href":"https:\/\/api.w.org\/{rel}","templated":true}]}}