{"id":50470,"date":"2025-11-16T05:49:11","date_gmt":"2025-11-16T05:49:11","guid":{"rendered":"https:\/\/www.europesays.com\/lv\/50470\/"},"modified":"2025-11-16T05:49:11","modified_gmt":"2025-11-16T05:49:11","slug":"jauni-plani-un-sirdslieta-dzimtene-lente-lv","status":"publish","type":"post","link":"https:\/\/www.europesays.com\/lv\/50470\/","title":{"rendered":"Jauni pl\u0101ni un sirdslieta dzimten\u0113\u00a0\u2014\u00a0Lente.lv"},"content":{"rendered":"<p>El\u012bna F\u016brmane izv\u0113las Latviju: P\u0101rdom\u0101ts l\u0113mums par palik\u0161anu dzimten\u0113<\/p>\n<p>Oktobra s\u0101kum\u0101 dzied\u0101t\u0101ja, d\u012bd\u017eejmeitene un uz\u0146\u0113m\u0113ja El\u012bna F\u016brmane, kas pla\u0161\u0101k paz\u012bstama k\u0101 DJ Ella, gaid\u012bja atgrie\u0161anos Amerik\u0101, Losand\u017eelos\u0101. Tom\u0113r liktenis l\u0113mis cit\u0101di \u2013 p\u0113k\u0161\u0146i p\u0101rdom\u0101jot, vi\u0146a kop\u0101 ar savu dz\u012bvesdraugu, finan\u0161u speci\u0101listu Neitanu, pie\u0146\u0113musi sirdi sildo\u0161u l\u0113mumu palikt Latvij\u0101. \u0160\u012b izv\u0113le iez\u012bm\u0113 jaunu, aizraujo\u0161u posmu vi\u0146as dz\u012bv\u0113.<\/p>\n<p>Ce\u013c\u0161 uz m\u0101j\u0101m: Sirds balss uzvar p\u0101r pl\u0101niem<\/p>\n<p>F\u016brmane atkl\u0101j, ka oktobra s\u0101kum\u0101 koferi bija sakrav\u0101ti, un pat otrreiz\u0113j\u0101 m\u0113\u0123in\u0101jum\u0101 izbraukt uz Losand\u017eelosu neizdev\u0101s. \u201cM\u0113s jau vienreiz brauc\u0101m prom septembr\u012b, tagad, oktobr\u012b, m\u0113\u0123in\u0101j\u0101m otro reizi, un t\u0101 ar\u012b neaizbrauc\u0101m,\u201d smejoties st\u0101sta dzied\u0101t\u0101ja. \u0160\u0101ds l\u0113mums pie\u0146emts ne tikai personisku apsv\u0113rumu d\u0113\u013c, bet ar\u012b, lai b\u016btu tuv\u0101k saviem m\u012b\u013cajiem un \u0123imenei. Ar\u012b Neitans ir iem\u012bl\u0113jis Latviju, un vi\u0146am \u0161eit viss \u013coti pat\u012bk, pat tik \u013coti, ka draudzenes jokojoties sauc vi\u0146u par k\u0101rt\u012bgu latvieti iepriek\u0161\u0113j\u0101 dz\u012bv\u0113. Vi\u0146am nav sve\u0161a ar\u012b Latvijas laikapst\u0101k\u013ci, kas, p\u0113c vi\u0146a dom\u0101m, ir \u201clieliski\u201d.<\/p>\n<p>Latvijas vilin\u0101jums: Neitena m\u012blest\u012bba pret dzimteni<\/p>\n<p>Neitena atzin\u012bg\u0101 attieksme pret Latviju nav sve\u0161iniecisks elements F\u016brmanes dz\u012bv\u0113. Jau iepriek\u0161, pavasar\u012b, TV kan\u0101la 360 un Tet veidotaj\u0101 raid\u012bjum\u0101 \u201cSapnis cit\u0101 Amerik\u0101\u201d, apciemojot El\u012bnu un Neitanu Losand\u017eelos\u0101, vi\u0146\u0161 uzsv\u0113ra, cik \u013coti vi\u0146am pat\u012bk Latvija. Vi\u0146\u0161 nov\u0113rt\u0113 Latvijas mieru, svaigo gaisu un dab\u012bgo p\u0101rtiku, kas ir pretstats Losand\u017eelosas nemier\u012bgajai dz\u012bvei un d\u0101rgajiem produktiem. Lai gan s\u0101kotn\u0113ji gul\u0113\u0161ana telt\u012b J\u0101\u0146os vi\u0146u bied\u0113jusi, vi\u0146\u0161 guvis dzi\u013cu baudu no Latvijas dabas un trad\u012bcij\u0101m. Neitans ir gatavs ar\u012b prec\u0113ties Latvij\u0101, un vi\u0146a \u0123imene pl\u0101no doties uz turieni, lai piedal\u012btos k\u0101zu svin\u012bb\u0101s.<\/p>\n<p>M\u016bzikas sap\u0146i un turpm\u0101kie pl\u0101ni Latvij\u0101<\/p>\n<p>Atgrie\u0161an\u0101s Latvij\u0101 El\u012bnai sniedz iesp\u0113ju piln\u012bb\u0101 piev\u0113rsties savai sirdslietai \u2013 m\u016bzikai. Vi\u0146a turpina darbu pie sava debijas albuma, ko pl\u0101no izdot n\u0101kam\u0101 gada s\u0101kum\u0101. F\u016brmane pau\u017e cer\u012bbu, ka \u0161ie pl\u0101ni vainagosies ar kaut ko \u201cskaistu un \u013coti m\u0101ksliniecisku\u201d. Vi\u0146ai ir ar\u012b citi interesanti iecer\u0113tie projekti, ko vi\u0146a v\u0113las \u012bstenot. Nevar izsl\u0113gt ar\u012b iesp\u0113ju, ka El\u012bna var\u0113tu p\u0101rst\u0101v\u0113t Latviju \u201cEirov\u012bzijas\u201d dziesmu konkurs\u0101, jo tas ir vi\u0146as kv\u0113l\u0101kais sapnis.<\/p>\n<p>Jauna noda\u013ca radio \u0113ter\u0101<\/p>\n<p>Turkl\u0101t, atgrie\u0161an\u0101s Latvij\u0101 noz\u012bm\u0113 ar\u012b jaunu s\u0101kumu profesion\u0101laj\u0101 jom\u0101. Pavisam dr\u012bz El\u012bnas balss b\u016bs dzirdama r\u012bta \u0161ov\u0101 \u201cTr\u0101di r\u012bti\u201d kan\u0101l\u0101 \u201cRadio SWH\u201d, kas vienm\u0113r bijis vi\u0146as sapnis.<\/p>\n","protected":false},"excerpt":{"rendered":"El\u012bna F\u016brmane izv\u0113las Latviju: P\u0101rdom\u0101ts l\u0113mums par palik\u0161anu dzimten\u0113 Oktobra s\u0101kum\u0101 dzied\u0101t\u0101ja, d\u012bd\u017eejmeitene un uz\u0146\u0113m\u0113ja El\u012bna F\u016brmane, kas&hellip;\n","protected":false},"author":2,"featured_media":50471,"comment_status":"","ping_status":"","sticky":false,"template":"","format":"standard","meta":{"footnotes":""},"categories":[19],"tags":[4791,4790,89,90,35,39,38,36,37,34,40,103,13814],"class_list":{"0":"post-50470","1":"post","2":"type-post","3":"status-publish","4":"format-standard","5":"has-post-thumbnail","7":"category-izklaide","8":"tag-dj-ella","9":"tag-elina-furmane","10":"tag-entertainment","11":"tag-izklaide","12":"tag-latvia","13":"tag-latvian","14":"tag-latviesu","15":"tag-latviesu-valoda","16":"tag-latviesuvaloda","17":"tag-latvija","18":"tag-lv","19":"tag-muzika","20":"tag-neitans"},"share_on_mastodon":{"url":"https:\/\/pubeurope.com\/@lv\/115557811121876148","error":""},"_links":{"self":[{"href":"https:\/\/www.europesays.com\/lv\/wp-json\/wp\/v2\/posts\/50470","targetHints":{"allow":["GET"]}}],"collection":[{"href":"https:\/\/www.europesays.com\/lv\/wp-json\/wp\/v2\/posts"}],"about":[{"href":"https:\/\/www.europesays.com\/lv\/wp-json\/wp\/v2\/types\/post"}],"author":[{"embeddable":true,"href":"https:\/\/www.europesays.com\/lv\/wp-json\/wp\/v2\/users\/2"}],"replies":[{"embeddable":true,"href":"https:\/\/www.europesays.com\/lv\/wp-json\/wp\/v2\/comments?post=50470"}],"version-history":[{"count":0,"href":"https:\/\/www.europesays.com\/lv\/wp-json\/wp\/v2\/posts\/50470\/revisions"}],"wp:featuredmedia":[{"embeddable":true,"href":"https:\/\/www.europesays.com\/lv\/wp-json\/wp\/v2\/media\/50471"}],"wp:attachment":[{"href":"https:\/\/www.europesays.com\/lv\/wp-json\/wp\/v2\/media?parent=50470"}],"wp:term":[{"taxonomy":"category","embeddable":true,"href":"https:\/\/www.europesays.com\/lv\/wp-json\/wp\/v2\/categories?post=50470"},{"taxonomy":"post_tag","embeddable":true,"href":"https:\/\/www.europesays.com\/lv\/wp-json\/wp\/v2\/tags?post=50470"}],"curies":[{"name":"wp","href":"https:\/\/api.w.org\/{rel}","templated":true}]}}