{"id":50476,"date":"2025-11-16T06:01:08","date_gmt":"2025-11-16T06:01:08","guid":{"rendered":"https:\/\/www.europesays.com\/lv\/50476\/"},"modified":"2025-11-16T06:01:08","modified_gmt":"2025-11-16T06:01:08","slug":"25-gadi-senatnes-atspulga-ar-sauli-zobena-un-perkonu-sirdi-lente-lv","status":"publish","type":"post","link":"https:\/\/www.europesays.com\/lv\/50476\/","title":{"rendered":"25 gadi senatnes atspulg\u0101 ar \u00abSauli zoben\u0101 un P\u0113rkonu sird\u012b!\u00bb\u00a0\u2014\u00a0Lente.lv"},"content":{"rendered":"<p>Folkloras un seno c\u012b\u0146u kopa \u00abVilka\u010di\u00bb nosvin 25 gadus ar iespaid\u012bgu koncertu \u00abSirojums\u00bb<\/p>\n<p>Folkloras un seno c\u012b\u0146u kopa \u00abVilka\u010di\u00bb nesen nosvin\u0113ja savu 25. gadadienu ar v\u0113rien\u012bgu koncertu \u00abSirojums\u00bb, kas norisin\u0101j\u0101s Tallinas ielas kvart\u0101la koncertz\u0101l\u0113 \u00abAng\u0101rs\u00bb R\u012bg\u0101. \u0160is pas\u0101kums bija ne tikai muzik\u0101ls priek\u0161nesums, bet ar\u012b ce\u013cojums senatn\u0113, godinot Latvijas bag\u0101to kult\u016brv\u0113sturisko mantojumu un sen\u010du dz\u012bveszi\u0146u. Ieeja pas\u0101kum\u0101 bija bez maksas, pulc\u0113jot daudzus interesentus un apliecinot kopas ilggad\u0113jo noz\u012bmi Latvijas kult\u016bras ainav\u0101. Kopa, kas dibin\u0101ta 2000. gad\u0101, velta savu darb\u012bbu sen\u0101 Latvijas iedz\u012bvot\u0101ja t\u0113la rekonstrukcijai v\u0113l\u0101 dzelzs laikmeta period\u0101, kad Latvijas zem\u0113 plauka sp\u0113c\u012bgas ciltis k\u0101 kur\u0161i, l\u012bvi, zemga\u013ci, latga\u013ci un s\u0113\u013ci.<\/p>\n<p>Senatnes atspulgs m\u016bsdien\u0101s: \u00abVilka\u010du\u00bb misija un v\u0113sture<\/p>\n<p>\u00abVilka\u010du\u00bb misija ir iedvesmot m\u016bsdienu latvie\u0161us, \u012bpa\u0161i jaunie\u0161us, sajust savas saknes un nov\u0113rt\u0113t savu unik\u0101lo identit\u0101ti arvien globaliz\u0113t\u0101k\u0101 pasaul\u0113, neaizmirstot par sav\u0101m tautiskaj\u0101m v\u0113rt\u012bb\u0101m. Kopa ir R\u012bgas pa\u0161vald\u012bbas kult\u016bras un tautas m\u0101kslas centra \u00abRitums\u00bb kolekt\u012bvs, kas jau ceturtda\u013cgadsimtu nodarbojas ar nacion\u0101lpatriotisko audzin\u0101\u0161anu, folkloras p\u0113tniec\u012bbu, k\u0101 ar\u012b sen\u0101 karav\u012bra dz\u012bvesveida un amatnieku prasmju apg\u016b\u0161anu un populariz\u0113\u0161anu. Pa\u0161laik kop\u0101 darbojas vair\u0101k nek\u0101 20 dal\u012bbnieki \u2013 dzied\u0101t\u0101ji, c\u012bn\u012bt\u0101ji un amatnieki, kas kop\u012bgi atdz\u012bvina sen\u010du dz\u012bvesveidu un prasmes, nodarbojoties ar senu c\u012b\u0146u rekonstrukciju, amatniec\u012bbu un muzic\u0113\u0161anu. Vi\u0146u dev\u012bze \u00abAr Sauli zoben\u0101 un P\u0113rkonu sird\u012b!\u00bb pau\u017e sp\u0113c\u012bgu saikni ar sen\u010du v\u0113rt\u012bb\u0101m.<\/p>\n<p>\u00abSirojums\u00bb: Unik\u0101las dziesmas no sirds un kopienas loka<\/p>\n<p>Koncerta \u00abSirojums\u00bb idejas autors un kopas vad\u012bt\u0101js Edgars Zilberts atkl\u0101j, ka jubilejas pas\u0101kum\u0101 skan\u0113ja dziesmas, kas nav ierastas koncertu programm\u0101s. T\u0101s ir r\u016bp\u012bgi \u00abaizg\u016btas, noklaus\u012btas un pat \u201enoz\u012bm\u0113tas\u201d\u00bb no cit\u0101m folkloras kop\u0101m, piem\u0113ram, \u00abGrodiem\u00bb, \u00abSkandiniekiem\u00bb, \u00abVilkiem\u00bb, \u00abTrejasmens\u00bb un cit\u0101m. Tas klaus\u012bt\u0101jiem sniedz unik\u0101lu iesp\u0113ju dzird\u0113t dziesmas, kas parasti skan dal\u012bbnieku savies\u012bg\u0101 lok\u0101, pie ugunskura, nevis uz pla\u0161as skatuves \u2013 dziesmas, kas dzimu\u0161as dzi\u013c\u0101k\u0101 intimit\u0101t\u0113 un kop\u012bbas izj\u016bt\u0101. Vair\u0101kas dziesmu aran\u017eijas speci\u0101li tika veidotas \u0161im jubilejas koncertam, sme\u013coties iedvesmu no festiv\u0101la \u00abBaltica 2025\u00bb. Katrai dziesmai tika pievienots ar\u012b st\u0101sts par t\u0101s izcelsmi un noz\u012bmi kopas repertu\u0101r\u0101, padarot pas\u0101kumu v\u0113l dzi\u013c\u0101ku un personisk\u0101ku. \u0160\u0101ds koncertu form\u0101ts \u013cauj skat\u012bt\u0101jiem ne tikai baud\u012bt m\u016bziku, bet ar\u012b dzi\u013c\u0101k izprast dziesmu noz\u012bmi un v\u0113sturisko kontekstu.<\/p>\n<p>\u00abVilka\u010du\u00bb diskogr\u0101fija un n\u0101kotnes ieceres<\/p>\n<p>Pag\u0101ju\u0161aj\u0101 gad\u0101 folkloras kopa \u00abVilka\u010di\u00bb izdeva savu ceturto studijas albumu \u00ab\u0136ezbier\u0113s\u00bb, kas ieguvis uzman\u012bbu ar savu neparasto nosaukumu, ko Dienvidkurzem\u0113 saista ar \u0137ir\u0161u og\u0101m un senatn\u0113 \u2013 ar skaist\u0101m meiten\u0113m. Album\u0101 apkopotas gan jautras un neb\u0113dn\u012bgas, gan skumjas dziesmas, kas atspogu\u013co cilv\u0113ku savstarp\u0113j\u0101s attiec\u012bbas. \u00abVilka\u010di\u00bb turpina akt\u012bvi populariz\u0113t seno baltu kult\u016bru sabiedr\u012bb\u0101, neskatoties uz 21. gadsimta globaliz\u0113to vidi. Vi\u0146u devums latvie\u0161u kult\u016brai ir neatsverams, saglab\u0101jot un populariz\u0113jot sen\u010du trad\u012bcijas un v\u0113rt\u012bbas. Kopa aicina visus uz saviem pas\u0101kumiem, lai piedz\u012bvotu neaizmirstamu muzik\u0101lu un v\u0113sturisku ce\u013cojumu, stiprinot saikni ar sav\u0101m sakn\u0113m un sen\u010du mantojumu.<\/p>\n","protected":false},"excerpt":{"rendered":"Folkloras un seno c\u012b\u0146u kopa \u00abVilka\u010di\u00bb nosvin 25 gadus ar iespaid\u012bgu koncertu \u00abSirojums\u00bb Folkloras un seno c\u012b\u0146u kopa&hellip;\n","protected":false},"author":2,"featured_media":50477,"comment_status":"","ping_status":"","sticky":false,"template":"","format":"standard","meta":{"footnotes":""},"categories":[19],"tags":[89,329,90,193,35,39,38,36,37,34,160,40,13816,326],"class_list":{"0":"post-50476","1":"post","2":"type-post","3":"status-publish","4":"format-standard","5":"has-post-thumbnail","7":"category-izklaide","8":"tag-entertainment","9":"tag-folklora","10":"tag-izklaide","11":"tag-jubilejas-koncerts","12":"tag-latvia","13":"tag-latvian","14":"tag-latviesu","15":"tag-latviesu-valoda","16":"tag-latviesuvaloda","17":"tag-latvija","18":"tag-latvijas-kultura","19":"tag-lv","20":"tag-senas-cinas","21":"tag-vilkaci"},"share_on_mastodon":{"url":"https:\/\/pubeurope.com\/@lv\/115557858189004111","error":""},"_links":{"self":[{"href":"https:\/\/www.europesays.com\/lv\/wp-json\/wp\/v2\/posts\/50476","targetHints":{"allow":["GET"]}}],"collection":[{"href":"https:\/\/www.europesays.com\/lv\/wp-json\/wp\/v2\/posts"}],"about":[{"href":"https:\/\/www.europesays.com\/lv\/wp-json\/wp\/v2\/types\/post"}],"author":[{"embeddable":true,"href":"https:\/\/www.europesays.com\/lv\/wp-json\/wp\/v2\/users\/2"}],"replies":[{"embeddable":true,"href":"https:\/\/www.europesays.com\/lv\/wp-json\/wp\/v2\/comments?post=50476"}],"version-history":[{"count":0,"href":"https:\/\/www.europesays.com\/lv\/wp-json\/wp\/v2\/posts\/50476\/revisions"}],"wp:featuredmedia":[{"embeddable":true,"href":"https:\/\/www.europesays.com\/lv\/wp-json\/wp\/v2\/media\/50477"}],"wp:attachment":[{"href":"https:\/\/www.europesays.com\/lv\/wp-json\/wp\/v2\/media?parent=50476"}],"wp:term":[{"taxonomy":"category","embeddable":true,"href":"https:\/\/www.europesays.com\/lv\/wp-json\/wp\/v2\/categories?post=50476"},{"taxonomy":"post_tag","embeddable":true,"href":"https:\/\/www.europesays.com\/lv\/wp-json\/wp\/v2\/tags?post=50476"}],"curies":[{"name":"wp","href":"https:\/\/api.w.org\/{rel}","templated":true}]}}