{"id":50490,"date":"2025-11-16T06:18:08","date_gmt":"2025-11-16T06:18:08","guid":{"rendered":"https:\/\/www.europesays.com\/lv\/50490\/"},"modified":"2025-11-16T06:18:08","modified_gmt":"2025-11-16T06:18:08","slug":"svetdiena-bus-dregna","status":"publish","type":"post","link":"https:\/\/www.europesays.com\/lv\/50490\/","title":{"rendered":"Sv\u0113tdiena b\u016bs dr\u0113gna"},"content":{"rendered":"<p>Dien\u0101 debesis Latvij\u0101 p\u0101rsvar\u0101 kl\u0101s <a href=\"https:\/\/www.apollo.lv\/term\/564319\/makoni\" class=\"topicLink\" target=\"_blank\" rel=\"nofollow noopener\">m\u0101ko\u0146i<\/a>, tom\u0113r viet\u0101m starp tiem izsprauksies ar\u012b saules stari. Viet\u0101m, p\u0101rsvar\u0101 valsts zieme\u013crietumu rajonos, gaid\u0101mi \u012bslaic\u012bgi nokri\u0161\u0146i &#8211; lietus vai slapj\u0161 sniegs. Atsevi\u0161\u0137os posmos uz ce\u013ciem turpin\u0101s veidoties neliels apledojums.<\/p>\n<p>Maksim\u0101l\u0101 gaisa temperat\u016bra b\u016bs +2, +7 gr\u0101di, bet austrumu rajonos gaiss iesils tikai l\u012bdz 0, +2 gr\u0101diem. P\u016bt\u012bs l\u0113ns l\u012bdz m\u0113rens dienvidrietumu, dienvidu v\u0113j\u0161, kas r\u012bta stund\u0101s piekrast\u0113 v\u0113l saglab\u0101sies br\u0101zmains.<\/p>\n<p>R\u012bg\u0101 diena b\u016bs liel\u0101koties m\u0101ko\u0146aina, tom\u0113r iev\u0113rojami nokri\u0161\u0146i nav gaid\u0101mi. P\u016bt\u012bs l\u0113ns l\u012bdz m\u0113rens dienvidrietumu, dienvidu v\u0113j\u0161. Gaisa temperat\u016bra neb\u016bs augst\u0101ka par +2, +3 gr\u0101diem.<\/p>\n","protected":false},"excerpt":{"rendered":"Dien\u0101 debesis Latvij\u0101 p\u0101rsvar\u0101 kl\u0101s m\u0101ko\u0146i, tom\u0113r viet\u0101m starp tiem izsprauksies ar\u012b saules stari. Viet\u0101m, p\u0101rsvar\u0101 valsts zieme\u013crietumu&hellip;\n","protected":false},"author":2,"featured_media":50491,"comment_status":"","ping_status":"","sticky":false,"template":"","format":"standard","meta":{"footnotes":""},"categories":[5],"tags":[23,28,29,32,33,22,396,397,30,31,35,39,38,36,37,34,40,13765,20,26,27,24,25,21],"class_list":{"0":"post-50490","1":"post","2":"type-post","3":"status-publish","4":"format-standard","5":"has-post-thumbnail","7":"category-aktualitates","8":"tag-aktualitates","9":"tag-breaking-news","10":"tag-breakingnews","11":"tag-featured-news","12":"tag-featurednews","13":"tag-headlines","14":"tag-laika-zinas","15":"tag-laikapstakli","16":"tag-latest-news","17":"tag-latestnews","18":"tag-latvia","19":"tag-latvian","20":"tag-latviesu","21":"tag-latviesu-valoda","22":"tag-latviesuvaloda","23":"tag-latvija","24":"tag-lv","25":"tag-makoni","26":"tag-news","27":"tag-popularakas-zinas","28":"tag-popularakaszinas","29":"tag-top-stories","30":"tag-topstories","31":"tag-zinas"},"share_on_mastodon":{"url":"https:\/\/pubeurope.com\/@lv\/115557925132136983","error":""},"_links":{"self":[{"href":"https:\/\/www.europesays.com\/lv\/wp-json\/wp\/v2\/posts\/50490","targetHints":{"allow":["GET"]}}],"collection":[{"href":"https:\/\/www.europesays.com\/lv\/wp-json\/wp\/v2\/posts"}],"about":[{"href":"https:\/\/www.europesays.com\/lv\/wp-json\/wp\/v2\/types\/post"}],"author":[{"embeddable":true,"href":"https:\/\/www.europesays.com\/lv\/wp-json\/wp\/v2\/users\/2"}],"replies":[{"embeddable":true,"href":"https:\/\/www.europesays.com\/lv\/wp-json\/wp\/v2\/comments?post=50490"}],"version-history":[{"count":0,"href":"https:\/\/www.europesays.com\/lv\/wp-json\/wp\/v2\/posts\/50490\/revisions"}],"wp:featuredmedia":[{"embeddable":true,"href":"https:\/\/www.europesays.com\/lv\/wp-json\/wp\/v2\/media\/50491"}],"wp:attachment":[{"href":"https:\/\/www.europesays.com\/lv\/wp-json\/wp\/v2\/media?parent=50490"}],"wp:term":[{"taxonomy":"category","embeddable":true,"href":"https:\/\/www.europesays.com\/lv\/wp-json\/wp\/v2\/categories?post=50490"},{"taxonomy":"post_tag","embeddable":true,"href":"https:\/\/www.europesays.com\/lv\/wp-json\/wp\/v2\/tags?post=50490"}],"curies":[{"name":"wp","href":"https:\/\/api.w.org\/{rel}","templated":true}]}}