{"id":50494,"date":"2025-11-16T06:21:09","date_gmt":"2025-11-16T06:21:09","guid":{"rendered":"https:\/\/www.europesays.com\/lv\/50494\/"},"modified":"2025-11-16T06:21:09","modified_gmt":"2025-11-16T06:21:09","slug":"lidz-pat-800-km-distancei-un-10-minusu-uzlade-lente-lv-2","status":"publish","type":"post","link":"https:\/\/www.europesays.com\/lv\/50494\/","title":{"rendered":"l\u012bdz pat 800 km distancei un 10 min\u016b\u0161u uzl\u0101de\u00a0\u2014\u00a0Lente.lv"},"content":{"rendered":"<p>Jauna \u0113ra BMW: iX3 elektroauto atkl\u0101j ar iespaid\u012bgu sniegumu<\/p>\n<p>BMW ir v\u0113rien\u012bgi ien\u0101cis elektrisko krosoveru segment\u0101, prezent\u0113jot jauno iX3 modeli, kas tiek d\u0113v\u0113ts par &#8220;lielu l\u0113cienu&#8221; uz priek\u0161u sal\u012bdzinum\u0101 ar iepriek\u0161\u0113j\u0101m paaudz\u0113m. \u0160\u012b automa\u0161\u012bna sola ne tikai iev\u0113rojamu gaitas distanci, bet ar\u012b revoluc\u012bnu uzl\u0101des iesp\u0113j\u0101s un integr\u0113tu vismodern\u0101ko tehnolo\u0123iju kl\u0101stu. BMW jau s\u0101kotn\u0113ji apliecin\u0101ja, ka iX3 k\u013c\u016bs par &#8220;jaunu etalonu industrij\u0101&#8221;, un debija, kas notika Minhenes autoizst\u0101d\u0113, to apliecina. \u0160is stil\u012bgais elektriskais krosovers ir pirmais modelis no jaun\u0101s &#8220;Neue Klasse&#8221; platformas, signaliz\u0113jot par jaunas \u0113ras s\u0101kumu z\u012bmolam.<\/p>\n<p>BMW izpilddirektors Olivers Cipse \u0161o br\u012bdi raksturojis k\u0101 &#8220;reizi m\u016b\u017e\u0101 gad\u0101 notieko\u0161u notikumu&#8221;, uzsverot iX3 noz\u012bm\u012bgumu BMW v\u0113stur\u0113. iX3 ir piln\u012bgi jaunas paaudzes BMW automobilis, kas rad\u012bts no nulles. K\u0101 nor\u0101d\u012bjis Cipse, dizaina zi\u0146\u0101 komp\u0101nija &#8220;izlaida veselu paaudzi&#8221;, vienlaikus padarot automa\u0161\u012bnu &#8220;v\u0113l vair\u0101k BMW nek\u0101 jebkad agr\u0101k&#8221;. Tas ir skaidri redzams gan eksterjer\u0101, gan interjer\u0101.<\/p>\n<p>BMW iX3 tehnisk\u0101s \u012bpa\u0161\u012bbas un dizains<\/p>\n<p>Ar 4782 mm garumu, 1895 mm platumu un 1635 mm augstumu, BMW iX3 izm\u0113ros ir sal\u012bdzin\u0101ms ar Porsche Macan Electric. Lai pan\u0101ktu maksim\u0101lo gaitas distanci, dizains ir maksim\u0101li aerodinamisks un ask\u0113tisks, ar minim\u0101lu l\u012bklo\u010du skaitu. \u0100r\u0113jais izskats at\u0161\u0137iras ar jaunu priek\u0161\u0113jo da\u013cu, kur\u0101 domin\u0113 vertik\u0101la radiatora reste, kas pasv\u012btro automa\u0161\u012bnas proporcion\u0101l\u0101ku un sp\u0113c\u012bg\u0101ku st\u0101ju. \u0160\u012b ir pirm\u0101 BMW elektromobi\u013cu s\u0113rijas mode\u013ca platforma &#8220;Gen6&#8221;, kas nodro\u0161ina iev\u0113rojamu progresu gaitas distanc\u0113, efektivit\u0101t\u0113, uzl\u0101des \u0101trum\u0101 un kop\u0113j\u0101 funkcionalit\u0101t\u0113. Turkl\u0101t iX3 ir pirmais BMW elektroauto ar divvirzienu uzl\u0101des funkciju, kas atver jaunas iesp\u0113jas ener\u0123ijas p\u0101rvald\u012bb\u0101.<\/p>\n<p>WLTP cikl\u0101 deklar\u0113t\u0101 gaitas distance sniedzas l\u012bdz pat 800 km, savuk\u0101rt p\u0113c amerik\u0101\u0146u EPA standarta prognoz\u0113ts aptuveni 400 j\u016bd\u017eu (643 km) nobraukums. Pateicoties 800 voltu arhitekt\u016brai, iX3 sp\u0113j pie\u0146emt uzl\u0101des jaudu l\u012bdz pat 400 kW. BMW nor\u0101da, ka tikai 10 min\u016b\u0161u laik\u0101 akumulators var uz\u0146emt ener\u0123iju, kas \u013cauj nobraukt vair\u0101k nek\u0101 370 km \u2013 tas ir patie\u0161\u0101m iespaid\u012bgs r\u0101d\u012bt\u0101js, kas iev\u0113rojami samazina uzl\u0101des laiku un rada saj\u016btu, ka ce\u013cojumi ir bezgal\u012bgi.<\/p>\n<p>Interjers un tehnolo\u0123iskais &#8220;superdators&#8221;<\/p>\n<p>Interjer\u0101 veiktas fundament\u0101las p\u0101rmai\u0146as, apvienojot minim\u0101listisku dizainu ar jaun\u0101kaj\u0101m tehnolo\u0123ij\u0101m. Centr\u0101 atrodas milz\u012bgs 17,9 collu multimediju sist\u0113mas ekr\u0101ns, kas darbojas uz jaunas BMW Operating System X oper\u0113t\u0101jsist\u0113mas. \u0160\u012b jaun\u0101 multimediju sist\u0113ma balst\u0101s uz \u010detriem jaud\u012bgiem datoriem, kas sp\u0113j apstr\u0101d\u0101t datus 20 reizes \u0101tr\u0101k nek\u0101 pa\u0161reiz\u0113jie risin\u0101jumi. Modelis ir pirmais BMW pied\u0101v\u0101jum\u0101 ar jauno &#8220;Panoramic iDrive&#8221; saskarni, kas, p\u0113c komp\u0101nijas teikt\u0101, rada &#8220;piln\u012bgi jaunu brauk\u0161anas pieredzi&#8221; un noteiks standartu n\u0101kamajiem BMW mode\u013ciem. Tas noz\u012bm\u0113, ka katrs brauciens k\u013c\u016bs ne tikai efekt\u012bv\u0101ks, bet ar\u012b daudz saisto\u0161\u0101ks un intuit\u012bv\u0101ks.<\/p>\n<p>Ra\u017eo\u0161ana, cenas un n\u0101kotnes pl\u0101ni<\/p>\n<p>BMW iX3 ra\u017eo\u0161ana s\u0101ksies jau \u0161ogad jaunaj\u0101 BMW r\u016bpn\u012bc\u0101 Debrec\u0113n\u0101, Ung\u0101rij\u0101. Pirm\u0101s automa\u0161\u012bnas Eirop\u0101 s\u0101ks pieg\u0101d\u0101t 2026. gada s\u0101kum\u0101, bet ASV tirg\u016b modelis non\u0101ks vasar\u0101. \u0136\u012bnai tiks ra\u017eota speci\u0101la versija \u0160e\u0146janas r\u016bpn\u012bc\u0101. S\u0101kotn\u0113ji BMW prezent\u0113s iX3 50 xDrive versiju, kuras cena V\u0101cij\u0101 jau ir pieejama no 68 900 eiro. ASV 2026. gada vasar\u0101 jaunais iX3 maks\u0101s no aptuveni 60 000 dol\u0101riem, pied\u0101v\u0101jot aptuveni 400 j\u016bd\u017eu (643 km) gaitas distanci. 2027. gada s\u0101kum\u0101 sekos iX3 40 sDrive un iX3 40 xDrive varianti, kuru cenas b\u016bs zem 55 000 dol\u0101riem, bet gaitas distance p\u0101rsniegs 300 j\u016bdzes (vair\u0101k nek\u0101 480 km).<\/p>\n<p>BMW ir apstiprin\u0101jis, ka no n\u0101kam\u0101 gada visiem t\u0101 mode\u013ciem b\u016bs jauna dizaina un tehnikas pieeja. L\u012bdz 2027. gadam komp\u0101nija pl\u0101no ieviest 40 jaunus vai atjaunin\u0101tus automobi\u013cus, un iX3 ir \u0161\u012b grandioz\u0101 mode\u013cu atjaunin\u0101\u0161anas programmas atkl\u0101jums. Tas ir ne tikai jauns auto, bet ar\u012b jauna filozofija, kas main\u012bs m\u016bsu izpratni par elektrisko mobilit\u0101ti.<\/p>\n","protected":false},"excerpt":{"rendered":"Jauna \u0113ra BMW: iX3 elektroauto atkl\u0101j ar iespaid\u012bgu sniegumu BMW ir v\u0113rien\u012bgi ien\u0101cis elektrisko krosoveru segment\u0101, prezent\u0113jot jauno&hellip;\n","protected":false},"author":2,"featured_media":50495,"comment_status":"","ping_status":"","sticky":false,"template":"","format":"standard","meta":{"footnotes":""},"categories":[16],"tags":[2559,77,13384,76,2558,13806,13805,35,39,38,36,37,34,40],"class_list":{"0":"post-50494","1":"post","2":"type-post","3":"status-publish","4":"format-standard","5":"has-post-thumbnail","7":"category-bizness","8":"tag-atra-uzlade","9":"tag-bizness","10":"tag-bmw-ix3","11":"tag-business","12":"tag-elektroauto","13":"tag-gaitas-distance","14":"tag-jauns-modelis","15":"tag-latvia","16":"tag-latvian","17":"tag-latviesu","18":"tag-latviesu-valoda","19":"tag-latviesuvaloda","20":"tag-latvija","21":"tag-lv"},"share_on_mastodon":{"url":"https:\/\/pubeurope.com\/@lv\/115557936858715163","error":""},"_links":{"self":[{"href":"https:\/\/www.europesays.com\/lv\/wp-json\/wp\/v2\/posts\/50494","targetHints":{"allow":["GET"]}}],"collection":[{"href":"https:\/\/www.europesays.com\/lv\/wp-json\/wp\/v2\/posts"}],"about":[{"href":"https:\/\/www.europesays.com\/lv\/wp-json\/wp\/v2\/types\/post"}],"author":[{"embeddable":true,"href":"https:\/\/www.europesays.com\/lv\/wp-json\/wp\/v2\/users\/2"}],"replies":[{"embeddable":true,"href":"https:\/\/www.europesays.com\/lv\/wp-json\/wp\/v2\/comments?post=50494"}],"version-history":[{"count":0,"href":"https:\/\/www.europesays.com\/lv\/wp-json\/wp\/v2\/posts\/50494\/revisions"}],"wp:featuredmedia":[{"embeddable":true,"href":"https:\/\/www.europesays.com\/lv\/wp-json\/wp\/v2\/media\/50495"}],"wp:attachment":[{"href":"https:\/\/www.europesays.com\/lv\/wp-json\/wp\/v2\/media?parent=50494"}],"wp:term":[{"taxonomy":"category","embeddable":true,"href":"https:\/\/www.europesays.com\/lv\/wp-json\/wp\/v2\/categories?post=50494"},{"taxonomy":"post_tag","embeddable":true,"href":"https:\/\/www.europesays.com\/lv\/wp-json\/wp\/v2\/tags?post=50494"}],"curies":[{"name":"wp","href":"https:\/\/api.w.org\/{rel}","templated":true}]}}