{"id":50528,"date":"2025-11-16T07:07:07","date_gmt":"2025-11-16T07:07:07","guid":{"rendered":"https:\/\/www.europesays.com\/lv\/50528\/"},"modified":"2025-11-16T07:07:07","modified_gmt":"2025-11-16T07:07:07","slug":"artis-ostups-sanem-ojara-vaciesa-literaro-premiju-dzeja-par-krajumu-patiesiba-lente-lv","status":"publish","type":"post","link":"https:\/\/www.europesays.com\/lv\/50528\/","title":{"rendered":"Artis Ostups sa\u0146em Oj\u0101ra V\u0101cie\u0161a liter\u0101ro pr\u0113miju dzej\u0101 par kr\u0101jumu \u00abPaties\u012bba\u00bb\u00a0\u2014\u00a0Lente.lv"},"content":{"rendered":"<p>Oj\u0101ra V\u0101cie\u0161a liter\u0101r\u0101s pr\u0113mijas dzej\u0101 laure\u0101ts \u2013 Artis Ostups ar kr\u0101jumu \u00abPaties\u012bba\u00bb<\/p>\n<p>\u0160\u012b gada Oj\u0101ra V\u0101cie\u0161a liter\u0101r\u0101s pr\u0113mijas dzej\u0101 godu ieguvis Artis Ostups, kura dzejo\u013cu kr\u0101jums \u00abPaties\u012bba\u00bb ir nov\u0113rt\u0113ts k\u0101 izcil\u0101kais darbs. \u0160\u012b presti\u017e\u0101 balva, kas godina dzejnieka Oj\u0101ra V\u0101cie\u0161a piemi\u0146u un veicina latvie\u0161u dzejas att\u012bst\u012bbu, tiek pasniegta par noz\u012bm\u012bgiem sasniegumiem latvie\u0161u dzejas m\u0101ksl\u0101.<\/p>\n<p>Par godalgoto kr\u0101jumu \u00abPaties\u012bba\u00bb<\/p>\n<p>\u00abPaties\u012bba\u00bb ir dzejnieka Artas Ostupa jaun\u0101kais darbs, kas piesaist\u012bjis uzman\u012bbu ar savu dzi\u013cumu, ori\u0123inalit\u0101ti un sp\u0113ju aizskart las\u012bt\u0101ja emocion\u0101lo sf\u0113ru. Kr\u0101jums, k\u0101 liecina t\u0101 nosaukums, pieskaras paties\u012bbas mekl\u0113jumiem un t\u0101s daudzaj\u0101m \u0161\u0137autn\u0113m m\u016bsdienu pasaul\u0113. Ostupa dzeja bie\u017ei vien ir int\u012bma un p\u0101rdomu rosino\u0161a, aicinot las\u012bt\u0101ju iedzi\u013cin\u0101ties sav\u0101s saj\u016bt\u0101s un dom\u0101s. \u0160is darbs nav iz\u0146\u0113mums, pied\u0101v\u0101jot daudzsl\u0101\u0146ainu skat\u012bjumu uz cilv\u0113ka eksistenci un attiec\u012bb\u0101m ar pasauli.<\/p>\n<p>Oj\u0101ra V\u0101cie\u0161a liter\u0101r\u0101s pr\u0113mijas noz\u012bme<\/p>\n<p>Oj\u0101ra V\u0101cie\u0161a liter\u0101r\u0101 pr\u0113mija ir viena no noz\u012bm\u012bg\u0101kaj\u0101m godalg\u0101m latvie\u0161u literat\u016br\u0101, kas dibin\u0101ta, lai godin\u0101tu izcil\u0101 latvie\u0161u dzejnieka Oj\u0101ra V\u0101cie\u0161a (1933-1983) rado\u0161o mantojumu. Pr\u0113mijas m\u0113r\u0137is ir atbalst\u012bt un populariz\u0113t latvie\u0161u dzeju, izce\u013cot tos autorus, kuri ar saviem darbiem sniedz iev\u0113rojamu ieguld\u012bjumu latvie\u0161u literat\u016bras att\u012bst\u012bb\u0101. Katru gadu tiek izv\u0113rtoti jaun\u0101kie dzejas kr\u0101jumi, un \u017e\u016brija, kas sast\u0101v no literat\u016bras zin\u0101tniekiem un kriti\u0137iem, pie\u0146em l\u0113mumu par laure\u0101tu. \u0160ogad \u0161o godu ieguva Artis Ostups, apliecinot sava talanta un liter\u0101r\u0101 darba augsto v\u0113rt\u012bbu.<\/p>\n<p>Artis Ostups \u2013 dzejnieks un laure\u0101ts<\/p>\n<p>Artis Ostups ir atz\u012bts un iem\u012b\u013cots dzejnieks, kura dai\u013crade jau ilg\u0101ku laiku tiek nov\u0113rt\u0113ta Latvijas literat\u016bras vid\u0113. Vi\u0146a dzeja raksturojas ar intelektu\u0101lu dzi\u013cumu, prec\u012bzu valodu un sp\u0113ju atkl\u0101t sare\u017e\u0123\u012btas emocion\u0101las nianses. Ostups ir vair\u0101ku dzejas kr\u0101jumu autors, un par saviem darbiem sa\u0146\u0113mis ar\u012b citas liter\u0101r\u0101s godalgas. \u0160\u012b jaun\u0101 balva v\u0113lreiz apliecina vi\u0146a noz\u012bm\u012bgo vietu m\u016bsdienu latvie\u0161u dzej\u0101. Vi\u0146a sp\u0113ja iet\u0113rpt dzi\u013cas p\u0101rdomas un eksistenci\u0101lus jaut\u0101jumus est\u0113tiski baud\u0101m\u0101 form\u0101 ir tas, kas padara vi\u0146a dzeju \u012bpa\u0161i v\u0113rt\u012bgu un pievilc\u012bgu.<\/p>\n<p>\u0100da\u017eu novada pa\u0161vald\u012bbas atbalsts kult\u016brai<\/p>\n<p>Par Oj\u0101ra V\u0101cie\u0161a liter\u0101r\u0101s pr\u0113mijas pie\u0161\u0137ir\u0161anu inform\u0113ja \u0100da\u017eu novada pa\u0161vald\u012bba, kas akt\u012bvi atbalsta kult\u016bras un liter\u0101ros pas\u0101kumus sav\u0101 novad\u0101. \u0160\u012b pr\u0113mija ir viens no veidiem, k\u0101 pa\u0161vald\u012bba apliecina savu ap\u0146em\u0161anos veicin\u0101t latvie\u0161u valodas un literat\u016bras saglab\u0101\u0161anu un att\u012bst\u012bbu, k\u0101 ar\u012b godin\u0101t noz\u012bm\u012bgus latvie\u0161u kult\u016bras darbiniekus.<\/p>\n","protected":false},"excerpt":{"rendered":"Oj\u0101ra V\u0101cie\u0161a liter\u0101r\u0101s pr\u0113mijas dzej\u0101 laure\u0101ts \u2013 Artis Ostups ar kr\u0101jumu \u00abPaties\u012bba\u00bb \u0160\u012b gada Oj\u0101ra V\u0101cie\u0161a liter\u0101r\u0101s pr\u0113mijas&hellip;\n","protected":false},"author":2,"featured_media":50529,"comment_status":"","ping_status":"","sticky":false,"template":"","format":"standard","meta":{"footnotes":""},"categories":[19],"tags":[13473,3633,13828,89,90,35,39,38,36,37,34,40,13827,13829],"class_list":{"0":"post-50528","1":"post","2":"type-post","3":"status-publish","4":"format-standard","5":"has-post-thumbnail","7":"category-izklaide","8":"tag-artis-ostups","9":"tag-dzejas-krajums","10":"tag-dzejnieks","11":"tag-entertainment","12":"tag-izklaide","13":"tag-latvia","14":"tag-latvian","15":"tag-latviesu","16":"tag-latviesu-valoda","17":"tag-latviesuvaloda","18":"tag-latvija","19":"tag-lv","20":"tag-ojara-vaciesa-literara-premija","21":"tag-patiesiba"},"share_on_mastodon":{"url":"https:\/\/pubeurope.com\/@lv\/115558117728211035","error":""},"_links":{"self":[{"href":"https:\/\/www.europesays.com\/lv\/wp-json\/wp\/v2\/posts\/50528","targetHints":{"allow":["GET"]}}],"collection":[{"href":"https:\/\/www.europesays.com\/lv\/wp-json\/wp\/v2\/posts"}],"about":[{"href":"https:\/\/www.europesays.com\/lv\/wp-json\/wp\/v2\/types\/post"}],"author":[{"embeddable":true,"href":"https:\/\/www.europesays.com\/lv\/wp-json\/wp\/v2\/users\/2"}],"replies":[{"embeddable":true,"href":"https:\/\/www.europesays.com\/lv\/wp-json\/wp\/v2\/comments?post=50528"}],"version-history":[{"count":0,"href":"https:\/\/www.europesays.com\/lv\/wp-json\/wp\/v2\/posts\/50528\/revisions"}],"wp:featuredmedia":[{"embeddable":true,"href":"https:\/\/www.europesays.com\/lv\/wp-json\/wp\/v2\/media\/50529"}],"wp:attachment":[{"href":"https:\/\/www.europesays.com\/lv\/wp-json\/wp\/v2\/media?parent=50528"}],"wp:term":[{"taxonomy":"category","embeddable":true,"href":"https:\/\/www.europesays.com\/lv\/wp-json\/wp\/v2\/categories?post=50528"},{"taxonomy":"post_tag","embeddable":true,"href":"https:\/\/www.europesays.com\/lv\/wp-json\/wp\/v2\/tags?post=50528"}],"curies":[{"name":"wp","href":"https:\/\/api.w.org\/{rel}","templated":true}]}}