{"id":50532,"date":"2025-11-16T07:11:11","date_gmt":"2025-11-16T07:11:11","guid":{"rendered":"https:\/\/www.europesays.com\/lv\/50532\/"},"modified":"2025-11-16T07:11:11","modified_gmt":"2025-11-16T07:11:11","slug":"riga-18-novembri-satiksme-ierobezota-sabiedriskais-transports-bez-maksas-svetku-pasakumu-plans-lente-lv-2","status":"publish","type":"post","link":"https:\/\/www.europesays.com\/lv\/50532\/","title":{"rendered":"R\u012bg\u0101 18. novembr\u012b satiksme ierobe\u017eota, sabiedriskais transports bez maksas \u2013 sv\u0113tku pas\u0101kumu pl\u0101ns\u00a0\u2014\u00a0Lente.lv"},"content":{"rendered":"<p>Satiksmes ierobe\u017eojumi un bezmaksas sabiedriskais transports R\u012bg\u0101 Latvijas Republikas proklam\u0113\u0161anas dien\u0101<\/p>\n<p>18. novembr\u012b, atz\u012bm\u0113jot Latvijas Republikas proklam\u0113\u0161anas 107. gadadienu, R\u012bg\u0101 notiks v\u0113rien\u012bgi sv\u0113tku pas\u0101kumi, kuru norise paredz satiksmes ierobe\u017eojumus pils\u0113tas centr\u0101 un citviet. Lai nodro\u0161in\u0101tu \u0113rt\u0101ku p\u0101rvieto\u0161anos sv\u0113tku laik\u0101, R\u012bgas sabiedriskais transports \u2013 autobusi, trolejbusi un tramvaji \u2013 b\u016bs bez maksas, un neb\u016bs nepiecie\u0161ams re\u0123istr\u0113t braucienus. T\u0101pat ar\u012b \u201cR\u012bgas satiksmes\u201d apsaimniekot\u0101s autost\u0101vvietas ielu mal\u0101s b\u016bs pieejamas bez maksas, iz\u0146emot pazemes autost\u0101vvietu pie Kongresu nama.<\/p>\n<p>Sv\u0113tku pas\u0101kumi un to ietekme uz satiksmi<\/p>\n<p>Centr\u0101lajos sv\u0113tku pas\u0101kumos gaid\u0101ma liela cilv\u0113ku pl\u016bsma, t\u0101p\u0113c autovad\u012bt\u0101jiem j\u0101r\u0113\u0137in\u0101s ar pagaidu satiksmes sl\u0113g\u0161anu un apgr\u016btin\u0101jumiem. No plkst. 13:30 11. novembra krastmal\u0101 notiks Nacion\u0101lo bru\u0146oto sp\u0113ku milit\u0101r\u0101 par\u0101de, kas ietekm\u0113s satiksmi vair\u0101kos pils\u0113tas noz\u012bmes ce\u013cos. K\u0101jnieku mar\u0161ruts paredz\u0113ts no 11. novembra krastmalas l\u012bdz Skanstes ielai, savuk\u0101rt milit\u0101r\u0101 tehnika p\u0101rvietosies pa 11. novembra krastmalu un \u0122ener\u0101\u013ca Radzi\u0146a krastmalu l\u012bdz Salu tiltam. Valsts policija regul\u0113s satiksmi un nepiecie\u0161am\u012bbas gad\u012bjum\u0101 atsevi\u0161\u0137os posmos tos sl\u0113gs. T\u0101p\u0113c sabiedrisk\u0101 transporta kust\u012bb\u0101 mar\u0161rutos, kas \u0161\u0137\u0113rso min\u0113t\u0101s ielas, iesp\u0113jamas novirzes no grafika. \u012apa\u0161i j\u0101\u0146em v\u0113r\u0101 22. autobusa mar\u0161ruta izmai\u0146as, kas par\u0101des laik\u0101 tiks novirz\u012bts pa apvedce\u013cu virzien\u0101 uz lidostu \u201cR\u012bga\u201d, lai nodro\u0161in\u0101tu nep\u0101rtrauktu satiksmi.<\/p>\n<p>Plkst. 18:00 s\u0101ksies tradicion\u0101lais L\u0101pu g\u0101jiens, kas virz\u012bsies no K. Ulma\u0146a pieminek\u013ca pa Rai\u0146a bulv\u0101ri, K. Barona ielu, Aspazijas bulv\u0101ri, Z. A. Meierovica bulv\u0101ri, K. Valdem\u0101ra ielu, atgrie\u017eoties Rai\u0146a bulv\u0101r\u012b. \u0160\u012b pas\u0101kuma laik\u0101 ar\u012b tiks regul\u0113ta un atsevi\u0161\u0137os posmos sl\u0113gta satiksme, kas var rad\u012bt aizkav\u0113\u0161anos sabiedriskaj\u0101 transport\u0101.<\/p>\n<p>Sabiedrisk\u0101 transporta papildu reisi un izmai\u0146as mar\u0161rutos<\/p>\n<p>Lai nodro\u0161in\u0101tu \u0113rtu nok\u013c\u016b\u0161anu uz un no sv\u0113tku pas\u0101kumiem, no plkst. 17:00 l\u012bdz pusnaktij atsevi\u0161\u0137os sabiedrisk\u0101 transporta mar\u0161rutos tiks organiz\u0113ti papildu reisi. Autobusi kurs\u0113s papildus 3., 11., 12., 18., 23., 24., 25., 37., 41., 50., 51., 52. un 53. mar\u0161rut\u0101. Tramvajiem tiks nodro\u0161in\u0101ti papildu reisi 1., 5., 7., 10. un 11. mar\u0161rut\u0101, savuk\u0101rt trolejbusiem papildus reisi b\u016bs pieejami 4., 9., 14., 15., 17., 18., 22. un 27. mar\u0161rut\u0101. Uz\u0146\u0113mums \u201cR\u012bgas satiksme\u201d aicina iedz\u012bvot\u0101jus un pils\u0113tas viesus savlaic\u012bgi pl\u0101not savus braucienus, jo satiksmes intensit\u0101te pils\u0113t\u0101 18. novembr\u012b b\u016bs iev\u0113rojami liel\u0101ka.<\/p>\n<p>Sv\u0113tku programma R\u012bg\u0101 \u2013 kult\u016bras un piemi\u0146as pas\u0101kumi<\/p>\n<p>Latvijas Republikas proklam\u0113\u0161anas 107. gadadiena tiks svin\u0113ta ar daudzveid\u012bgu kult\u016bras programmu vis\u0101 pils\u0113t\u0101. B\u016btisk\u0101kais notikums b\u016bs svin\u012bbas pie Br\u012bv\u012bbas pieminek\u013ca, kur\u0161 \u0161ogad atz\u012bm\u0113 savu 90. jubileju. Plkst. 19:00 Br\u012bv\u012bbas laukum\u0101 notiks svin\u012bgs pas\u0101kums ar koncertu \u201cMantojums\u201d, kur\u0101 uzst\u0101sies Latvij\u0101 zin\u0101mas \u0123imenes, uzsverot paaud\u017eu saikni un trad\u012bciju nodo\u0161anu. P\u0113c koncerta Valsts prezidents Edgars Rink\u0113vi\u010ds teiks uzrunu, kam sekos iespaid\u012bgs l\u0101zeru, ska\u0146as un gaismas priek\u0161nesums. Sv\u0113tku koncerti notiks ar\u012b da\u017e\u0101d\u0101s R\u012bgas apkaim\u0113s, piem\u0113ram, VEF Kult\u016bras pil\u012b, Kult\u016bras centr\u0101 \u201cI\u013c\u0123uciems\u201d un kult\u016bras pil\u012b \u201cZieme\u013cbl\u0101zma\u201d, pied\u0101v\u0101jot pla\u0161u muzik\u0101lu programmu.<\/p>\n<p>Interesenti aicin\u0101ti apmekl\u0113t ar\u012b Latvijas Nacion\u0101l\u0101 v\u0113stures muzeju R\u012bgas pil\u012b, kur notiks pas\u0101kums \u201cLatvie\u0161u v\u0113sturisk\u0101s zemes: pat\u012bba un trad\u012bcijas\u201d. Muzeja apmekl\u0113t\u0101ji var\u0113s iepaz\u012bt senos amatus, v\u0113sturisko zemju veido\u0161anos un m\u016bsu tautas nemateri\u0101lo kult\u016bras mantojumu. Ieeja muzej\u0101 \u0161aj\u0101 dien\u0101 b\u016bs bez maksas.<\/p>\n","protected":false},"excerpt":{"rendered":"Satiksmes ierobe\u017eojumi un bezmaksas sabiedriskais transports R\u012bg\u0101 Latvijas Republikas proklam\u0113\u0161anas dien\u0101 18. novembr\u012b, atz\u012bm\u0113jot Latvijas Republikas proklam\u0113\u0161anas 107.&hellip;\n","protected":false},"author":2,"featured_media":50533,"comment_status":"","ping_status":"","sticky":false,"template":"","format":"standard","meta":{"footnotes":""},"categories":[12],"tags":[12296,23,9855,28,29,32,33,22,30,31,35,39,38,36,37,34,40,20,26,27,172,1954,2858,24,25,21],"class_list":{"0":"post-50532","1":"post","2":"type-post","3":"status-publish","4":"format-standard","5":"has-post-thumbnail","7":"category-latvija","8":"tag-18-novembris","9":"tag-aktualitates","10":"tag-bez-maksas","11":"tag-breaking-news","12":"tag-breakingnews","13":"tag-featured-news","14":"tag-featurednews","15":"tag-headlines","16":"tag-latest-news","17":"tag-latestnews","18":"tag-latvia","19":"tag-latvian","20":"tag-latviesu","21":"tag-latviesu-valoda","22":"tag-latviesuvaloda","23":"tag-latvija","24":"tag-lv","25":"tag-news","26":"tag-popularakas-zinas","27":"tag-popularakaszinas","28":"tag-riga","29":"tag-sabiedriskais-transports","30":"tag-satiksmes-ierobezojumi","31":"tag-top-stories","32":"tag-topstories","33":"tag-zinas"},"share_on_mastodon":{"url":"https:\/\/pubeurope.com\/@lv\/115558133615777278","error":""},"_links":{"self":[{"href":"https:\/\/www.europesays.com\/lv\/wp-json\/wp\/v2\/posts\/50532","targetHints":{"allow":["GET"]}}],"collection":[{"href":"https:\/\/www.europesays.com\/lv\/wp-json\/wp\/v2\/posts"}],"about":[{"href":"https:\/\/www.europesays.com\/lv\/wp-json\/wp\/v2\/types\/post"}],"author":[{"embeddable":true,"href":"https:\/\/www.europesays.com\/lv\/wp-json\/wp\/v2\/users\/2"}],"replies":[{"embeddable":true,"href":"https:\/\/www.europesays.com\/lv\/wp-json\/wp\/v2\/comments?post=50532"}],"version-history":[{"count":0,"href":"https:\/\/www.europesays.com\/lv\/wp-json\/wp\/v2\/posts\/50532\/revisions"}],"wp:featuredmedia":[{"embeddable":true,"href":"https:\/\/www.europesays.com\/lv\/wp-json\/wp\/v2\/media\/50533"}],"wp:attachment":[{"href":"https:\/\/www.europesays.com\/lv\/wp-json\/wp\/v2\/media?parent=50532"}],"wp:term":[{"taxonomy":"category","embeddable":true,"href":"https:\/\/www.europesays.com\/lv\/wp-json\/wp\/v2\/categories?post=50532"},{"taxonomy":"post_tag","embeddable":true,"href":"https:\/\/www.europesays.com\/lv\/wp-json\/wp\/v2\/tags?post=50532"}],"curies":[{"name":"wp","href":"https:\/\/api.w.org\/{rel}","templated":true}]}}