{"id":50538,"date":"2025-11-16T07:16:08","date_gmt":"2025-11-16T07:16:08","guid":{"rendered":"https:\/\/www.europesays.com\/lv\/50538\/"},"modified":"2025-11-16T07:16:08","modified_gmt":"2025-11-16T07:16:08","slug":"blue-origin-megarakete-new-glenn-otro-reizi-veiksmigi-sasniedz-kosmosu","status":"publish","type":"post","link":"https:\/\/www.europesays.com\/lv\/50538\/","title":{"rendered":"\u201cBlue Origin\u201d megara\u0137ete \u201cNew Glenn\u201d otro reizi veiksm\u012bgi sasniedz kosmosu"},"content":{"rendered":"<p>Gadu D\u017eefa Bezosa \u201cBlue Origin\u201d ies\u0101ka \u013coti veiksm\u012bgi,<a href=\"https:\/\/kursors.lv\/2025\/01\/17\/dzefa-bezosa-blue-origin-pirmo-reizi-orbita-veiksmigi-nogada-jauno-raketi-new-glenn\/\" rel=\"nofollow noopener\" target=\"_blank\"> pirmo reizi orb\u012bt\u0101 nog\u0101d\u0101jot<\/a> jauno megara\u0137eti \u201cNew Glenn\u201d. Toreiz uz\u0146\u0113mumam izdev\u0101s orb\u012bt\u0101 izvietot kravu, ta\u010du ar atk\u0101rtoti izmantojamo nes\u0113jra\u0137eti tika zaud\u0113ts kontakts. Nupat \u201cBlue Origin\u201d otro reizi palaida kosmos\u0101 \u201cNew Glenn\u201d ra\u0137eti un ne tikai veiksm\u012bgi tur nog\u0101d\u0101ja NASA kravu, bet ar\u012b izlaboja pirmaj\u0101 reiz\u0113 pie\u013caut\u0101s k\u013c\u016bdas.\n<\/p>\n<p>\u201cNew Glenn\u201d start\u0113ja 13. novembr\u012b no Kanaveralas Gaisa sp\u0113ku stacijas Florid\u0101. \u010cetras min\u016btes p\u0113c starta otr\u0101 pak\u0101pe veiksm\u012bgi atdal\u012bj\u0101s no pirm\u0101s pak\u0101pes jeb nes\u0113jra\u0137etes, kas p\u0113c tam dro\u0161i nolaid\u0101s uz Atlantijas oke\u0101n\u0101 izvietotas platformas \u201cJacklyn\u201d. Tas \u201cBlue Origin\u201d ir liels sasniegums, jo uz\u0146\u0113mumam pirmo reizi izdev\u0101s dro\u0161i nos\u0113din\u0101t nes\u0113jra\u0137eti, kas \u013cauj to izmantot atk\u0101rtoti. Ar to komp\u0101nija apliecin\u0101jusi, ka var nog\u0101d\u0101t liel\u0101kas kravas kosmos\u0101, uz M\u0113nesi un t\u0101l\u0101k.\n<\/p>\n<p>\u0160\u012b misija bija iev\u0113rojama ar\u012b kravas d\u0113\u013c. \u201cNew Glenn\u201d kosmos\u0101 nog\u0101d\u0101ja divus NASA kosmosa ku\u0123us, kas t\u0101l\u0101k turpin\u0101s savu ce\u013cu Marsa virzien\u0101, lai p\u0113t\u012btu Sarkan\u0101s plan\u0113tas atmosf\u0113ru. \u0160is solis ir da\u013ca no NASA ESCAPADE (sa\u012bsin\u0101jums no \u201cEscape and Plasma Acceleration and Dynamics Explorers\u201d) misijas, un \u201cBlue Origin\u201d tagad labi pier\u0101d\u012bjis sevi k\u0101 <a href=\"https:\/\/kursors.lv\/2023\/02\/12\/nasa-izvelas-blue-origin-zinatniskajai-misijai-uz-marsu\/\" rel=\"nofollow noopener\" target=\"_blank\">uzticamu partneri<\/a>.<\/p>\n","protected":false},"excerpt":{"rendered":"Gadu D\u017eefa Bezosa \u201cBlue Origin\u201d ies\u0101ka \u013coti veiksm\u012bgi, pirmo reizi orb\u012bt\u0101 nog\u0101d\u0101jot jauno megara\u0137eti \u201cNew Glenn\u201d. Toreiz uz\u0146\u0113mumam&hellip;\n","protected":false},"author":2,"featured_media":50539,"comment_status":"","ping_status":"","sticky":false,"template":"","format":"standard","meta":{"footnotes":""},"categories":[14],"tags":[23,57,28,29,32,33,22,30,31,35,39,38,36,37,34,40,20,26,27,24,25,54,55,56,21,58],"class_list":{"0":"post-50538","1":"post","2":"type-post","3":"status-publish","4":"format-standard","5":"has-post-thumbnail","7":"category-zinas-no-arvalstim","8":"tag-aktualitates","9":"tag-arvalstim","10":"tag-breaking-news","11":"tag-breakingnews","12":"tag-featured-news","13":"tag-featurednews","14":"tag-headlines","15":"tag-latest-news","16":"tag-latestnews","17":"tag-latvia","18":"tag-latvian","19":"tag-latviesu","20":"tag-latviesu-valoda","21":"tag-latviesuvaloda","22":"tag-latvija","23":"tag-lv","24":"tag-news","25":"tag-popularakas-zinas","26":"tag-popularakaszinas","27":"tag-top-stories","28":"tag-topstories","29":"tag-world","30":"tag-world-news","31":"tag-worldnews","32":"tag-zinas","33":"tag-zinas-no-arvalstim"},"share_on_mastodon":{"url":"https:\/\/pubeurope.com\/@lv\/115558153237579788","error":""},"_links":{"self":[{"href":"https:\/\/www.europesays.com\/lv\/wp-json\/wp\/v2\/posts\/50538","targetHints":{"allow":["GET"]}}],"collection":[{"href":"https:\/\/www.europesays.com\/lv\/wp-json\/wp\/v2\/posts"}],"about":[{"href":"https:\/\/www.europesays.com\/lv\/wp-json\/wp\/v2\/types\/post"}],"author":[{"embeddable":true,"href":"https:\/\/www.europesays.com\/lv\/wp-json\/wp\/v2\/users\/2"}],"replies":[{"embeddable":true,"href":"https:\/\/www.europesays.com\/lv\/wp-json\/wp\/v2\/comments?post=50538"}],"version-history":[{"count":0,"href":"https:\/\/www.europesays.com\/lv\/wp-json\/wp\/v2\/posts\/50538\/revisions"}],"wp:featuredmedia":[{"embeddable":true,"href":"https:\/\/www.europesays.com\/lv\/wp-json\/wp\/v2\/media\/50539"}],"wp:attachment":[{"href":"https:\/\/www.europesays.com\/lv\/wp-json\/wp\/v2\/media?parent=50538"}],"wp:term":[{"taxonomy":"category","embeddable":true,"href":"https:\/\/www.europesays.com\/lv\/wp-json\/wp\/v2\/categories?post=50538"},{"taxonomy":"post_tag","embeddable":true,"href":"https:\/\/www.europesays.com\/lv\/wp-json\/wp\/v2\/tags?post=50538"}],"curies":[{"name":"wp","href":"https:\/\/api.w.org\/{rel}","templated":true}]}}