{"id":50544,"date":"2025-11-16T07:22:16","date_gmt":"2025-11-16T07:22:16","guid":{"rendered":"https:\/\/www.europesays.com\/lv\/50544\/"},"modified":"2025-11-16T07:22:16","modified_gmt":"2025-11-16T07:22:16","slug":"ungarija-varetu-versties-tiesa-pret-es-par-lemumu-aizliegt-krievijas-gazes-importu","status":"publish","type":"post","link":"https:\/\/www.europesays.com\/lv\/50544\/","title":{"rendered":"Ung\u0101rija var\u0113tu v\u0113rsties ties\u0101 pret ES par l\u0113mumu aizliegt Krievijas g\u0101zes importu"},"content":{"rendered":"<p>&#8220;M\u0113s nepie\u0146emam \u0161o ac\u012bmredzami prettiesisko risin\u0101jumu, kas ir pretrun\u0101 Eiropas v\u0113rt\u012bb\u0101m un ko izv\u0113l\u0113j\u0101s Brisele, lai izsl\u0113gtu valsts vald\u012bbu, kura tai nepiekr\u012bt,&#8221; Orb\u0101ns sac\u012bja Ung\u0101rijas sabiedriskajam radio.<\/p>\n<p>&#8220;M\u0113s v\u0113rs\u012bsimies Eiropas Savien\u012bbas Ties\u0101,&#8221; pazi\u0146oja Ung\u0101rijas premjerministrs.<\/p>\n<p>&#8220;T\u0101s vairs nav sankcijas, bet gan tirdzniec\u012bbas politikas pas\u0101kums,&#8221; vi\u0146\u0161 teica par ES l\u0113mumu.<\/p>\n<p>&#8220;Un sankcij\u0101m ir nepiecie\u0161ama vienpr\u0101t\u012bba [ES balsojum\u0101], savuk\u0101rt tirdzniec\u012bbas politikas jom\u0101 pietiek ar vair\u0101kuma l\u0113mumu,&#8221; vi\u0146\u0161 teica.<\/p>\n<p>Ung\u0101rijas premjerministrs piebilda, ka vi\u0146\u0161 &#8220;mekl\u0113 ar\u012b citus, ne juridiskus&#8221; l\u012bdzek\u013cus, lai attur\u0113tu Briseli, bet atzina, ka pagaid\u0101m nesniegs detaliz\u0113t\u0101ku inform\u0101ciju.<\/p>\n<p><a href=\"https:\/\/www.apollo.lv\/term\/555908\/ungarija\" class=\"topicLink\" target=\"_blank\" rel=\"nofollow noopener\">Ung\u0101rija<\/a>, kas ir uzskat\u0101ma par Krem\u013ca tuv\u0101ko sabiedroto no 27 ES dal\u012bbvalst\u012bm, joproj\u0101m ir liel\u0101 m\u0113r\u0101 atkar\u012bga no Krievijas energoresursu importa, lai gan p\u0113c Krievijas atk\u0101rtot\u0101 iebrukuma Ukrain\u0101 2022. gada febru\u0101r\u012b ES ir centusies pak\u0101peniski atteikties no Krievijas resursiem.<\/p>\n<p>Iepriek\u0161 Ung\u0101rija izmantoja savas veto ties\u012bbas, lai ieg\u016btu iz\u0146\u0113muma ties\u012bbas ES sankcij\u0101m Krievijas ener\u0123\u0113tikas sektoram.<\/p>\n<p>Pag\u0101ju\u0161aj\u0101 m\u0113nes\u012b ES dal\u012bbvalstis vienoj\u0101s, ka l\u012bdz 2027. gada beig\u0101m piln\u012bb\u0101 atteiksies no Krievijas g\u0101zes importa. Diplom\u0101ti atkl\u0101ju\u0161i, ka pret to iebilda tikai Ung\u0101rija un Slov\u0101kija.<\/p>\n","protected":false},"excerpt":{"rendered":"&#8220;M\u0113s nepie\u0146emam \u0161o ac\u012bmredzami prettiesisko risin\u0101jumu, kas ir pretrun\u0101 Eiropas v\u0113rt\u012bb\u0101m un ko izv\u0113l\u0113j\u0101s Brisele, lai izsl\u0113gtu valsts&hellip;\n","protected":false},"author":2,"featured_media":50545,"comment_status":"","ping_status":"","sticky":false,"template":"","format":"standard","meta":{"footnotes":""},"categories":[14],"tags":[23,57,63,28,29,32,33,22,234,30,31,35,39,38,36,37,34,40,20,26,27,24,25,2497,54,55,56,21,58],"class_list":{"0":"post-50544","1":"post","2":"type-post","3":"status-publish","4":"format-standard","5":"has-post-thumbnail","7":"category-zinas-no-arvalstim","8":"tag-aktualitates","9":"tag-arvalstim","10":"tag-arvalstis","11":"tag-breaking-news","12":"tag-breakingnews","13":"tag-featured-news","14":"tag-featurednews","15":"tag-headlines","16":"tag-krievija","17":"tag-latest-news","18":"tag-latestnews","19":"tag-latvia","20":"tag-latvian","21":"tag-latviesu","22":"tag-latviesu-valoda","23":"tag-latviesuvaloda","24":"tag-latvija","25":"tag-lv","26":"tag-news","27":"tag-popularakas-zinas","28":"tag-popularakaszinas","29":"tag-top-stories","30":"tag-topstories","31":"tag-ungarija","32":"tag-world","33":"tag-world-news","34":"tag-worldnews","35":"tag-zinas","36":"tag-zinas-no-arvalstim"},"share_on_mastodon":{"url":"https:\/\/pubeurope.com\/@lv\/115558176763263945","error":""},"_links":{"self":[{"href":"https:\/\/www.europesays.com\/lv\/wp-json\/wp\/v2\/posts\/50544","targetHints":{"allow":["GET"]}}],"collection":[{"href":"https:\/\/www.europesays.com\/lv\/wp-json\/wp\/v2\/posts"}],"about":[{"href":"https:\/\/www.europesays.com\/lv\/wp-json\/wp\/v2\/types\/post"}],"author":[{"embeddable":true,"href":"https:\/\/www.europesays.com\/lv\/wp-json\/wp\/v2\/users\/2"}],"replies":[{"embeddable":true,"href":"https:\/\/www.europesays.com\/lv\/wp-json\/wp\/v2\/comments?post=50544"}],"version-history":[{"count":0,"href":"https:\/\/www.europesays.com\/lv\/wp-json\/wp\/v2\/posts\/50544\/revisions"}],"wp:featuredmedia":[{"embeddable":true,"href":"https:\/\/www.europesays.com\/lv\/wp-json\/wp\/v2\/media\/50545"}],"wp:attachment":[{"href":"https:\/\/www.europesays.com\/lv\/wp-json\/wp\/v2\/media?parent=50544"}],"wp:term":[{"taxonomy":"category","embeddable":true,"href":"https:\/\/www.europesays.com\/lv\/wp-json\/wp\/v2\/categories?post=50544"},{"taxonomy":"post_tag","embeddable":true,"href":"https:\/\/www.europesays.com\/lv\/wp-json\/wp\/v2\/tags?post=50544"}],"curies":[{"name":"wp","href":"https:\/\/api.w.org\/{rel}","templated":true}]}}