{"id":50549,"date":"2025-11-16T07:25:07","date_gmt":"2025-11-16T07:25:07","guid":{"rendered":"https:\/\/www.europesays.com\/lv\/50549\/"},"modified":"2025-11-16T07:25:07","modified_gmt":"2025-11-16T07:25:07","slug":"masas-balanas-ienes-ziemassvetku-noskanu-ar-jaunu-singlu-no-prestizas-decca-classics-lente-lv","status":"publish","type":"post","link":"https:\/\/www.europesays.com\/lv\/50549\/","title":{"rendered":"M\u0101sas Balanas ienes Ziemassv\u0113tku noska\u0146u ar jaunu singlu no presti\u017e\u0101s \u201cDecca Classics\u201d\u00a0\u2014\u00a0Lente.lv"},"content":{"rendered":"<p>M\u0101sas Balanas izce\u013c latvie\u0161u m\u016bziku pasaules kart\u0113 ar jaunu singlu un presti\u017eu sadarb\u012bbu<\/p>\n<p>\u0160\u012b gada ruden\u012b Latvijas kult\u016bras ainav\u0101 iemirdz\u0113jies jauns, spo\u017es fenomens: vijolniece Krist\u012bne Balanas un \u010delliste, diri\u0123ente Margarita Balanas ir k\u013cuvu\u0161as par pirmaj\u0101m latvie\u0161u m\u016bzi\u0137\u0113m, kuras nosl\u0113gu\u0161as l\u012bgumu ar vienu no pasaul\u0113 presti\u017e\u0101kaj\u0101m ierakstu komp\u0101nij\u0101m \u201cDecca Classics\u201d. \u0160is v\u0113sturiskais notikums atkl\u0101j jaunas durvis ne tikai m\u0101s\u0101m Balan\u0101m, bet ar\u012b latvie\u0161u akad\u0113miskajai m\u016bzikai starptautiskaj\u0101 ar\u0113n\u0101. K\u0101 apliecin\u0101jums \u0161ai iespaid\u012bgajai sadarb\u012bbai un apliecin\u0101jums vi\u0146u talantam, izdots jauns singls \u2013 ikonisk\u0101 Ziemassv\u0113tku dziesma \u201cKlusa nakts, sv\u0113ta nakts\u201d jaun\u0101, emocion\u0101li pies\u0101tin\u0101t\u0101 aran\u017e\u0113jum\u0101.<\/p>\n<p>Ikonisk\u0101 dziesma jaun\u0101 skan\u0113jum\u0101<\/p>\n<p>\u201cKlusa nakts, sv\u0113ta nakts\u201d ir dziesma, kas sild\u012bjusi sirdis paaudz\u0113m, ta\u010du m\u0101sas Balanas un pasaul\u0113 atz\u012btais latvie\u0161u komponists \u0112riks E\u0161envalds tai pie\u0161\u0137\u012bru\u0161i jaunu, dzi\u013ci emocion\u0101lu dimensiju. E\u0161envalda rad\u012btais aran\u017e\u0113jums ir nevis vienk\u0101r\u0161s dziesmas atska\u0146ojums, bet gan r\u016bp\u012bgi veidots m\u016bzikas darbs, kas velt\u012bts tie\u0161i m\u0101s\u0101m Balan\u0101m. T\u0101 savijas ar Ziemassv\u0113tku sv\u0113tku burv\u012bbu un m\u016bsdienu klasisk\u0101s m\u016bzikas est\u0113tiku, radot klaus\u012bt\u0101j\u0101 saj\u016btu par mieru, cer\u012bbu un dzi\u013cu kop\u012bbas saj\u016btu. Krist\u012bnes Balanas interpret\u0101cija ir ne tikai tehniski nevainojama, bet ar\u012b dzi\u013ci aizkustino\u0161a, \u013caujot katram klaus\u012bt\u0101jam izjust dziesmas patieso b\u016bt\u012bbu.<\/p>\n<p>Ce\u013c\u0161 no ielas l\u012bdz pasaules slaven\u0101kaj\u0101m z\u0101l\u0113m<\/p>\n<p>M\u0101sas Balanas ir iedvesmojo\u0161s piem\u0113rs tam, k\u0101 ar neatlaid\u012bbu, talantu un kaisli pret m\u016bziku var sasniegt pa\u0161as augst\u0101k\u0101s virsotnes. Vi\u0146u muzik\u0101lais ce\u013c\u0161 ir bijis neparasts \u2013 s\u0101cies ar muzic\u0113\u0161anu uz iel\u0101m, kas aizvedis l\u012bdz pat t\u0101diem slaveniem koncertz\u0101l\u0113m k\u0101 \u0145ujorkas \u201cCarnegie\u201d z\u0101le un Londonas Karalisk\u0101 Alberta z\u0101le. \u0160is iespaid\u012bgais progress apliecina ne tikai vi\u0146u \u0101rk\u0101rt\u0113jo meistar\u012bbu, bet ar\u012b sp\u0113ju p\u0101rvar\u0113t \u0161\u0137\u0113r\u0161\u013cus un tiekties uz saviem sap\u0146iem. Nebaidoties lauzt robe\u017eas un mekl\u0113t savu unik\u0101lo balsi m\u016bzik\u0101, vi\u0146as iemieso m\u016bsdienu klasisk\u0101s m\u016bzikas dinamisko un sp\u0113l\u0113jo\u0161o garu.<\/p>\n<p>\u201cDecca Classics\u201d \u2013 z\u012bmogs kvalit\u0101tei un izcil\u012bbai<\/p>\n<p>\u201cDecca Classics\u201d ir ierakstu komp\u0101nija ar vair\u0101k nek\u0101 90 gadu v\u0113sturi, kas dibin\u0101ta Lielbrit\u0101nij\u0101 1929. gad\u0101. T\u0101 asoci\u0113jas ar augst\u0101ko kvalit\u0101ti, izcil\u012bbu un inov\u0101cij\u0101m klasisk\u0101s m\u016bzikas pasaul\u0113, un t\u0101s pasp\u0101rn\u0113 savus darbus izdevu\u0161i t\u0101di le\u0123end\u0101ri m\u0101kslinieki k\u0101 Lu\u010di\u0101no Pavaroti, Herberts fon Karajans, Plasido Domingo, Ren\u0113 Fleminga un Marta Argeri\u010da. M\u0101sas Balanas pievieno\u0161an\u0101s \u0161im presti\u017eajam sarakstam ir ne tikai apliecin\u0101jums vi\u0146u pa\u0161u sasniegumiem, bet ar\u012b noz\u012bm\u012bgs pagrieziena punkts Latvijas akad\u0113misk\u0101s m\u016bzikas starptautiskaj\u0101 atpaz\u012bstam\u012bb\u0101. Helenai Rod\u017eersai, \u201cDecca Classics\u201d izpilddirektorei, m\u0101sas atst\u0101ju\u0161as dzi\u013cu iespaidu: \u201cEs biju piln\u012bgi savaldzin\u0101ta no pirm\u0101s nots \u2013 vi\u0146u Vaska &#8220;Castillo Interior&#8221; atska\u0146ojums bija tik t\u012brs un dzi\u013ci aizkustino\u0161s&#8230;\u201d<\/p>\n<p>V\u0113rt\u012bbas, kas savieno: no rokenrola l\u012bdz klasi\u0137iem<\/p>\n<p>Krist\u012bnes un Margaritas muzik\u0101l\u0101 pieredze ir daudzveid\u012bga un interesanta. Vi\u0146as n\u0101k no Dobeles un nav n\u0101ku\u0161as no klasisk\u0101s m\u016bzikas \u0123imenes, s\u0101kotn\u0113ji klausoties rokenrolu un le\u0123end\u0101ros The Beatles. \u0160\u012b pla\u0161\u0101 muzik\u0101l\u0101 amplit\u016bda \u013cauj vi\u0146\u0101m klasiskaj\u0101 m\u016bzik\u0101 ienest savu unik\u0101lo un latvisko ener\u0123iju. Vi\u0146u v\u0113st\u012bjums ir par br\u012bv\u012bbu, savas balss mekl\u0113\u0161anu un jauniem veidiem, k\u0101 sazin\u0101ties ar cilv\u0113kiem vis\u0101 pasaul\u0113. Sadarb\u012bba ar \u201cDecca Classics\u201d dod vi\u0146\u0101m iesp\u0113ju \u201creimagin\u0113t klasisko m\u016bziku jaunai paaudzei \u2013 pilnu ener\u0123ijas, sp\u0113l\u0113\u0161an\u0101s un v\u012bzijas par to, kas priek\u0161\u0101\u201d.<\/p>\n<p>Pirmais kop\u012bgais darbs un n\u0101kotnes perspekt\u012bvas<\/p>\n<p>Singls \u201cKlusa nakts, sv\u0113ta nakts\u201d ir jau otrais ieraksts, ko m\u0101sas Balanas izdod \u201cDecca Classics\u201d pasp\u0101rn\u0113. Pirmais bija P\u0113tera Vaska meditat\u012bvais darbs \u201cCastillo Interior\u201d, kas iedvesmots no Sv\u0113t\u0101s Ter\u0113zes no Avilas rakstiem. \u0160ie pan\u0101kumi ir sp\u0113c\u012bgs pamats turpm\u0101kai sadarb\u012bbai un dod cer\u012bbu uz v\u0113l iespaid\u012bg\u0101kiem projektiem n\u0101kotn\u0113. M\u0101sas Balanas ir gatavas turpin\u0101t m\u016bs iepriecin\u0101t ar savu talantu un rado\u0161aj\u0101m iecer\u0113m, atverot jaunas durvis klasisk\u0101s m\u016bzikas pasaul\u0113 un vienlaikus nesot Latvijas v\u0101rdu pasaul\u0113.<\/p>\n","protected":false},"excerpt":{"rendered":"M\u0101sas Balanas izce\u013c latvie\u0161u m\u016bziku pasaules kart\u0113 ar jaunu singlu un presti\u017eu sadarb\u012bbu \u0160\u012b gada ruden\u012b Latvijas kult\u016bras&hellip;\n","protected":false},"author":2,"featured_media":50550,"comment_status":"","ping_status":"","sticky":false,"template":"","format":"standard","meta":{"footnotes":""},"categories":[19],"tags":[4707,89,90,13831,4284,35,39,38,36,37,34,40,4285,4706,13832],"class_list":{"0":"post-50549","1":"post","2":"type-post","3":"status-publish","4":"format-standard","5":"has-post-thumbnail","7":"category-izklaide","8":"tag-decca-classics","9":"tag-entertainment","10":"tag-izklaide","11":"tag-klusa-nakts","12":"tag-kristine-balanas","13":"tag-latvia","14":"tag-latvian","15":"tag-latviesu","16":"tag-latviesu-valoda","17":"tag-latviesuvaloda","18":"tag-latvija","19":"tag-lv","20":"tag-margarita-balanas","21":"tag-masas-balanas","22":"tag-sveta-nakts"},"share_on_mastodon":{"url":"https:\/\/pubeurope.com\/@lv\/115558188685986430","error":""},"_links":{"self":[{"href":"https:\/\/www.europesays.com\/lv\/wp-json\/wp\/v2\/posts\/50549","targetHints":{"allow":["GET"]}}],"collection":[{"href":"https:\/\/www.europesays.com\/lv\/wp-json\/wp\/v2\/posts"}],"about":[{"href":"https:\/\/www.europesays.com\/lv\/wp-json\/wp\/v2\/types\/post"}],"author":[{"embeddable":true,"href":"https:\/\/www.europesays.com\/lv\/wp-json\/wp\/v2\/users\/2"}],"replies":[{"embeddable":true,"href":"https:\/\/www.europesays.com\/lv\/wp-json\/wp\/v2\/comments?post=50549"}],"version-history":[{"count":0,"href":"https:\/\/www.europesays.com\/lv\/wp-json\/wp\/v2\/posts\/50549\/revisions"}],"wp:featuredmedia":[{"embeddable":true,"href":"https:\/\/www.europesays.com\/lv\/wp-json\/wp\/v2\/media\/50550"}],"wp:attachment":[{"href":"https:\/\/www.europesays.com\/lv\/wp-json\/wp\/v2\/media?parent=50549"}],"wp:term":[{"taxonomy":"category","embeddable":true,"href":"https:\/\/www.europesays.com\/lv\/wp-json\/wp\/v2\/categories?post=50549"},{"taxonomy":"post_tag","embeddable":true,"href":"https:\/\/www.europesays.com\/lv\/wp-json\/wp\/v2\/tags?post=50549"}],"curies":[{"name":"wp","href":"https:\/\/api.w.org\/{rel}","templated":true}]}}