{"id":50555,"date":"2025-11-16T07:29:10","date_gmt":"2025-11-16T07:29:10","guid":{"rendered":"https:\/\/www.europesays.com\/lv\/50555\/"},"modified":"2025-11-16T07:29:10","modified_gmt":"2025-11-16T07:29:10","slug":"neesmu-pesimiste-bet-mums-bus-ainars-slesers-pie-varas","status":"publish","type":"post","link":"https:\/\/www.europesays.com\/lv\/50555\/","title":{"rendered":"neesmu pesimiste, bet mums b\u016bs Ain\u0101rs \u0160lesers pie varas"},"content":{"rendered":"<p>&#8220;Un m\u0113s k\u0101 mediji, m\u0113s \u0146emamies ar Stambulas konvenciju, bet mums b\u016btu j\u0101r\u0101da- re, kur ir t\u0101 probl\u0113ma. Re, kur ir [tas iemesls], k\u0101p\u0113c \u0161ie cilv\u0113ki ir tik atv\u0113rti populistiskajiem v\u0113st\u012bjumiem &#8211; jo vi\u0146i ikdien\u0101 nevar savilkt galus kop\u0101. T\u0101p\u0113c \u0161ie cilv\u0113ki ar\u012b netic mums, jo vi\u0146i neredz, ka m\u0113s reprezent\u0113tu vi\u0146u idejas. Bet vienlaikus es esmu nogurusi. Visu laiku m\u0113s [Re:Baltica] ejam un tais\u0101m visas \u0161\u012bs t\u0113mas. Es vairs nejaud\u0101ju emocion\u0101li rakst\u012bt par vardarb\u012bbu \u0123imen\u0113 un \u0101trajiem kred\u012btiem. Mums ir sabiedriskie mediji, kuriem ir liels \u0161tats. Es dom\u0101ju, ka tas ir vi\u0146u uzdevums.&#8221;<\/p>\n","protected":false},"excerpt":{"rendered":"&#8220;Un m\u0113s k\u0101 mediji, m\u0113s \u0146emamies ar Stambulas konvenciju, bet mums b\u016btu j\u0101r\u0101da- re, kur ir t\u0101 probl\u0113ma.&hellip;\n","protected":false},"author":2,"featured_media":50556,"comment_status":"","ping_status":"","sticky":false,"template":"","format":"standard","meta":{"footnotes":""},"categories":[12],"tags":[1255,23,28,29,542,32,33,22,13589,30,31,35,39,38,36,37,34,40,20,13590,26,27,13835,24,25,164,21],"class_list":{"0":"post-50555","1":"post","2":"type-post","3":"status-publish","4":"format-standard","5":"has-post-thumbnail","7":"category-latvija","8":"tag-ainars-slesers","9":"tag-aktualitates","10":"tag-breaking-news","11":"tag-breakingnews","12":"tag-donalds-tramps","13":"tag-featured-news","14":"tag-featurednews","15":"tag-headlines","16":"tag-inga-springe","17":"tag-latest-news","18":"tag-latestnews","19":"tag-latvia","20":"tag-latvian","21":"tag-latviesu","22":"tag-latviesu-valoda","23":"tag-latviesuvaloda","24":"tag-latvija","25":"tag-lv","26":"tag-news","27":"tag-no-otras-puses","28":"tag-popularakas-zinas","29":"tag-popularakaszinas","30":"tag-populisms","31":"tag-top-stories","32":"tag-topstories","33":"tag-tvnet-latvija","34":"tag-zinas"},"share_on_mastodon":{"url":"https:\/\/pubeurope.com\/@lv\/115558204390841865","error":""},"_links":{"self":[{"href":"https:\/\/www.europesays.com\/lv\/wp-json\/wp\/v2\/posts\/50555","targetHints":{"allow":["GET"]}}],"collection":[{"href":"https:\/\/www.europesays.com\/lv\/wp-json\/wp\/v2\/posts"}],"about":[{"href":"https:\/\/www.europesays.com\/lv\/wp-json\/wp\/v2\/types\/post"}],"author":[{"embeddable":true,"href":"https:\/\/www.europesays.com\/lv\/wp-json\/wp\/v2\/users\/2"}],"replies":[{"embeddable":true,"href":"https:\/\/www.europesays.com\/lv\/wp-json\/wp\/v2\/comments?post=50555"}],"version-history":[{"count":0,"href":"https:\/\/www.europesays.com\/lv\/wp-json\/wp\/v2\/posts\/50555\/revisions"}],"wp:featuredmedia":[{"embeddable":true,"href":"https:\/\/www.europesays.com\/lv\/wp-json\/wp\/v2\/media\/50556"}],"wp:attachment":[{"href":"https:\/\/www.europesays.com\/lv\/wp-json\/wp\/v2\/media?parent=50555"}],"wp:term":[{"taxonomy":"category","embeddable":true,"href":"https:\/\/www.europesays.com\/lv\/wp-json\/wp\/v2\/categories?post=50555"},{"taxonomy":"post_tag","embeddable":true,"href":"https:\/\/www.europesays.com\/lv\/wp-json\/wp\/v2\/tags?post=50555"}],"curies":[{"name":"wp","href":"https:\/\/api.w.org\/{rel}","templated":true}]}}