{"id":50577,"date":"2025-11-16T08:07:09","date_gmt":"2025-11-16T08:07:09","guid":{"rendered":"https:\/\/www.europesays.com\/lv\/50577\/"},"modified":"2025-11-16T08:07:09","modified_gmt":"2025-11-16T08:07:09","slug":"andrejs-reinis-zitmanis-un-rigas-dzintara-koris-iedzied-trimdas-klasiku-tauta-taluma-filmai-par-ttt-legendam-lente-lv-2","status":"publish","type":"post","link":"https:\/\/www.europesays.com\/lv\/50577\/","title":{"rendered":"Andrejs Reinis Zitmanis un R\u012bgas Dzintara Koris Iedzied Trimdas Klasiku \u201cTauta T\u0101lum\u0101\u201d Filmai Par TTT Le\u0123end\u0101m\u00a0\u2014\u00a0Lente.lv"},"content":{"rendered":"<p>Jauna Trimdas Dziesmas Versija godina Basketbola Le\u0123endas un TTT V\u0113sturi<\/p>\n<p>Kult\u016bras telp\u0101 non\u0101kusi jauna, emocion\u0101la un dzi\u013ci aizkustino\u0161a interpret\u0101cija latvie\u0161u trimdas dziesmai \u201cTauta t\u0101lum\u0101\u201d. \u0160is noz\u012bm\u012bgais muzik\u0101lais darbs tapis par godu gaid\u0101majai filmai \u201cT\u012bkl\u0101. TTT le\u0123endas dzim\u0161ana\u201d, atspogu\u013cojot ne tikai latvie\u0161u tautas ilgas un pieder\u012bbas saj\u016btu, bet ar\u012b godinot le\u0123end\u0101r\u0101s sievie\u0161u basketbola komandas \u201cTTT R\u012bga\u201d v\u0113sturi un t\u0101s varo\u0146u likte\u0146us.<\/p>\n<p>Andrejs Reinis Zitmanis un R\u012bgas Dzintara Koris Atdod Jaunu Elpu Klasikai<\/p>\n<p>Grupa \u201cSudden Lights\u201d solists Andrejs Reinis Zitmanis, apvienojot sp\u0113kus ar R\u012bgas dzintara kori, rad\u012bjis dziesmas \u201cTauta t\u0101lum\u0101\u201d jaunu versiju, kas vienlaikus godin\u0101s gan ori\u0123in\u0101lu, gan pied\u0101v\u0101s svaigu, m\u016bsdien\u012bgu skat\u012bjumu. Zitmanis atz\u012bst, ka dziesmas v\u0113st\u012bjums vi\u0146am ir \u012bpa\u0161i tuvs, jo t\u0101 sasaucas ar vi\u0146a pa\u0161a pieredzi un grupas \u201cSudden Lights\u201d dal\u012bbnieku sakn\u0113m. \u201c\u0160\u012b dziesma atspogu\u013co paral\u0113les starp latvie\u0161iem, kuri bija spiesti doties prom no dzimtenes, un tiem, kas palika \u0161eit,\u201d st\u0101sta m\u016bzi\u0137is. \u201cAr\u012b m\u016bsu grup\u0101 \u201cSudden Lights\u201d esam tr\u012bs no P\u0101rdaugavas, un t\u0101 ir p\u0101rsteidzo\u0161a sakrit\u012bba.\u201d<\/p>\n<p>Dziesma, kas s\u0101kotn\u0113ji rad\u012bta 20. gadsimta 70. gados Vil\u0146a Bauma\u0146a un vi\u0146a grupas \u201cTr\u012bs no P\u0101rdaugavas\u201d ASV tapusi, slepus izplat\u012bj\u0101s Latvij\u0101, k\u013c\u016bstot par cer\u012bbas un ilgu simbolu trimdiniekiem. Jaun\u0101 versija r\u016bp\u012bgi saglab\u0101jusi ori\u0123in\u0101la emocion\u0101lo tuvumu, vienlaikus kora bag\u0101t\u012bgais skan\u0113jums pie\u0161\u0137ir dziesmai jaunu dzi\u013cumu un emocion\u0101lo pla\u0161umu. R\u012bgas dzintara koris, kur\u0101 apvienoju\u0161ies biju\u0161ie R\u012bgas Doma z\u0113nu kora audz\u0113k\u0146i, ienes dziesm\u0101 daudzbals\u012bgu un varenu skan\u0113jumu, kas lieliski papildina Zitma\u0146a solo partiju un uzsver dziesmas v\u0113st\u012bjuma noz\u012bm\u012bgumu.<\/p>\n<p>Dziesmas Videoklips Savieno Pag\u0101tni un Tagadni<\/p>\n<p>Par godu filmas \u201cT\u012bkl\u0101. TTT le\u0123endas dzim\u0161ana\u201d pirmizr\u0101dei, kop\u0101 ar dziesmas jauno versiju public\u0113ts ar\u012b t\u0101s videoklips. Taj\u0101 apvienoti gan ieraksta procesa kadri, gan spilgti un emocion\u0101li momenti no filmas, radot vizu\u0101lu ce\u013cvedi skat\u012bt\u0101jiem. \u0160is videoklips \u013cauj pla\u0161\u0101k iepaz\u012bt filmas st\u0101stu tiem, kuri to v\u0113l nav redz\u0113ju\u0161i, un atk\u0101rtoti izjust filmas varo\u0146u p\u0101rdz\u012bvojumus tiem, kas jau ir baud\u012bju\u0161i t\u0101s kinote\u0101tros. Filmas re\u017eisors Dzintars Dreibergs uzsver, ka dziesma \u201cTauta t\u0101lum\u0101\u201d \u013coti prec\u012bzi atspogu\u013co filmas varo\u0146u likte\u0146us, kuri dz\u012bvoja \u0161\u0137irti no dzimtenes vai br\u012bv\u012bbas, ta\u010du vienlaikus vi\u0146us vienoja sp\u0113c\u012bga kop\u012bbas saj\u016bta un m\u012blest\u012bba pret savu tautu.<\/p>\n<p>\u201cTauta T\u0101lum\u0101\u201d \u2013 Cer\u012bbas Stars un Vienot\u012bbas Simbols<\/p>\n<p>Andrejs Reinis Zitmanis pau\u017e, ka, lai gan dziesma ir skumja, taj\u0101 saskata \u201cskaistu cer\u012bbas staru\u201d. Tie\u0161i t\u0101p\u0113c vi\u0146am \u0161\u0137itis svar\u012bgi dziesmai pievienot kori, jo koris ir tautas sp\u0113ka un vienot\u012bbas simbols, kas sp\u0113j p\u0101rvar\u0113t pat \u0161\u0137\u0113r\u0161\u013cus k\u0101 dzelzs aizkari. \u201cKoris ir sp\u0113ks, kas stipr\u0101ks par dzelzs aizkariem,\u201d uzsver Zitmanis. \u0160\u012b jaun\u0101 dziesmas versija ir ne tikai muzik\u0101ls projekts, bet ar\u012b tilts starp paaudz\u0113m un latvie\u0161u kopien\u0101m vis\u0101 pasaul\u0113, apliecinot latvie\u0161u kult\u016bras sp\u0113ju saglab\u0101t savas saknes un vienlaikus att\u012bst\u012bties jaun\u0101s dimensij\u0101s.<\/p>\n","protected":false},"excerpt":{"rendered":"Jauna Trimdas Dziesmas Versija godina Basketbola Le\u0123endas un TTT V\u0113sturi Kult\u016bras telp\u0101 non\u0101kusi jauna, emocion\u0101la un dzi\u013ci aizkustino\u0161a&hellip;\n","protected":false},"author":2,"featured_media":50578,"comment_status":"","ping_status":"","sticky":false,"template":"","format":"standard","meta":{"footnotes":""},"categories":[19],"tags":[13717,89,90,35,39,38,13771,36,37,34,40,13718,13716,2426],"class_list":{"0":"post-50577","1":"post","2":"type-post","3":"status-publish","4":"format-standard","5":"has-post-thumbnail","7":"category-izklaide","8":"tag-andrejs-reinis-zitmanis","9":"tag-entertainment","10":"tag-izklaide","11":"tag-latvia","12":"tag-latvian","13":"tag-latviesu","14":"tag-latviesu-trimdas-dziesma","15":"tag-latviesu-valoda","16":"tag-latviesuvaloda","17":"tag-latvija","18":"tag-lv","19":"tag-rigas-dzintara-koris","20":"tag-tauta-taluma","21":"tag-tikla-ttt-legendas-dzimsana"},"share_on_mastodon":{"url":"https:\/\/pubeurope.com\/@lv\/115558353966178958","error":""},"_links":{"self":[{"href":"https:\/\/www.europesays.com\/lv\/wp-json\/wp\/v2\/posts\/50577","targetHints":{"allow":["GET"]}}],"collection":[{"href":"https:\/\/www.europesays.com\/lv\/wp-json\/wp\/v2\/posts"}],"about":[{"href":"https:\/\/www.europesays.com\/lv\/wp-json\/wp\/v2\/types\/post"}],"author":[{"embeddable":true,"href":"https:\/\/www.europesays.com\/lv\/wp-json\/wp\/v2\/users\/2"}],"replies":[{"embeddable":true,"href":"https:\/\/www.europesays.com\/lv\/wp-json\/wp\/v2\/comments?post=50577"}],"version-history":[{"count":0,"href":"https:\/\/www.europesays.com\/lv\/wp-json\/wp\/v2\/posts\/50577\/revisions"}],"wp:featuredmedia":[{"embeddable":true,"href":"https:\/\/www.europesays.com\/lv\/wp-json\/wp\/v2\/media\/50578"}],"wp:attachment":[{"href":"https:\/\/www.europesays.com\/lv\/wp-json\/wp\/v2\/media?parent=50577"}],"wp:term":[{"taxonomy":"category","embeddable":true,"href":"https:\/\/www.europesays.com\/lv\/wp-json\/wp\/v2\/categories?post=50577"},{"taxonomy":"post_tag","embeddable":true,"href":"https:\/\/www.europesays.com\/lv\/wp-json\/wp\/v2\/tags?post=50577"}],"curies":[{"name":"wp","href":"https:\/\/api.w.org\/{rel}","templated":true}]}}