{"id":50583,"date":"2025-11-16T08:13:14","date_gmt":"2025-11-16T08:13:14","guid":{"rendered":"https:\/\/www.europesays.com\/lv\/50583\/"},"modified":"2025-11-16T08:13:14","modified_gmt":"2025-11-16T08:13:14","slug":"sudden-lights-koncertu-riga-iesildis-grevins-un-yut-lente-lv","status":"publish","type":"post","link":"https:\/\/www.europesays.com\/lv\/50583\/","title":{"rendered":"\u201cSudden Lights\u201d koncertu R\u012bg\u0101 iesild\u012bs Gr\u0113vi\u0146\u0161 un \u201cY\u016aT\u201d\u00a0\u2014\u00a0Lente.lv"},"content":{"rendered":"<p>Liel\u0101kais \u201cSudden Lights\u201d koncerts v\u0113stur\u0113 gatavojas p\u0101rsteigt<\/p>\n<p>\u0160o sestdien, 15. novembr\u012b, R\u012bg\u0101, \u201cAr\u0113n\u0101 R\u012bga\u201d, notiks l\u012bdz \u0161im v\u0113rien\u012bg\u0101kais grupas \u201cSudden Lights\u201d koncerts. Tuv\u0101k gaid\u0101majam notikumam ir izzi\u0146ota pilna vakara programma, solot elpu aizraujo\u0161u \u0161ovu un neaizmirstamu emociju gammu. Grupas m\u016bzi\u0137i pau\u017e, ka p\u0113c ilga laika uz skatuves vi\u0146i ir uzkr\u0101ju\u0161i milz\u012bgu ener\u0123ijas l\u0101di\u0146u, kas sp\u0113s piepild\u012bt visu ar\u0113nu. \u0160is koncerts sol\u0101s b\u016bt ne tikai pla\u0161uma, bet ar\u012b emocion\u0101l\u0101s intensit\u0101tes zi\u0146\u0101 \u012bpa\u0161s.<\/p>\n<p>\u201cIr pag\u0101jis ilgs laiks kop\u0161 m\u016bsu p\u0113d\u0113j\u0101 koncerta un m\u0113s esam sev\u012b uzkr\u0101ju\u0161i saj\u016btu l\u0101di\u0146u, kas pacels jumtu visai ar\u0113nai,\u201d atkl\u0101j grupas p\u0101rst\u0101vji. \u201cTas b\u016bs \u201cSudden Lights\u201d liel\u0101kais koncerts ne tikai m\u0113roga, bet ar\u012b emociju amplit\u016bdas zi\u0146\u0101.\u201d Dzirdamas tiks gan vi\u0146u jaun\u0101, topo\u0161\u0101 albuma kompoz\u012bcijas, gan ar\u012b grupas popul\u0101r\u0101kie ska\u0146darbi no iepriek\u0161\u0113jiem ierakstiem. Grupas vadmot\u012bvs vienm\u0113r ir bijusi gaisma, un \u0161is koncerts, kas notiks pirms Latvijas sv\u0113tkiem, k\u013c\u016bs par \u0161\u012bs gaismas svin\u0113\u0161anu.<\/p>\n<p>Viena no jaun\u0101kaj\u0101m dziesm\u0101m no gaid\u0101m\u0101 albuma, \u201celdorado\u201d, v\u0113sta par lietu p\u0101rejo\u0161o dabu un cilv\u0113ka vietu taj\u0101. \u201cM\u0113s neesam p\u0101rliecin\u0101ti, ka zelta pils\u0113ta tie\u0161\u0101m eksist\u0113, un tom\u0113r mums \u013coti grib\u0113tos, lai t\u0101da ir,\u201d par dziesmas ideju st\u0101sta m\u016bzi\u0137i. \u201c\u012apa\u0161i br\u012b\u017ei un \u012bpa\u0161i cilv\u0113ki \u013cauj mums notic\u0113t, ka dz\u012bve ir skaista. Pat ja tas ir tikai uz br\u012bdi.\u201d<\/p>\n<p>Vakara programma: DJ Toms Gr\u0113vi\u0146\u0161 un \u201cY\u016aT\u201d iesild\u012bs publiku<\/p>\n<p>Lai pas\u0101kums norit\u0113tu raiti un sniegtu maksim\u0101lu baud\u012bjumu visiem kl\u0101teso\u0161ajiem, ir r\u016bp\u012bgi izstr\u0101d\u0101ts vakara pl\u0101nojums. Koncerta dien\u0101 durvis v\u0113rsies plkst. 18:00. Vakara iesild\u012b\u0161anu uztic\u0113s d\u012bd\u017eejam Tomam Gr\u0113vi\u0146am, kura uzst\u0101\u0161an\u0101s s\u0101ksies plkst. 19:00. Toms Gr\u0113vi\u0146\u0161 ir pieredz\u0113jis m\u016bzikas profesion\u0101lis, d\u012bd\u017eejs un raid\u012bjumu vad\u012bt\u0101js, kur\u0161 ar savu ener\u0123iju un pla\u0161o muzik\u0101lo zin\u0101\u0161anu kl\u0101stu sp\u0113j rad\u012bt lielisku atmosf\u0113ru.<\/p>\n<p>P\u0113c vi\u0146a set-up skatuvi p\u0101r\u0146ems grupa \u201cY\u016aT\u201d, kas s\u0101ks savu uzst\u0101\u0161anos plkst. 20:00. \u201cY\u016aT\u201d ir jaunie\u0161u iem\u012b\u013cots popm\u016bzikas duets, ko veido Em\u012bls Deivids Zu\u010diks un Mat\u012bss J\u0101nis Berzinskis. Grupa debit\u0113ja ar dziesmu \u201cTuvu\u201d, kas guva iev\u0113rojamu popularit\u0101ti Latvijas radiostaciju topu virsotn\u0113s. Vi\u0146u m\u016bzika ir viegli uztverama, vienlaikus emocion\u0101li dzi\u013ca, apvienojot elektroniskus b\u012btus ar sap\u0146ainu popm\u016bziku. \u201cY\u016aT\u201d ir zin\u0101mi ar sav\u0101m dziesm\u0101m \u201cTuvu\u201d, \u201cPamosties\u201d un \u201cTu\u201d, kas iekaroju\u0161as klaus\u012bt\u0101ju sirdis un radio \u0113terus.<\/p>\n<p>Savuk\u0101rt pa\u0161i \u201cSudden Lights\u201d uz skatuves k\u0101ps aptuveni plkst. 20:50, lai sniegtu saviem faniem iespaid\u012bgu priek\u0161nesumu, kas ilgs l\u012bdz plkst. 23:00. Grupas dal\u012bbnieki uzsver, ka \u0161is koncerts ir r\u016bp\u012bgi gatavots un sol\u0101s b\u016bt \u012bpa\u0161s piedz\u012bvojums.<\/p>\n<p>Noder\u012bgi padomi koncerta apmekl\u0113t\u0101jiem<\/p>\n<p>Lai koncerta apmekl\u0113jums b\u016btu p\u0113c iesp\u0113jas pat\u012bkam\u0101ks un bez jebk\u0101d\u0101m raiz\u0113m, organizatori aicina apmekl\u0113t\u0101jus iepaz\u012bties ar vair\u0101kiem svar\u012bgiem ieteikumiem. Ierodoties pas\u0101kuma norises viet\u0101 laic\u012bgi, var\u0113siet izvair\u012bties no liekas steigas un mier\u012bgi sagatavoties muzik\u0101lajai baudai. T\u0101pat ir v\u0113rts iepaz\u012bties ar \u201cAr\u0113nas R\u012bga\u201d noteikumiem attiec\u012bb\u0101 uz person\u012bgaj\u0101m mant\u0101m, lai nodro\u0161in\u0101tu savu un citu apmekl\u0113t\u0101ju dro\u0161\u012bbu.<\/p>\n<p>Koncerta r\u012bkot\u0101ji aicina izmantot sabiedrisko transportu vai velosip\u0113du, lai nok\u013c\u016btu l\u012bdz \u201cAr\u0113nai R\u012bga\u201d, t\u0101d\u0113j\u0101di pal\u012bdzot izvair\u012bties no sastr\u0113gumiem un veicinot videi draudz\u012bg\u0101ku pas\u0101kuma norisi. Bi\u013ce\u0161u cenai tiks piem\u0113rota papildu komisijas maksa. B\u0113rniem l\u012bdz septi\u0146u gadu vecumam ieeja ir bez maksas, ja vien vi\u0146i neaiz\u0146em atsevi\u0161\u0137u s\u0113dvietu. B\u0113rniem vecum\u0101 no asto\u0146iem l\u012bdz divpadsmit gadiem ir pieejamas l\u0113t\u0101kas st\u0101vvietu bi\u013cetes, uzr\u0101dot personu apliecino\u0161u dokumentu pie ieejas.<\/p>\n<p>Pas\u0101kuma laik\u0101 tiks veikta fotograf\u0113\u0161ana un film\u0113\u0161ana, un ieg\u016btie materi\u0101li tiks izmantoti publicit\u0101tes nol\u016bkos. T\u0101pat past\u0101v iesp\u0113ja, ka koncert\u0101 tiks izmantots stroboskopiskais apgaismojums, par ko organizatori l\u016bdz inform\u0113t tos, kuriem tas var\u0113tu rad\u012bt diskomfortu.<\/p>\n<p>Tiek stingri aizliegts izmantot bi\u013cetes jebk\u0101dos konkursos un kampa\u0146\u0101s bez koncerta organizatora rakstiskas at\u013caujas. Samsung fanu zonu bi\u013ce\u0161u \u012bpa\u0161niekiem ir nodro\u0161in\u0101ta \u012bpa\u0161a ieeja un iesp\u0113ja tikt pie ekskluz\u012bviem T-krekliem, kas iek\u013cauti bi\u013cetes cen\u0101.<\/p>\n","protected":false},"excerpt":{"rendered":"Liel\u0101kais \u201cSudden Lights\u201d koncerts v\u0113stur\u0113 gatavojas p\u0101rsteigt \u0160o sestdien, 15. novembr\u012b, R\u012bg\u0101, \u201cAr\u0113n\u0101 R\u012bga\u201d, notiks l\u012bdz \u0161im v\u0113rien\u012bg\u0101kais&hellip;\n","protected":false},"author":2,"featured_media":50584,"comment_status":"","ping_status":"","sticky":false,"template":"","format":"standard","meta":{"footnotes":""},"categories":[19],"tags":[8623,89,13842,90,202,35,39,38,36,37,34,40,6325,13843],"class_list":{"0":"post-50583","1":"post","2":"type-post","3":"status-publish","4":"format-standard","5":"has-post-thumbnail","7":"category-izklaide","8":"tag-arena-riga","9":"tag-entertainment","10":"tag-grevins","11":"tag-izklaide","12":"tag-koncerts","13":"tag-latvia","14":"tag-latvian","15":"tag-latviesu","16":"tag-latviesu-valoda","17":"tag-latviesuvaloda","18":"tag-latvija","19":"tag-lv","20":"tag-sudden-lights","21":"tag-yut"},"share_on_mastodon":{"url":"https:\/\/pubeurope.com\/@lv\/115558377314470192","error":""},"_links":{"self":[{"href":"https:\/\/www.europesays.com\/lv\/wp-json\/wp\/v2\/posts\/50583","targetHints":{"allow":["GET"]}}],"collection":[{"href":"https:\/\/www.europesays.com\/lv\/wp-json\/wp\/v2\/posts"}],"about":[{"href":"https:\/\/www.europesays.com\/lv\/wp-json\/wp\/v2\/types\/post"}],"author":[{"embeddable":true,"href":"https:\/\/www.europesays.com\/lv\/wp-json\/wp\/v2\/users\/2"}],"replies":[{"embeddable":true,"href":"https:\/\/www.europesays.com\/lv\/wp-json\/wp\/v2\/comments?post=50583"}],"version-history":[{"count":0,"href":"https:\/\/www.europesays.com\/lv\/wp-json\/wp\/v2\/posts\/50583\/revisions"}],"wp:featuredmedia":[{"embeddable":true,"href":"https:\/\/www.europesays.com\/lv\/wp-json\/wp\/v2\/media\/50584"}],"wp:attachment":[{"href":"https:\/\/www.europesays.com\/lv\/wp-json\/wp\/v2\/media?parent=50583"}],"wp:term":[{"taxonomy":"category","embeddable":true,"href":"https:\/\/www.europesays.com\/lv\/wp-json\/wp\/v2\/categories?post=50583"},{"taxonomy":"post_tag","embeddable":true,"href":"https:\/\/www.europesays.com\/lv\/wp-json\/wp\/v2\/tags?post=50583"}],"curies":[{"name":"wp","href":"https:\/\/api.w.org\/{rel}","templated":true}]}}