{"id":50599,"date":"2025-11-16T08:31:09","date_gmt":"2025-11-16T08:31:09","guid":{"rendered":"https:\/\/www.europesays.com\/lv\/50599\/"},"modified":"2025-11-16T08:31:09","modified_gmt":"2025-11-16T08:31:09","slug":"alvis-hermanis-atdzivina-latviesu-atlantidu-jaunaja-rigas-teatri-pirmizradei-gatavs-abelziedi-upe-lente-lv","status":"publish","type":"post","link":"https:\/\/www.europesays.com\/lv\/50599\/","title":{"rendered":"Alvis Hermanis atdz\u012bvina &#8220;Latvie\u0161u Atlant\u012bdu&#8221; \u2013 Jaunaj\u0101 R\u012bgas te\u0101tr\u012b pirmizr\u0101dei gatavs &#8220;\u0100be\u013cziedi up\u0113&#8221;\u00a0\u2014\u00a0Lente.lv"},"content":{"rendered":"<p>Jauns s\u0101kums ar atmi\u0146u dvesmu: Alvja Herma\u0146a izr\u0101de &#8220;\u0100be\u013cziedi up\u0113&#8221; un Ivara Kalni\u0146a atgrie\u0161an\u0101s<\/p>\n<p>Jaunaj\u0101 R\u012bgas te\u0101tr\u012b (JRT) uz skatuves atdz\u012bvojas pag\u0101tnes elpa, jo re\u017eisors Alvis Hermanis veido izr\u0101di &#8220;\u0100be\u013cziedi up\u0113&#8221;, kas ir turpin\u0101jums le\u0123end\u0101rajai filmai &#8220;\u0100bols up\u0113&#8221; . \u0160is darbs ir ne tikai skatuvisks atskats uz Za\u0137usalas v\u0113sturi, bet ar\u012b dzi\u013c\u0161 metaforisks st\u0101sts par &#8220;latvie\u0161u Atlant\u012bdu&#8221;, cilv\u0113ka dz\u012bves ce\u013cu un Latvijas k\u0101 tautas identit\u0101ti .<\/p>\n<p>Za\u0137usalas st\u0101sts \u2013 metafora un atmi\u0146u audums<\/p>\n<p>Izr\u0101de &#8220;\u0100be\u013cziedi up\u0113&#8221; balst\u0101s uz Aivara Freima\u0146a 1974. gada sp\u0113lfilmas &#8220;\u0100bols up\u0113&#8221; mot\u012bviem, papildinot to ar biju\u0161o Za\u0137usalas iedz\u012bvot\u0101ju atmi\u0146\u0101m, fotogr\u0101fij\u0101m un teik\u0101m . Filmas varonis Janka, kuru atveidos paz\u012bstamais aktieris Ivars Kalni\u0146\u0161, atgrie\u017eas uz skatuves, lai kop\u0101 ar aktrisi Agati Kristu (Meitenes lom\u0101) iepaz\u012btu Za\u0137usalu no jauna . Sala, kas k\u0101dreiz bija dz\u012bv\u012bbas pilna, tika upur\u0113ta industri\u0101l\u0101s att\u012bst\u012bbas v\u0101rd\u0101, un tagad k\u013c\u016bst par simbolu Latvijas k\u0101 maz\u0101 mode\u013ca att\u012bst\u012bbai un transform\u0101cijai . Hermanis uzsver, ka st\u0101sts ir metafora par cilv\u0113ka dz\u012bves amplit\u016bdu un par to, k\u0101 ide\u0101listiskie sap\u0146i var tikt uzslietu &#8220;tor\u0146u&#8221; viet\u0101, kas simboliz\u0113 ofici\u0101l\u0101s versijas par cilv\u0113ka dom\u0101m .<\/p>\n<p>Ivara Kalni\u0146a atgrie\u0161an\u0101s \u2013 tilts starp paaudz\u0113m<\/p>\n<p>\u0160\u012b izr\u0101de iez\u012bm\u0113 \u012bpa\u0161u notikumu \u2013 ilggad\u0113jais un iem\u012b\u013cotais aktieris Ivars Kalni\u0146\u0161 atkal k\u0101pj uz Jaun\u0101 R\u012bgas te\u0101tra skatuves . P\u0113c ilg\u0101kas pauzes vi\u0146a atgrie\u0161an\u0101s lom\u0101, kas vi\u0146am nav sve\u0161a, ir noz\u012bm\u012bga, jo Janka ir filmas &#8220;\u0100bols up\u0113&#8221; galvenais varonis . Kalni\u0146a un Herma\u0146a sadarb\u012bbai ir sena un augl\u012bga v\u0113sture, un &#8220;\u0100be\u013cziedi up\u0113&#8221; sol\u0101s b\u016bt k\u0101rt\u0113jais apliecin\u0101jums vi\u0146u kop\u012bgajai m\u0101kslinieciskajai v\u012bzijai . Izr\u0101de ir k\u0101 tilts starp paaudz\u0113m, aicinot uz p\u0101rdom\u0101m par dzimteni, t\u0101s pag\u0101tni, tagadni un n\u0101kotni .<\/p>\n<p>Par izr\u0101di un bi\u013cet\u0113m<\/p>\n<p>Izr\u0101de &#8220;\u0100be\u013cziedi up\u0113&#8221; notiek Jaun\u0101 R\u012bgas te\u0101tra Jaunaj\u0101 z\u0101l\u0113 . T\u0101s pirmizr\u0101de paredz\u0113ta 2025. gada 25. novembr\u012b . Bi\u013cetes uz pirmajiem novembra un decembra r\u0101d\u012bjumiem jau ir izp\u0101rdotas, ta\u010du bi\u013cetes uz izr\u0101d\u0113m 2026. gada janv\u0101r\u012b b\u016bs pieejamas no 13. novembra . \u0160\u012b liel\u0101 interese apliecina skat\u012bt\u0101ju uztic\u012bbu un ilgo\u0161anos p\u0113c Ivara Kalni\u0146a snieguma un Alvja Herma\u0146a unik\u0101laj\u0101m izr\u0101d\u0113m .<\/p>\n","protected":false},"excerpt":{"rendered":"Jauns s\u0101kums ar atmi\u0146u dvesmu: Alvja Herma\u0146a izr\u0101de &#8220;\u0100be\u013cziedi up\u0113&#8221; un Ivara Kalni\u0146a atgrie\u0161an\u0101s Jaunaj\u0101 R\u012bgas te\u0101tr\u012b (JRT)&hellip;\n","protected":false},"author":2,"featured_media":50600,"comment_status":"","ping_status":"","sticky":false,"template":"","format":"standard","meta":{"footnotes":""},"categories":[19],"tags":[13211,5992,89,6566,90,5272,35,39,38,13847,36,37,34,40],"class_list":{"0":"post-50599","1":"post","2":"type-post","3":"status-publish","4":"format-standard","5":"has-post-thumbnail","7":"category-izklaide","8":"tag-abelziedi-upe","9":"tag-alvis-hermanis","10":"tag-entertainment","11":"tag-ivars-kalnins","12":"tag-izklaide","13":"tag-jaunais-rigas-teatris","14":"tag-latvia","15":"tag-latvian","16":"tag-latviesu","17":"tag-latviesu-atlantida","18":"tag-latviesu-valoda","19":"tag-latviesuvaloda","20":"tag-latvija","21":"tag-lv"},"share_on_mastodon":{"url":"https:\/\/pubeurope.com\/@lv\/115558448112174052","error":""},"_links":{"self":[{"href":"https:\/\/www.europesays.com\/lv\/wp-json\/wp\/v2\/posts\/50599","targetHints":{"allow":["GET"]}}],"collection":[{"href":"https:\/\/www.europesays.com\/lv\/wp-json\/wp\/v2\/posts"}],"about":[{"href":"https:\/\/www.europesays.com\/lv\/wp-json\/wp\/v2\/types\/post"}],"author":[{"embeddable":true,"href":"https:\/\/www.europesays.com\/lv\/wp-json\/wp\/v2\/users\/2"}],"replies":[{"embeddable":true,"href":"https:\/\/www.europesays.com\/lv\/wp-json\/wp\/v2\/comments?post=50599"}],"version-history":[{"count":0,"href":"https:\/\/www.europesays.com\/lv\/wp-json\/wp\/v2\/posts\/50599\/revisions"}],"wp:featuredmedia":[{"embeddable":true,"href":"https:\/\/www.europesays.com\/lv\/wp-json\/wp\/v2\/media\/50600"}],"wp:attachment":[{"href":"https:\/\/www.europesays.com\/lv\/wp-json\/wp\/v2\/media?parent=50599"}],"wp:term":[{"taxonomy":"category","embeddable":true,"href":"https:\/\/www.europesays.com\/lv\/wp-json\/wp\/v2\/categories?post=50599"},{"taxonomy":"post_tag","embeddable":true,"href":"https:\/\/www.europesays.com\/lv\/wp-json\/wp\/v2\/tags?post=50599"}],"curies":[{"name":"wp","href":"https:\/\/api.w.org\/{rel}","templated":true}]}}