{"id":5061,"date":"2025-09-25T21:12:08","date_gmt":"2025-09-25T21:12:08","guid":{"rendered":"https:\/\/www.europesays.com\/lv\/5061\/"},"modified":"2025-09-25T21:12:08","modified_gmt":"2025-09-25T21:12:08","slug":"video-%e2%9f%a9-virietis-mirst-transejas-nogruvuma-pats-sava-ipasuma","status":"publish","type":"post","link":"https:\/\/www.europesays.com\/lv\/5061\/","title":{"rendered":"VIDEO \u27e9 V\u012brietis mirst tran\u0161ejas nogruvum\u0101 pats sav\u0101 \u012bpa\u0161um\u0101"},"content":{"rendered":"<p>Lai m\u0101j\u0101 ievilktu kanaliz\u0101ciju, p\u0101ris nol\u012bga str\u0101dniekus, un ar traktora pal\u012bdz\u012bbu tika izrakta gandr\u012bz divus metrus dzi\u013ca tran\u0161eja.<\/p>\n<p>Nelaimes gad\u012bjuma dien\u0101 nek\u0101di b\u016bvdarbi nenotika \u2013 v\u012brietis m\u0101j\u0101s bija viens pats un v\u0113l\u0113j\u0101s bedr\u0113 iek\u0101pt, lai izm\u0113r\u012btu t\u0101s dzi\u013cumu. Pavisam dr\u012bz m\u0101j\u0101s p\u0101rrad\u0101s v\u012brie\u0161a sieva, un vi\u0146a savu v\u012bru atrada apb\u0113rtu ar smilt\u012bm.<\/p>\n<p>Sieviete pati s\u0101ka rakt smil\u0161u nogruvumu un bija atrakusi dz\u012bvesbiedra galvu, cer\u012bb\u0101, ka vi\u0146\u0161 s\u0101ks elpot. Dr\u012bz ierad\u0101s medi\u0137i un <a href=\"https:\/\/www.apollo.lv\/term\/573070\/glabeji\" class=\"topicLink\" target=\"_blank\" rel=\"nofollow noopener\">gl\u0101b\u0113ji<\/a>. Diem\u017e\u0113l tika konstat\u0113ta v\u012brie\u0161a n\u0101ve.<\/p>\n<p>Vi\u0146a atceras, ka abiem bijusi saruna par <a href=\"https:\/\/www.apollo.lv\/term\/803317\/transejas\" class=\"topicLink\" target=\"_blank\" rel=\"nofollow noopener\">tran\u0161ejas<\/a> b\u012bstam\u012bbu. Gl\u0101b\u0113ju datos \u0161is nav pirmais gad\u012bjums, kad tran\u0161ejas iebruk\u0161an\u0101 cie\u0161 vai pat iet boj\u0101 cilv\u0113ks. T\u0101s rokot, ir \u013coti svar\u012bgi iev\u0113rot dro\u0161\u012bbu.<\/p>\n<p>Pla\u0161\u0101k skaties si\u017eet\u0101.<\/p>\n","protected":false},"excerpt":{"rendered":"Lai m\u0101j\u0101 ievilktu kanaliz\u0101ciju, p\u0101ris nol\u012bga str\u0101dniekus, un ar traktora pal\u012bdz\u012bbu tika izrakta gandr\u012bz divus metrus dzi\u013ca tran\u0161eja.&hellip;\n","protected":false},"author":2,"featured_media":5062,"comment_status":"","ping_status":"","sticky":false,"template":"","format":"standard","meta":{"footnotes":""},"categories":[5],"tags":[23,28,29,32,33,2291,22,30,31,35,39,38,36,37,34,40,20,26,27,24,25,2292,2290,21],"class_list":{"0":"post-5061","1":"post","2":"type-post","3":"status-publish","4":"format-standard","5":"has-post-thumbnail","7":"category-aktualitates","8":"tag-aktualitates","9":"tag-breaking-news","10":"tag-breakingnews","11":"tag-featured-news","12":"tag-featurednews","13":"tag-glabeji","14":"tag-headlines","15":"tag-latest-news","16":"tag-latestnews","17":"tag-latvia","18":"tag-latvian","19":"tag-latviesu","20":"tag-latviesu-valoda","21":"tag-latviesuvaloda","22":"tag-latvija","23":"tag-lv","24":"tag-news","25":"tag-popularakas-zinas","26":"tag-popularakaszinas","27":"tag-top-stories","28":"tag-topstories","29":"tag-transejas","30":"tag-ugunsdzeseji","31":"tag-zinas"},"share_on_mastodon":{"url":"","error":""},"_links":{"self":[{"href":"https:\/\/www.europesays.com\/lv\/wp-json\/wp\/v2\/posts\/5061","targetHints":{"allow":["GET"]}}],"collection":[{"href":"https:\/\/www.europesays.com\/lv\/wp-json\/wp\/v2\/posts"}],"about":[{"href":"https:\/\/www.europesays.com\/lv\/wp-json\/wp\/v2\/types\/post"}],"author":[{"embeddable":true,"href":"https:\/\/www.europesays.com\/lv\/wp-json\/wp\/v2\/users\/2"}],"replies":[{"embeddable":true,"href":"https:\/\/www.europesays.com\/lv\/wp-json\/wp\/v2\/comments?post=5061"}],"version-history":[{"count":0,"href":"https:\/\/www.europesays.com\/lv\/wp-json\/wp\/v2\/posts\/5061\/revisions"}],"wp:featuredmedia":[{"embeddable":true,"href":"https:\/\/www.europesays.com\/lv\/wp-json\/wp\/v2\/media\/5062"}],"wp:attachment":[{"href":"https:\/\/www.europesays.com\/lv\/wp-json\/wp\/v2\/media?parent=5061"}],"wp:term":[{"taxonomy":"category","embeddable":true,"href":"https:\/\/www.europesays.com\/lv\/wp-json\/wp\/v2\/categories?post=5061"},{"taxonomy":"post_tag","embeddable":true,"href":"https:\/\/www.europesays.com\/lv\/wp-json\/wp\/v2\/tags?post=5061"}],"curies":[{"name":"wp","href":"https:\/\/api.w.org\/{rel}","templated":true}]}}