{"id":50616,"date":"2025-11-16T08:52:08","date_gmt":"2025-11-16T08:52:08","guid":{"rendered":"https:\/\/www.europesays.com\/lv\/50616\/"},"modified":"2025-11-16T08:52:08","modified_gmt":"2025-11-16T08:52:08","slug":"ukrainas-iznicinatajs-bombarde-un-bloke-okupantu-celu-uz-karsto-punktu-krievu-pasnavnieki-spridzinataji-bezspecigi","status":"publish","type":"post","link":"https:\/\/www.europesays.com\/lv\/50616\/","title":{"rendered":"Ukrainas izn\u012bcin\u0101t\u0101js, bombard\u0113 un blo\u0137\u0113 okupantu ce\u013cu uz karsto punktu; krievu pa\u0161n\u0101vnieki spridzin\u0101t\u0101ji bezsp\u0113c\u012bgi"},"content":{"rendered":"<p>    <img decoding=\"async\" src=\"https:\/\/www.europesays.com\/lv\/wp-content\/uploads\/2025\/11\/ea882fb71bf35acf2fd7b708a7cea66a-1024x544.webp.webp\" alt=\"&#10;\"\/><\/p>\n<p>10:40, 16. novembris 2025<\/p>\n<p>Ukrainas lidma\u0161\u012bnas izn\u012bcin\u0101ja ce\u013cu no Selidovo uz Pokrovsku, lai ne\u013cautu ienaidnieka karasp\u0113kam virz\u012bties uz priek\u0161u no \u0161\u012b virziena, raksta <a href=\"https:\/\/www.dialog.ua\/war\/323991_1763226031\" rel=\"noopener nofollow\" target=\"_blank\">dialog.ua.<\/a><\/p>\n<p>        Las\u012bt\u0101kie<br \/>\n        <a data-imagesrc=\"{&quot;300&quot;:&quot;https:\\\/\\\/lastatic.ams3.cdn.digitaloceanspaces.com\\\/2020\\\/08\\\/man-talking-on-the-phone-1582238_1280-1-300x225.jpg&quot;,&quot;768&quot;:&quot;https:\\\/\\\/lastatic.ams3.cdn.digitaloceanspaces.com\\\/2020\\\/08\\\/man-talking-on-the-phone-1582238_1280-1-768x575.jpg&quot;,&quot;200&quot;:&quot;https:\\\/\\\/lastatic.ams3.cdn.digitaloceanspaces.com\\\/2020\\\/08\\\/man-talking-on-the-phone-1582238_1280-1-200x150.jpg&quot;,&quot;400&quot;:&quot;https:\\\/\\\/lastatic.ams3.cdn.digitaloceanspaces.com\\\/2020\\\/08\\\/man-talking-on-the-phone-1582238_1280-1-400x300.jpg&quot;,&quot;500&quot;:&quot;https:\\\/\\\/lastatic.ams3.cdn.digitaloceanspaces.com\\\/2020\\\/08\\\/man-talking-on-the-phone-1582238_1280-1-500x375.jpg&quot;,&quot;800&quot;:&quot;https:\\\/\\\/lastatic.ams3.cdn.digitaloceanspaces.com\\\/2020\\\/08\\\/man-talking-on-the-phone-1582238_1280-1-800x599.jpg&quot;,&quot;1000&quot;:&quot;https:\\\/\\\/lastatic.ams3.cdn.digitaloceanspaces.com\\\/2020\\\/08\\\/man-talking-on-the-phone-1582238_1280-1.jpg&quot;}\" data-focuspoint=\"&quot;&quot;\" data-p=\"2465723\" href=\"https:\/\/www.la.lv\/hallo-ja-klausos-ar-kadu-vardu-tu-atbildi-uz-telefona-zvaniem-izradas-ka-tas-kaut-ko-pasaka-par-tavu-raksturu\" class=\"content-item lazy-load\" wp_automatic_readability=\"27\" rel=\"nofollow noopener\" target=\"_blank\"><\/p>\n<p>                                <img decoding=\"async\" src=\"\" alt=\"\" style=\"\" data-imageid=\"\"\/><\/p>\n<p>                                Kokteilis<\/p>\n<p>\n                                                Hallo! J\u0101! Klausos!! Ar k\u0101du v\u0101rdu tu atbildi uz telefona zvaniem? Izr\u0101d\u0101s, ka tas kaut ko pasaka par tavu raksturu<\/p>\n<p><\/a><a data-imagesrc=\"{&quot;300&quot;:&quot;https:\\\/\\\/lastatic.ams3.cdn.digitaloceanspaces.com\\\/2019\\\/02\\\/pexels-mikhail-nilov-7777662-300x200.jpg&quot;,&quot;1024&quot;:&quot;https:\\\/\\\/lastatic.ams3.cdn.digitaloceanspaces.com\\\/2019\\\/02\\\/pexels-mikhail-nilov-7777662-1024x683.jpg&quot;,&quot;768&quot;:&quot;https:\\\/\\\/lastatic.ams3.cdn.digitaloceanspaces.com\\\/2019\\\/02\\\/pexels-mikhail-nilov-7777662-768x512.jpg&quot;,&quot;1536&quot;:&quot;https:\\\/\\\/lastatic.ams3.cdn.digitaloceanspaces.com\\\/2019\\\/02\\\/pexels-mikhail-nilov-7777662-1536x1024.jpg&quot;,&quot;2048&quot;:&quot;https:\\\/\\\/lastatic.ams3.cdn.digitaloceanspaces.com\\\/2019\\\/02\\\/pexels-mikhail-nilov-7777662-2048x1366.jpg&quot;,&quot;200&quot;:&quot;https:\\\/\\\/lastatic.ams3.cdn.digitaloceanspaces.com\\\/2019\\\/02\\\/pexels-mikhail-nilov-7777662-200x133.jpg&quot;,&quot;400&quot;:&quot;https:\\\/\\\/lastatic.ams3.cdn.digitaloceanspaces.com\\\/2019\\\/02\\\/pexels-mikhail-nilov-7777662-400x267.jpg&quot;,&quot;500&quot;:&quot;https:\\\/\\\/lastatic.ams3.cdn.digitaloceanspaces.com\\\/2019\\\/02\\\/pexels-mikhail-nilov-7777662-500x333.jpg&quot;,&quot;800&quot;:&quot;https:\\\/\\\/lastatic.ams3.cdn.digitaloceanspaces.com\\\/2019\\\/02\\\/pexels-mikhail-nilov-7777662-800x534.jpg&quot;,&quot;1000&quot;:&quot;https:\\\/\\\/lastatic.ams3.cdn.digitaloceanspaces.com\\\/2019\\\/02\\\/pexels-mikhail-nilov-7777662-1000x667.jpg&quot;,&quot;2560&quot;:&quot;https:\\\/\\\/lastatic.ams3.cdn.digitaloceanspaces.com\\\/2019\\\/02\\\/pexels-mikhail-nilov-7777662-scaled.jpg&quot;}\" data-focuspoint=\"&quot;&quot;\" data-p=\"2466661\" href=\"https:\/\/www.la.lv\/attiecibas-darba-luk-sajas-profesijas-partneri-visbiezak-tiek-krapti-ar-darba-kolegiem\" class=\"content-item lazy-load\" wp_automatic_readability=\"26.5\" rel=\"nofollow noopener\" target=\"_blank\"><\/p>\n<p>                                <img decoding=\"async\" src=\"\" alt=\"\" style=\"\" data-imageid=\"\"\/><\/p>\n<p>                                Kokteilis<\/p>\n<p>\n                                                Attiec\u012bbas darb\u0101? L\u016bk, \u0161aj\u0101s profesij\u0101s partneri visbie\u017e\u0101k tiek kr\u0101pti ar darba kol\u0113\u0123iem\n                            <\/p>\n<p><\/a><a data-imagesrc=\"{&quot;300&quot;:&quot;https:\\\/\\\/lastatic.ams3.cdn.digitaloceanspaces.com\\\/2025\\\/01\\\/LET_20864006-1-300x192.jpg&quot;,&quot;768&quot;:&quot;https:\\\/\\\/lastatic.ams3.cdn.digitaloceanspaces.com\\\/2025\\\/01\\\/LET_20864006-1-768x492.jpg&quot;,&quot;200&quot;:&quot;https:\\\/\\\/lastatic.ams3.cdn.digitaloceanspaces.com\\\/2025\\\/01\\\/LET_20864006-1-200x128.jpg&quot;,&quot;400&quot;:&quot;https:\\\/\\\/lastatic.ams3.cdn.digitaloceanspaces.com\\\/2025\\\/01\\\/LET_20864006-1-400x256.jpg&quot;,&quot;500&quot;:&quot;https:\\\/\\\/lastatic.ams3.cdn.digitaloceanspaces.com\\\/2025\\\/01\\\/LET_20864006-1-500x320.jpg&quot;,&quot;800&quot;:&quot;https:\\\/\\\/lastatic.ams3.cdn.digitaloceanspaces.com\\\/2025\\\/01\\\/LET_20864006-1-800x512.jpg&quot;,&quot;1000&quot;:&quot;https:\\\/\\\/lastatic.ams3.cdn.digitaloceanspaces.com\\\/2025\\\/01\\\/LET_20864006-1.jpg&quot;}\" data-focuspoint=\"{&quot;x&quot;:&quot;51.65993570206584&quot;,&quot;y&quot;:&quot;25.613190482106496&quot;}\" data-p=\"2465931\" href=\"https:\/\/www.la.lv\/henrijs-kalkis-par-pensionesanas-vecuma-slieksna-celsanu-tas-bus-neizbegami\" class=\"content-item lazy-load\" wp_automatic_readability=\"26\" rel=\"nofollow noopener\" target=\"_blank\"><\/p>\n<p>                                <img decoding=\"async\" src=\"\" alt=\"\" style=\"object-position: 51.65993570206584% 25.613190482106496%\" data-imageid=\"\"\/><\/p>\n<p>                                TV24<\/p>\n<p>                                            Henrijs Ka\u013c\u0137is par pension\u0113\u0161an\u0101s vecuma sliek\u0161\u0146a cel\u0161anu: Tas b\u016bs neizb\u0113gami\n                            <\/p>\n<p><\/a><br \/>\n        <a class=\"read-more\" href=\"https:\/\/www.la.lv\/top\" rel=\"nofollow noopener\" target=\"_blank\">Las\u012bt citas zi\u0146as<\/a><\/p>\n<p>Krievijas armija vairs nevar\u0113s sasniegt Pokrovsku pa ce\u013cu no Selidovo. <\/p>\n<p>15. novembr\u012b tika zi\u0146ots, ka t\u0101 tika izn\u012bcin\u0101ta ar prec\u012bzu tr\u0101p\u012bjumu no izn\u012bcin\u0101t\u0101ja nomestas bumbas. Ukrainas 365 Telegram kan\u0101l\u0101 tika public\u0113ts video, kur\u0101 redzams, k\u0101 7. gaisa desanta triecienkorpuss uzbr\u016bk m\u0113r\u0137im.<\/p>\n<p>    CITI \u0160OBR\u012aD LASA<\/p>\n<p>Videoierakst\u0101 redzams br\u012bdis, kad tika tr\u0101p\u012bts k\u0101ds ce\u013ca posms. Citos posmos Ukrainas bru\u0146oto sp\u0113ku person\u0101ls veic m\u012bnu izvieto\u0161anas un barjeru lik\u0161anas oper\u0101cijas. Krievijas milit\u0101r\u0101 vad\u012bba, kas paz\u012bstama ar savu necie\u0146u pret padoto dz\u012bv\u012bb\u0101m, s\u016bta pa\u0161n\u0101vniekus spridzin\u0101t\u0101jus, lai atbr\u012bvotos no m\u012bn\u0101m.<\/p>\n<p>Pirms p\u0101ris dien\u0101m jau zi\u0146ots, ka krievi nekontrol\u0113 Doneckas apgabala Pokrovsku un nav aplenku\u0161i Ukrainas karav\u012brus, p\u0113c viz\u012btes Pokrovskas virzien\u0101 pazi\u0146oja Ukrainas armijas virspav\u0113lnieks Oleksandrs Sirskis.<\/p>\n<p>\u201cSitu\u0101cijas stabiliz\u0101cija Pokrovskas-Mirnohradas oper\u0101cijas rajon\u0101 ir atkar\u012bga no kaujas uzdevumu izpild\u0113 iesaist\u012bto milit\u0101r\u0101s vad\u012bbas strukt\u016bru, vien\u012bbu un apak\u0161vien\u012bbu mijiedarb\u012bbas un r\u012bc\u012bbas saska\u0146ot\u012bbas l\u012bme\u0146a,\u201d platform\u0101 \u201cTelegram\u201d ceturtdien pauda virspav\u0113lnieks.<\/p>\n<p>\u201c\u0160im nol\u016bkam es devos uz Pokrovskas virzienu. Kop\u0101 ar komandieriem m\u0113s koncentr\u0113j\u0101mies uz iepriek\u0161 noteikto uzdevumu izpildes rezult\u0101tiem un pl\u0101noj\u0101m turpm\u0101k\u0101s darb\u012bbas,\u201d nor\u0101d\u012bja Sirskis.<\/p>\n<p>Armijas virspav\u0113lnieks nor\u0101d\u012bja, ka Pokrovskas virziens \u201cienaidnieka uzbrukuma kontekst\u0101 joproj\u0101m ir galvenais\u201d.<\/p>\n<p>Proti, \u0161aj\u0101 virzien\u0101 ik dienu tiek re\u0123istr\u0113ts visliel\u0101kais ienaidnieka trieciena darb\u012bbu skaits.<\/p>\n<p>\u201c\u012apa\u0161i ienaidnieks cen\u0161as izmantot sare\u017e\u0123\u012btos laika apst\u0101k\u013cus. M\u016bsu galvenie uzdevumi joproj\u0101m ir pak\u0101peniska atsevi\u0161\u0137u rajonu p\u0101r\u0146em\u0161ana kontrol\u0113, eso\u0161o lo\u0123istikas ce\u013cu atbalsts un aizsardz\u012bba, k\u0101 ar\u012b papildu mar\u0161rutu organiz\u0113\u0161ana \u2013 lai savlaic\u012bgi nodro\u0161in\u0101tu m\u016bsu aizst\u0101vjus ar visu nepiecie\u0161amo un nodro\u0161in\u0101tu netrauc\u0113tu ievainoto evaku\u0101ciju,\u201d kl\u0101st\u012bja Sirskis.<\/p>\n<p>\u201cPerif\u0113rij\u0101 un tie\u0161i pils\u0113tas teritorij\u0101 turpin\u0101s past\u0101v\u012bga c\u012b\u0146a pret neliel\u0101m ienaidnieka k\u0101jnieku uzbrukuma grup\u0101m un ret\u0101k \u2013 viegl\u0101s ienaidnieka tehnikas izn\u012bcin\u0101\u0161ana. Ukrainas Aizsardz\u012bbas sp\u0113ku karav\u012bri dara visu, lai padar\u012btu neiesp\u0113jamu ienaidnieka p\u0101rvieto\u0161anos un nostiprin\u0101\u0161anos,\u201d situ\u0101ciju raksturoja Sirskis.<\/p>\n<p>Vi\u0146\u0161 ar\u012b nor\u0101d\u012bja, ka aizvad\u012btaj\u0101 ned\u0113\u013c\u0101 \u201cmekl\u0113\u0161anas un trieciena darb\u012bbu rezult\u0101t\u0101 no ienaidnieka diversiju un izl\u016bko\u0161anas grup\u0101m att\u012br\u012bti 7,4 kvadr\u0101tkilometri Doneckas apgabala Pokrovskas rajona teritorijas\u201d.<\/p>\n<p>\u201cPar Pokrovskas pils\u0113tas atra\u0161anos krievu kontrol\u0113 vai Ukrainas Aizsardz\u012bbas sp\u0113ku grup\u0113juma operat\u012bvo aplenkumu nav runa,\u201d uzsv\u0113ra Sirskis.<\/p>\n<p>T\u0113mas<\/p>\n<p>    SAIST\u012aTIE RAKSTI<\/p>\n","protected":false},"excerpt":{"rendered":"10:40, 16. novembris 2025 Ukrainas lidma\u0161\u012bnas izn\u012bcin\u0101ja ce\u013cu no Selidovo uz Pokrovsku, lai ne\u013cautu ienaidnieka karasp\u0113kam virz\u012bties uz&hellip;\n","protected":false},"author":2,"featured_media":50617,"comment_status":"","ping_status":"","sticky":false,"template":"","format":"standard","meta":{"footnotes":""},"categories":[14],"tags":[23,57,28,29,32,33,22,30,31,35,39,38,36,37,34,40,20,26,27,24,25,54,55,56,21,58],"class_list":{"0":"post-50616","1":"post","2":"type-post","3":"status-publish","4":"format-standard","5":"has-post-thumbnail","7":"category-zinas-no-arvalstim","8":"tag-aktualitates","9":"tag-arvalstim","10":"tag-breaking-news","11":"tag-breakingnews","12":"tag-featured-news","13":"tag-featurednews","14":"tag-headlines","15":"tag-latest-news","16":"tag-latestnews","17":"tag-latvia","18":"tag-latvian","19":"tag-latviesu","20":"tag-latviesu-valoda","21":"tag-latviesuvaloda","22":"tag-latvija","23":"tag-lv","24":"tag-news","25":"tag-popularakas-zinas","26":"tag-popularakaszinas","27":"tag-top-stories","28":"tag-topstories","29":"tag-world","30":"tag-world-news","31":"tag-worldnews","32":"tag-zinas","33":"tag-zinas-no-arvalstim"},"share_on_mastodon":{"url":"https:\/\/pubeurope.com\/@lv\/115558530824814755","error":""},"_links":{"self":[{"href":"https:\/\/www.europesays.com\/lv\/wp-json\/wp\/v2\/posts\/50616","targetHints":{"allow":["GET"]}}],"collection":[{"href":"https:\/\/www.europesays.com\/lv\/wp-json\/wp\/v2\/posts"}],"about":[{"href":"https:\/\/www.europesays.com\/lv\/wp-json\/wp\/v2\/types\/post"}],"author":[{"embeddable":true,"href":"https:\/\/www.europesays.com\/lv\/wp-json\/wp\/v2\/users\/2"}],"replies":[{"embeddable":true,"href":"https:\/\/www.europesays.com\/lv\/wp-json\/wp\/v2\/comments?post=50616"}],"version-history":[{"count":0,"href":"https:\/\/www.europesays.com\/lv\/wp-json\/wp\/v2\/posts\/50616\/revisions"}],"wp:featuredmedia":[{"embeddable":true,"href":"https:\/\/www.europesays.com\/lv\/wp-json\/wp\/v2\/media\/50617"}],"wp:attachment":[{"href":"https:\/\/www.europesays.com\/lv\/wp-json\/wp\/v2\/media?parent=50616"}],"wp:term":[{"taxonomy":"category","embeddable":true,"href":"https:\/\/www.europesays.com\/lv\/wp-json\/wp\/v2\/categories?post=50616"},{"taxonomy":"post_tag","embeddable":true,"href":"https:\/\/www.europesays.com\/lv\/wp-json\/wp\/v2\/tags?post=50616"}],"curies":[{"name":"wp","href":"https:\/\/api.w.org\/{rel}","templated":true}]}}