{"id":50628,"date":"2025-11-16T08:59:11","date_gmt":"2025-11-16T08:59:11","guid":{"rendered":"https:\/\/www.europesays.com\/lv\/50628\/"},"modified":"2025-11-16T08:59:11","modified_gmt":"2025-11-16T08:59:11","slug":"bezdarba-limenis-latvija-pieaug-ipasi-skarot-viriesus-lente-lv-2","status":"publish","type":"post","link":"https:\/\/www.europesays.com\/lv\/50628\/","title":{"rendered":"Bezdarba l\u012bmenis Latvij\u0101 pieaug, \u012bpa\u0161i skarot v\u012brie\u0161us\u00a0\u2014\u00a0Lente.lv"},"content":{"rendered":"<p>Bezdarba pieaugums Latvij\u0101: v\u012brie\u0161u situ\u0101cija pasliktin\u0101s<\/p>\n<p>Centr\u0101l\u0101s statistikas p\u0101rvaldes (CSP) jaun\u0101kie dati par tre\u0161o ceturksni atkl\u0101j neapskau\u017eamu tendenci \u2013 Latvij\u0101 bezdarba l\u012bmenis ir sasniedzis 6,9% no ekonomiski akt\u012bvajiem iedz\u012bvot\u0101jiem. \u0160is r\u0101d\u012bt\u0101js ir par 0,2 procentpunktiem augst\u0101ks nek\u0101 attiec\u012bgaj\u0101 period\u0101 p\u0113rn un par 0,2 procentpunktiem vair\u0101k nek\u0101 iepriek\u0161\u0113j\u0101 ceturksn\u012b. \u0160\u012b statistika, lai ar\u012b \u0161\u0137ietami nelielas izmai\u0146as, tom\u0113r signaliz\u0113 par satrauco\u0161\u0101m p\u0101rmai\u0146\u0101m darba tirg\u016b, \u012bpa\u0161i uzsverot v\u012brie\u0161u bezdarba pieaugumu.<\/p>\n<p>V\u012brie\u0161i \u2013 bezdarba pieauguma galvenie upuri<\/p>\n<p>Analiz\u0113jot datus, skaidri iez\u012bm\u0113jas k\u0101da nel\u0101ga tendence \u2013 bezdarba pieaugums visvair\u0101k skar tie\u0161i v\u012brie\u0161us. Lai gan ofici\u0101l\u0101 statistika nenor\u0101da prec\u012bzus skait\u013cus pa dzimumiem katr\u0101 ceturksn\u012b, nov\u0113rojumi un nozares ekspertu koment\u0101ri liecina, ka v\u012brie\u0161u nodarbin\u0101t\u012bba ir k\u013cuvusi nestabil\u0101ka. \u0160\u012b situ\u0101cija var\u0113tu b\u016bt saist\u012bta ar vair\u0101kiem faktoriem, tostarp ar nozar\u0113m, kur\u0101s p\u0101rsvar\u0101 str\u0101d\u0101 v\u012brie\u0161i, piem\u0113ram, b\u016bvniec\u012bba, r\u016bpniec\u012bba un transports, kas bie\u017ei vien ir j\u016bt\u012bg\u0101kas pret ekonomikas sv\u0101rst\u012bb\u0101m.<\/p>\n<p>Ekonomisk\u0101s sv\u0101rst\u012bbas un to ietekme<\/p>\n<p>\u0160obr\u012bd Latvijas ekonomika piedz\u012bvo sare\u017e\u0123\u012btu periodu, ko raksturo infl\u0101cija, \u0123eopolitisk\u0101 nenoteikt\u012bba un pieaugo\u0161\u0101s ener\u0123ijas cenas. \u0160ie faktori kopum\u0101 rada spiedienu uz uz\u0146\u0113m\u0113jdarb\u012bbu, liekot tiem p\u0101rskat\u012bt savus darbasp\u0113ka resursus. Da\u017ei sektori, kas tradicion\u0101li nodarbina liel\u0101ku skaitu v\u012brie\u0161u, ir \u012bpa\u0161i j\u016bt\u012bgi pret \u0161iem \u0101r\u0113jiem \u0161okiem. Piem\u0113ram, ja k\u0101ds liels b\u016bvniec\u012bbas projekts tiek aptur\u0113ts vai p\u0101rcelts, tas var rad\u012bt darba zaud\u0113jumus simtiem cilv\u0113ku, kuri bie\u017ei vien ir tie\u0161i v\u012brie\u0161i.<\/p>\n<p>Darba tirgus dinamika un n\u0101kotnes prognozes<\/p>\n<p>Lai gan kop\u0113jais bezdarba l\u012bmenis joproj\u0101m ir sal\u012bdzino\u0161i zems, sal\u012bdzinot ar v\u0113sturiskiem r\u0101d\u012bt\u0101jiem, pieauguma tendence ir sign\u0101ls, kas nedr\u012bkst tikt ignor\u0113ts. Darba dev\u0113ju ba\u017eas par ekonomikas att\u012bst\u012bbu var\u0113tu turpin\u0101t ietekm\u0113t nodarbin\u0101t\u012bbas r\u0101d\u012bt\u0101jus ar\u012b n\u0101kamajos ceturk\u0161\u0146os. Ir svar\u012bgi sekot l\u012bdzi ne tikai kop\u0113jam bezdarba l\u012bmenim, bet ar\u012b specifisk\u0101m grup\u0101m, lai saprastu, kuri sabiedr\u012bbas sl\u0101\u0146i saskaras ar visliel\u0101kaj\u0101m gr\u016bt\u012bb\u0101m.<\/p>\n<p>Ko dar\u012bt, lai mazin\u0101tu bezdarbu?<\/p>\n<p>Lai nov\u0113rstu negat\u012bv\u0101s tendences un mazin\u0101tu bezdarba pieaugumu, nepiecie\u0161ama koordin\u0113ta r\u012bc\u012bba. Valstij, sadarb\u012bb\u0101 ar darba dev\u0113jiem un izgl\u012bt\u012bbas iest\u0101d\u0113m, j\u0101dom\u0101 par akt\u012bviem nodarbin\u0101t\u012bbas pas\u0101kumiem. Tas var\u0113tu ietvert profesion\u0101l\u0101s p\u0101rkvalifik\u0101cijas programmas, kas \u012bpa\u0161i orient\u0113tas uz v\u012brie\u0161iem, kuri zaud\u0113ju\u0161i darbu tradicion\u0101laj\u0101s v\u012brie\u0161u profesij\u0101s. T\u0101pat svar\u012bgi ir atbalst\u012bt uz\u0146\u0113m\u0113jdarb\u012bbas vides att\u012bst\u012bbu, lai rad\u012btu jaunas darba vietas un nodro\u0161in\u0101tu stabilit\u0101ti darba tirg\u016b. Ir j\u0101dom\u0101 par to, k\u0101 padar\u012bt darba tirgu elast\u012bg\u0101ku un piel\u0101goties main\u012bgaj\u0101m ekonomiskaj\u0101m realit\u0101t\u0113m. Tikai ar prevent\u012bviem un m\u0113r\u0137tiec\u012bgiem pas\u0101kumiem m\u0113s varam cer\u0113t uz stabil\u0101ku n\u0101kotni.<\/p>\n","protected":false},"excerpt":{"rendered":"Bezdarba pieaugums Latvij\u0101: v\u012brie\u0161u situ\u0101cija pasliktin\u0101s Centr\u0101l\u0101s statistikas p\u0101rvaldes (CSP) jaun\u0101kie dati par tre\u0161o ceturksni atkl\u0101j neapskau\u017eamu tendenci&hellip;\n","protected":false},"author":2,"featured_media":50629,"comment_status":"","ping_status":"","sticky":false,"template":"","format":"standard","meta":{"footnotes":""},"categories":[12],"tags":[23,13848,28,29,13849,4603,13851,32,33,22,30,31,35,39,38,36,37,34,40,20,26,27,24,25,13850,21],"class_list":{"0":"post-50628","1":"post","2":"type-post","3":"status-publish","4":"format-standard","5":"has-post-thumbnail","7":"category-latvija","8":"tag-aktualitates","9":"tag-bezdarbs-latvija","10":"tag-breaking-news","11":"tag-breakingnews","12":"tag-csp-dati","13":"tag-darba-tirgus","14":"tag-ekonomikas-tendences","15":"tag-featured-news","16":"tag-featurednews","17":"tag-headlines","18":"tag-latest-news","19":"tag-latestnews","20":"tag-latvia","21":"tag-latvian","22":"tag-latviesu","23":"tag-latviesu-valoda","24":"tag-latviesuvaloda","25":"tag-latvija","26":"tag-lv","27":"tag-news","28":"tag-popularakas-zinas","29":"tag-popularakaszinas","30":"tag-top-stories","31":"tag-topstories","32":"tag-viriesu-bezdarbs","33":"tag-zinas"},"share_on_mastodon":{"url":"https:\/\/pubeurope.com\/@lv\/115558558271286610","error":""},"_links":{"self":[{"href":"https:\/\/www.europesays.com\/lv\/wp-json\/wp\/v2\/posts\/50628","targetHints":{"allow":["GET"]}}],"collection":[{"href":"https:\/\/www.europesays.com\/lv\/wp-json\/wp\/v2\/posts"}],"about":[{"href":"https:\/\/www.europesays.com\/lv\/wp-json\/wp\/v2\/types\/post"}],"author":[{"embeddable":true,"href":"https:\/\/www.europesays.com\/lv\/wp-json\/wp\/v2\/users\/2"}],"replies":[{"embeddable":true,"href":"https:\/\/www.europesays.com\/lv\/wp-json\/wp\/v2\/comments?post=50628"}],"version-history":[{"count":0,"href":"https:\/\/www.europesays.com\/lv\/wp-json\/wp\/v2\/posts\/50628\/revisions"}],"wp:featuredmedia":[{"embeddable":true,"href":"https:\/\/www.europesays.com\/lv\/wp-json\/wp\/v2\/media\/50629"}],"wp:attachment":[{"href":"https:\/\/www.europesays.com\/lv\/wp-json\/wp\/v2\/media?parent=50628"}],"wp:term":[{"taxonomy":"category","embeddable":true,"href":"https:\/\/www.europesays.com\/lv\/wp-json\/wp\/v2\/categories?post=50628"},{"taxonomy":"post_tag","embeddable":true,"href":"https:\/\/www.europesays.com\/lv\/wp-json\/wp\/v2\/tags?post=50628"}],"curies":[{"name":"wp","href":"https:\/\/api.w.org\/{rel}","templated":true}]}}