{"id":5063,"date":"2025-09-25T21:14:10","date_gmt":"2025-09-25T21:14:10","guid":{"rendered":"https:\/\/www.europesays.com\/lv\/5063\/"},"modified":"2025-09-25T21:14:10","modified_gmt":"2025-09-25T21:14:10","slug":"%e2%80%b3jaatsak-skriet-%e2%80%b3-legendarajam-boltam-kapsana-pa-trepem-sagadajot-aizdusu-vieglatletika-sportacentrs-com","status":"publish","type":"post","link":"https:\/\/www.europesays.com\/lv\/5063\/","title":{"rendered":"\u2033J\u0101ats\u0101k skriet&#8230;\u2033 Le\u0123end\u0101rajam Boltam k\u0101p\u0161ana pa trep\u0113m sag\u0101d\u0101jot aizdusu \u2013 Vieglatl\u0113tika \u2013 Sportacentrs.com"},"content":{"rendered":"<p>Asto\u0146k\u0101rt\u0113jais olimpisko sp\u0113\u013cu \u010dempions p\u0113rn labdar\u012bbas ma\u010d\u0101 p\u0101rr\u0101va Ahileja c\u012bpslu. Kop\u0161 t\u0101 laika vi\u0146\u0161 ar skrie\u0161anu vairs neesot nodarbojies.<\/p>\n<p>\u2033Liel\u0101koties tren\u0113jos z\u0101l\u0113. Kad uzk\u0101pju pa trep\u0113m, man z\u016bd elpa. Tagad k\u0101du laici\u0146u to neesmu dar\u012bjis, bet dom\u0101ju, ka j\u0101ats\u0101k skriet. S\u0101kum\u0101, visticam\u0101k, b\u016bs j\u0101noskrien da\u017ei ap\u013ci, lai noregul\u0113tu elpo\u0161anu,\u2033 atkl\u0101ts bija Bolts.<\/p>\n<p>Biju\u0161ais sprinteris p\u0113d\u0113j\u0101s sacens\u012bbas aizvad\u012bja 2017. gad\u0101. Vi\u0146\u0161 nesl\u0113pa, ka br\u012bvaj\u0101 laik\u0101 neaizraujas ar treni\u0146iem.<\/p>\n<p>\u2033Parasti pamostos tie\u0161i laik\u0101, lai pavad\u012btu b\u0113rnus uz skolu. T\u0101l\u0101k viss atkar\u012bgs no iepl\u0101notajiem darbiem. Ja nav dar\u0101m\u0101, es vienk\u0101r\u0161i atp\u016b\u0161os. Da\u017ereiz tren\u0113jos, ja man ir labs garast\u0101voklis,\u2033 ieskatu sav\u0101 ikdien\u0101 sniedza Bolts.<\/p>\n<p>39 gadus vecajam jamaikietim joproj\u0101m pieder pasaules rekordi 100 un 200 metru sprint\u0101. Aizvad\u012btaj\u0101 pasaules \u010dempion\u0101t\u0101 amerik\u0101nis Noa Lailss izc\u012bn\u012bja ceturto pasaules zeltu 200 metru distanc\u0113, atk\u0101rtojot Boltam piedero\u0161o rekordu.<\/p>\n<p>Izmantotie resursi:<br \/><a target=\"_blank\" href=\"https:\/\/people.com\/usain-bolt-admits-he-gets-out-of-breath-now-when-he-walks-up-stairs-amid-retirement-11812666\" rel=\"nofollow noopener\">https:\/\/people.com\/usain-bolt-admit&#8230;<\/a><\/p>\n","protected":false},"excerpt":{"rendered":"Asto\u0146k\u0101rt\u0113jais olimpisko sp\u0113\u013cu \u010dempions p\u0113rn labdar\u012bbas ma\u010d\u0101 p\u0101rr\u0101va Ahileja c\u012bpslu. Kop\u0161 t\u0101 laika vi\u0146\u0161 ar skrie\u0161anu vairs neesot&hellip;\n","protected":false},"author":2,"featured_media":5064,"comment_status":"","ping_status":"","sticky":false,"template":"","format":"standard","meta":{"footnotes":""},"categories":[17],"tags":[35,39,38,36,37,34,40,67,434],"class_list":{"0":"post-5063","1":"post","2":"type-post","3":"status-publish","4":"format-standard","5":"has-post-thumbnail","7":"category-sports","8":"tag-latvia","9":"tag-latvian","10":"tag-latviesu","11":"tag-latviesu-valoda","12":"tag-latviesuvaloda","13":"tag-latvija","14":"tag-lv","15":"tag-sports","16":"tag-vieglatletika"},"share_on_mastodon":{"url":"","error":""},"_links":{"self":[{"href":"https:\/\/www.europesays.com\/lv\/wp-json\/wp\/v2\/posts\/5063","targetHints":{"allow":["GET"]}}],"collection":[{"href":"https:\/\/www.europesays.com\/lv\/wp-json\/wp\/v2\/posts"}],"about":[{"href":"https:\/\/www.europesays.com\/lv\/wp-json\/wp\/v2\/types\/post"}],"author":[{"embeddable":true,"href":"https:\/\/www.europesays.com\/lv\/wp-json\/wp\/v2\/users\/2"}],"replies":[{"embeddable":true,"href":"https:\/\/www.europesays.com\/lv\/wp-json\/wp\/v2\/comments?post=5063"}],"version-history":[{"count":0,"href":"https:\/\/www.europesays.com\/lv\/wp-json\/wp\/v2\/posts\/5063\/revisions"}],"wp:featuredmedia":[{"embeddable":true,"href":"https:\/\/www.europesays.com\/lv\/wp-json\/wp\/v2\/media\/5064"}],"wp:attachment":[{"href":"https:\/\/www.europesays.com\/lv\/wp-json\/wp\/v2\/media?parent=5063"}],"wp:term":[{"taxonomy":"category","embeddable":true,"href":"https:\/\/www.europesays.com\/lv\/wp-json\/wp\/v2\/categories?post=5063"},{"taxonomy":"post_tag","embeddable":true,"href":"https:\/\/www.europesays.com\/lv\/wp-json\/wp\/v2\/tags?post=5063"}],"curies":[{"name":"wp","href":"https:\/\/api.w.org\/{rel}","templated":true}]}}