{"id":50650,"date":"2025-11-16T09:16:16","date_gmt":"2025-11-16T09:16:16","guid":{"rendered":"https:\/\/www.europesays.com\/lv\/50650\/"},"modified":"2025-11-16T09:16:16","modified_gmt":"2025-11-16T09:16:16","slug":"eiropas-valsts-nolemusi-traucet-krievijas-gazes-eksportu-uz-citam-valstim","status":"publish","type":"post","link":"https:\/\/www.europesays.com\/lv\/50650\/","title":{"rendered":"Eiropas valsts nol\u0113musi trauc\u0113t Krievijas g\u0101zes eksportu uz cit\u0101m valst\u012bm"},"content":{"rendered":"<p>Independent: Brit\u0101nija aizliegs izmantot t\u0101s pakalpojumus Krievijas SDG eksportam.<\/p>\n<ol start=\"2026\">\n<li>gad\u0101 Apvienotaj\u0101 Karalist\u0113 st\u0101sies sp\u0113k\u0101 aizliegums izmantot t\u0101s j\u016bras pakalpojumus Krievijas sa\u0161\u0137idrin\u0101t\u0101 dabasg\u0101zes (SDG) eksportam uz cit\u0101m valst\u012bm. Par to zi\u0146oja Independent.<\/li>\n<\/ol>\n<p>Turkl\u0101t aizliegums attieksies ar\u012b uz apdro\u0161in\u0101\u0161anas pakalpojumiem. Par to pazi\u0146oja Apvienot\u0101s Karalistes \u0101rlietu ministre Ivette Cooper pirms G7 valstu \u0101rlietu ministru san\u0101ksmes Kan\u0101d\u0101. Vi\u0146as teiktaj\u0101 London\u0101 ar\u012b tiks pie\u0161\u0137irti 13 miljoni m\u0101rci\u0146u Ukrainai, lai atjaunotu t\u0101s ener\u0123\u0113tisko infrastrukt\u016bru.<\/p>\n<p>Novembra s\u0101kum\u0101 k\u013cuva zin\u0101ms, ka p\u0113c otr\u0101 rudens m\u0113ne\u0161a rezult\u0101tiem Krievijas SDG eksports pieauga par 27 procentiem sal\u012bdzin\u0101jum\u0101 ar septembri un par 21 procentu gada izteiksm\u0113, sasniedzot rekordaugstu 3,4 miljonus tonnu m\u0113nes\u012b.<\/p>\n<p>T\u0101pat ir zin\u0101ms, ka p\u0113c 2025. gada pirmajiem se\u0161iem m\u0113ne\u0161iem kop\u0113jie Krievijas SDG pieg\u0101des apjomi Eiropas Savien\u012bb\u0101 pieauga par septi\u0146iem procentiem sal\u012bdzin\u0101jum\u0101 ar to pa\u0161u periodu 2024. gad\u0101.<\/p>\n","protected":false},"excerpt":{"rendered":"Independent: Brit\u0101nija aizliegs izmantot t\u0101s pakalpojumus Krievijas SDG eksportam. gad\u0101 Apvienotaj\u0101 Karalist\u0113 st\u0101sies sp\u0113k\u0101 aizliegums izmantot t\u0101s j\u016bras&hellip;\n","protected":false},"author":2,"featured_media":50651,"comment_status":"","ping_status":"","sticky":false,"template":"","format":"standard","meta":{"footnotes":""},"categories":[14],"tags":[23,57,28,29,32,33,22,30,31,35,39,38,36,37,34,40,20,26,27,24,25,54,55,56,21,58],"class_list":{"0":"post-50650","1":"post","2":"type-post","3":"status-publish","4":"format-standard","5":"has-post-thumbnail","7":"category-zinas-no-arvalstim","8":"tag-aktualitates","9":"tag-arvalstim","10":"tag-breaking-news","11":"tag-breakingnews","12":"tag-featured-news","13":"tag-featurednews","14":"tag-headlines","15":"tag-latest-news","16":"tag-latestnews","17":"tag-latvia","18":"tag-latvian","19":"tag-latviesu","20":"tag-latviesu-valoda","21":"tag-latviesuvaloda","22":"tag-latvija","23":"tag-lv","24":"tag-news","25":"tag-popularakas-zinas","26":"tag-popularakaszinas","27":"tag-top-stories","28":"tag-topstories","29":"tag-world","30":"tag-world-news","31":"tag-worldnews","32":"tag-zinas","33":"tag-zinas-no-arvalstim"},"share_on_mastodon":{"url":"https:\/\/pubeurope.com\/@lv\/115558625098267993","error":""},"_links":{"self":[{"href":"https:\/\/www.europesays.com\/lv\/wp-json\/wp\/v2\/posts\/50650","targetHints":{"allow":["GET"]}}],"collection":[{"href":"https:\/\/www.europesays.com\/lv\/wp-json\/wp\/v2\/posts"}],"about":[{"href":"https:\/\/www.europesays.com\/lv\/wp-json\/wp\/v2\/types\/post"}],"author":[{"embeddable":true,"href":"https:\/\/www.europesays.com\/lv\/wp-json\/wp\/v2\/users\/2"}],"replies":[{"embeddable":true,"href":"https:\/\/www.europesays.com\/lv\/wp-json\/wp\/v2\/comments?post=50650"}],"version-history":[{"count":0,"href":"https:\/\/www.europesays.com\/lv\/wp-json\/wp\/v2\/posts\/50650\/revisions"}],"wp:featuredmedia":[{"embeddable":true,"href":"https:\/\/www.europesays.com\/lv\/wp-json\/wp\/v2\/media\/50651"}],"wp:attachment":[{"href":"https:\/\/www.europesays.com\/lv\/wp-json\/wp\/v2\/media?parent=50650"}],"wp:term":[{"taxonomy":"category","embeddable":true,"href":"https:\/\/www.europesays.com\/lv\/wp-json\/wp\/v2\/categories?post=50650"},{"taxonomy":"post_tag","embeddable":true,"href":"https:\/\/www.europesays.com\/lv\/wp-json\/wp\/v2\/tags?post=50650"}],"curies":[{"name":"wp","href":"https:\/\/api.w.org\/{rel}","templated":true}]}}