{"id":50658,"date":"2025-11-16T09:22:17","date_gmt":"2025-11-16T09:22:17","guid":{"rendered":"https:\/\/www.europesays.com\/lv\/50658\/"},"modified":"2025-11-16T09:22:17","modified_gmt":"2025-11-16T09:22:17","slug":"parlamentarais-sekretars-piedalisies-es-visparejo-lietu-padome","status":"publish","type":"post","link":"https:\/\/www.europesays.com\/lv\/50658\/","title":{"rendered":"Parlament\u0101rais sekret\u0101rs piedal\u012bsies ES Visp\u0101r\u0113jo lietu padom\u0113"},"content":{"rendered":"<p>2025. gada 17. novembr\u012b Brisel\u0113 notiks Eiropas Savien\u012bbas (ES) Visp\u0101r\u0113jo lietu padomes san\u0101ksme, kur\u0101 Latviju p\u0101rst\u0101v\u0113s \u0100rlietu ministrijas parlament\u0101rais sekret\u0101rs Artjoms Ur\u0161u\u013cskis.\u00a0<\/p>\n<p>San\u0101ksm\u0113 notiks viedok\u013cu apmai\u0146a par\u00a0n\u0101kamo ES daudzgadu bud\u017eetu, fokus\u0113joties uz valstu un re\u0123ion\u0101lo partner\u012bbu pl\u0101niem. Dal\u012bbnieki diskut\u0113s par 18.\u201319. decembra Eiropadomes san\u0101ksmes darba k\u0101rt\u012bbu, kur\u0101 pl\u0101noti t\u0101di jaut\u0101jumi k\u0101 Krievijas kar\u0161 Ukrain\u0101, situ\u0101cija Tuvajos Austrumos, ES n\u0101kamais daudzgadu bud\u017eets.<\/p>\n<p>Eiropas Komisija inform\u0113s par aktu\u0101lo situ\u0101ciju ES un Apvienot\u0101s Karalistes attiec\u012bb\u0101s, k\u0101 ar\u012b iepaz\u012bstin\u0101s ar 21. oktobr\u012b public\u0113to Darba programmu 2026. gadam \u201cEiropas neatkar\u012bbas br\u012bdis\u201d.<\/p>\n<p>Savuk\u0101rt ES tiesiskuma dialoga ietvaros notiks diskusijas par tiesiskuma situ\u0101ciju \u010detr\u0101s ES dal\u012bbvalst\u012bs:\u00a0Bulg\u0101rij\u0101, \u010cehij\u0101, V\u0101cij\u0101 un \u012arij\u0101.<\/p>\n<p>ES Visp\u0101r\u0113jo lietu padom\u0113 izskata jaut\u0101jumus, kas skar vair\u0101k nek\u0101 vienu ES politiku, piem\u0113ram, sarunas par ES papla\u0161in\u0101\u0161anos, gatavo\u0161anos Eiropadomei, ES daudzgadu bud\u017eetu, k\u0101 ar\u012b tiesiskuma, institucion\u0101los un administrat\u012bvos jaut\u0101jumus.<\/p>\n<p>          <img decoding=\"async\" src=\"https:\/\/www.europesays.com\/lv\/wp-content\/uploads\/2025\/11\/1762759388_634_logo-lv.png\" alt=\"\"\/><\/p>\n<p>                  \u0160\u012b inform\u0101cija ir publisks pazi\u0146ojums un neatspogu\u013co LV port\u0101la viedokli. Par t\u0101s saturu atbild ies\u016bt\u012bt\u0101js. <a data-popup=\"rules\">Public\u0113\u0161anas noteikumi<\/a><\/p>\n","protected":false},"excerpt":{"rendered":"2025. gada 17. novembr\u012b Brisel\u0113 notiks Eiropas Savien\u012bbas (ES) Visp\u0101r\u0113jo lietu padomes san\u0101ksme, kur\u0101 Latviju p\u0101rst\u0101v\u0113s \u0100rlietu ministrijas&hellip;\n","protected":false},"author":2,"featured_media":46923,"comment_status":"","ping_status":"","sticky":false,"template":"","format":"standard","meta":{"footnotes":""},"categories":[14],"tags":[23,57,28,29,32,33,22,30,31,35,39,38,36,37,34,40,20,26,27,24,25,54,55,56,21,58],"class_list":{"0":"post-50658","1":"post","2":"type-post","3":"status-publish","4":"format-standard","5":"has-post-thumbnail","7":"category-zinas-no-arvalstim","8":"tag-aktualitates","9":"tag-arvalstim","10":"tag-breaking-news","11":"tag-breakingnews","12":"tag-featured-news","13":"tag-featurednews","14":"tag-headlines","15":"tag-latest-news","16":"tag-latestnews","17":"tag-latvia","18":"tag-latvian","19":"tag-latviesu","20":"tag-latviesu-valoda","21":"tag-latviesuvaloda","22":"tag-latvija","23":"tag-lv","24":"tag-news","25":"tag-popularakas-zinas","26":"tag-popularakaszinas","27":"tag-top-stories","28":"tag-topstories","29":"tag-world","30":"tag-world-news","31":"tag-worldnews","32":"tag-zinas","33":"tag-zinas-no-arvalstim"},"share_on_mastodon":{"url":"https:\/\/pubeurope.com\/@lv\/115558648737435535","error":""},"_links":{"self":[{"href":"https:\/\/www.europesays.com\/lv\/wp-json\/wp\/v2\/posts\/50658","targetHints":{"allow":["GET"]}}],"collection":[{"href":"https:\/\/www.europesays.com\/lv\/wp-json\/wp\/v2\/posts"}],"about":[{"href":"https:\/\/www.europesays.com\/lv\/wp-json\/wp\/v2\/types\/post"}],"author":[{"embeddable":true,"href":"https:\/\/www.europesays.com\/lv\/wp-json\/wp\/v2\/users\/2"}],"replies":[{"embeddable":true,"href":"https:\/\/www.europesays.com\/lv\/wp-json\/wp\/v2\/comments?post=50658"}],"version-history":[{"count":0,"href":"https:\/\/www.europesays.com\/lv\/wp-json\/wp\/v2\/posts\/50658\/revisions"}],"wp:featuredmedia":[{"embeddable":true,"href":"https:\/\/www.europesays.com\/lv\/wp-json\/wp\/v2\/media\/46923"}],"wp:attachment":[{"href":"https:\/\/www.europesays.com\/lv\/wp-json\/wp\/v2\/media?parent=50658"}],"wp:term":[{"taxonomy":"category","embeddable":true,"href":"https:\/\/www.europesays.com\/lv\/wp-json\/wp\/v2\/categories?post=50658"},{"taxonomy":"post_tag","embeddable":true,"href":"https:\/\/www.europesays.com\/lv\/wp-json\/wp\/v2\/tags?post=50658"}],"curies":[{"name":"wp","href":"https:\/\/api.w.org\/{rel}","templated":true}]}}