{"id":50665,"date":"2025-11-16T09:28:16","date_gmt":"2025-11-16T09:28:16","guid":{"rendered":"https:\/\/www.europesays.com\/lv\/50665\/"},"modified":"2025-11-16T09:28:16","modified_gmt":"2025-11-16T09:28:16","slug":"vacija-var-atkartot-ukrainas-kludas-latvija-ne-saruna-par-kara-pieredzi-ar-azov-staba-prieksnieku-arsenu-dmitriku-raksts","status":"publish","type":"post","link":"https:\/\/www.europesays.com\/lv\/50665\/","title":{"rendered":"V\u0101cija var atk\u0101rtot Ukrainas k\u013c\u016bdas, Latvija \u2013 ne. Saruna par kara pieredzi ar \u00abAzov\u00bb \u0161t\u0101ba priek\u0161nieku Arsenu Dmitriku \/ Raksts"},"content":{"rendered":"<p>&#8220;Kar\u0161 Ukrain\u0101 ir tikai sekas zaud\u0113tajam hibr\u012bdkaram. Pasaules kar\u0161 jau ir s\u0101cies \u2013\u00a0hibr\u012bdkar\u0161,&#8221; Latvijas Radio raidierakst\u0101\u00a0&#8220;Dro\u0161in\u0101t\u0101js&#8221; sac\u012bja\u00a0pulkve\u017eleitnants Arsens Dmitriks, Ukrainas Nacion\u0101l\u0101s gvardes 1. korpusa &#8220;Azov&#8221;\u00a0\u0161t\u0101ba priek\u0161nieks, kur\u0161 pats p\u0101rdz\u012bvojis g\u016bstu Olenivk\u0101 un atgriezies dienest\u0101. Sarun\u0101 vi\u0146\u0161 st\u0101st\u012bja\u00a0par m\u0101c\u012bb\u0101m, ko no Ukrainas kara pieredzes vajadz\u0113tu \u0146emt v\u0113r\u0101 Latvijai, k\u0101 ar\u012b par kara turpin\u0101jumu un to, ko Ukraina var dot saviem partneriem.<\/p>\n<p><a id=\"1\" name=\"1\"\/>Kar\u0161 Ukrain\u0101 \u2013 sekas zaud\u0113tajam hibr\u012bdkaram<\/p>\n<p>Rihards Pl\u016bme: K\u0101 j\u016bs uzskat\u0101t, cik t\u0101lu \u0161obr\u012bd ir kara beigas un no k\u0101 tas ir atkar\u012bgs?<\/p>\n<p>Arsens Dmitriks: Es uzskatu, ka jau ir s\u0101cies pasaules kar\u0161. Hibr\u012bdkar\u0161. Tas ir s\u0101cies un tas ieiet jaun\u0101 posm\u0101. J\u016bs to varat redz\u0113t lab\u0101k nek\u0101 m\u0113s \u2013\u00a0Lietuva, Latvija, Igaunija, Polija \u2013\u00a0droni ir viena no hibr\u012bdkara ve\u0161anas metod\u0113m.<\/p>\n<p>            <img decoding=\"async\" src=\"https:\/\/www.europesays.com\/lv\/wp-content\/uploads\/2025\/11\/s0fk.jpg\" alt=\"Pulkve\u017eleitnants Arsens Dmitriks, Ukrainas Nacion\u0101l\u0101s gvardes 1. korpusa &quot;Azov&quot;\u00a0\u0161t\u0101ba prie...\"\/><\/p>\n<p>Pulkve\u017eleitnants Arsens Dmitriks, Ukrainas Nacion\u0101l\u0101s gvardes 1. korpusa &#8220;Azov&#8221;\u00a0\u0161t\u0101ba priek\u0161nieks<\/p>\n<p>Foto: no priv\u0101t\u0101 arh\u012bva<\/p>\n<\/p>\n<p>Pasaules kar\u0161 jau ir s\u0101cies, bet ne fiziski, jo kar\u0161, kas tagad notiek Ukrain\u0101, ir sekas zaud\u0113tajam hibr\u012bdkaram Ukrain\u0101. T\u0101s jau ir sekas. T\u0101p\u0113c m\u0113s esam \u0161eit [Latvij\u0101], lai jums paskaidrotu, ka jums tagad ir j\u0101b\u016bt maksim\u0101li akt\u012bviem \u0161aj\u0101 hibr\u012bdkar\u0101, lai neb\u016btu t\u0101du seku k\u0101 mums. T\u0101p\u0113c m\u0113s esam \u0161eit un dal\u0101mies pieredz\u0113.<\/p>\n<p>Kas attiecas uz jaut\u0101jumu par to, kad beigsies kar\u0161 Ukrain\u0101 \u2013\u00a0\u0161o jaut\u0101jumu uzdod 90 %.<\/p>\n<blockquote>\n<p>Es nezinu, vai pat pats Dievs to zina, k\u0101 ar\u012b m\u016bsu ienaidnieks. Bet kaujas lauk\u0101, ticiet man, m\u016bsu k\u0101jnieki, m\u016bsu vien\u012bbas dara br\u012bnumus.<\/p>\n<\/blockquote>\n<p>Ienaidnieks ir nov\u0101jin\u0101ts, tas tiesa, ta\u010du taktisk\u0101 l\u012bmen\u012b tam tom\u0113r veicas, jo ienaidniekam ir p\u0101rsvars resursos. Un galvenais ir cilv\u0113kresurss. Jebkur\u0161 kar\u0161 kaujas lauk\u0101 nav par droniem. Tas nav par tankiem. Tas ir par cilv\u0113kiem. Tas ir par tiem, kas kontrol\u0113 \u0161os dronus, kas kontrol\u0113 \u0161os tankus. Krievij\u0101 to ir daudz. J\u016bs to zin\u0101t lab\u0101k par mums. T\u0101p\u0113c \u2013\u00a0kad kar\u0161 beigsies?\u00a0M\u0113s visi to patiesi v\u0113lamies. Bet m\u0113s saprotam, ka p\u0113c \u0161\u012b kara beig\u0101m s\u0101ksies jauns hibr\u012bdkara posms.<\/p>\n<p>J\u016bs teic\u0101t, ka esat \u0161eit, lai nor\u0101d\u012btu uz to, ka hibr\u012bdkar\u0161 ar\u012b \u0161eit Latvij\u0101 ir j\u0101uztver k\u0101 apdraud\u0113jums. \u0160\u0137iet, ka m\u0113s to izprotam, lai gan atsevi\u0161\u0137\u0101s reiz\u0113s m\u016bsu reakcija ir kritiz\u0113ta. Bet vai \u0161o apdraud\u0113jumu izprot ar\u012b cilv\u0113ki, piem\u0113ram, V\u0101cij\u0101, It\u0101lij\u0101? K\u0101 vi\u0146u viedoklis, j\u016bsupr\u0101t, at\u0161\u0137iras no viedok\u013ca Latvij\u0101?<\/p>\n<p>Ar veselo sapr\u0101tu un kritisko dom\u0101\u0161anu visi saprot, kas ir pretinieks. Uzsveru \u2013\u00a0kritisko. Bet m\u016bs un j\u016bs at\u0161\u0137ir no V\u0101cijas tas, ka m\u0113s st\u0101vam pirmaj\u0101 e\u0161elon\u0101. Mums Krievija ir kaimi\u0146\u0161. V\u0101cijai Krievija nav kaimi\u0146\u0161. B\u016bsim atkl\u0101ti. T\u0101p\u0113c mums, vis\u0101m valst\u012bm, kaimi\u0146iem, Lietuvai, Igaunijai, Somijai, Polijai tagad ir j\u0101b\u016bt vienotiem, k\u0101 nevienam citam. Un jums tagad ir \u013coti labs br\u012bdis un iesp\u0113ja, kuras mums nebija. Jums ir milz\u012bga, sp\u0113c\u012bga sabiedrot\u0101 \u2013 t\u0101 ir Ukraina. Un mums tas ir j\u0101izmanto maksim\u0101li. &#8220;Vat\u0146iku&#8221;\u00a0visur ir daudz. B\u016bsim atkl\u0101ti. T\u0101p\u0113c es v\u0113lreiz saku un v\u0113lreiz uzsveru, ka mums ir j\u0101apvienojas un j\u0101pal\u012bdz viens otram.<\/p>\n<blockquote>\n<p>Neatk\u0101rtojiet m\u016bsu k\u013c\u016bdas. V\u0101cija var t\u0101s atk\u0101rtot, j\u016bs nevarat t\u0101s atk\u0101rtot. J\u016bsu kaimi\u0146\u0161 ir tepat aiz robe\u017eas.<\/p>\n<\/blockquote>\n<p>Karav\u012bri front\u0113, dom\u0101ju, ka, visdr\u012bz\u0101k, daudz nedom\u0101 par visu, kas notiek apk\u0101rt, tostarp politiskajos procesos. Vai tom\u0113r vi\u0146i tikai cen\u0161as par to nedom\u0101t?<\/p>\n<p>Karav\u012bri front\u0113 tagad ir \u013coti p\u0101rguru\u0161i, un viss \u0161obr\u012bd gulstas uz vi\u0146iem, bet jebkuri politiski l\u0113mumi ietekm\u0113 karav\u012bru. Karav\u012brs neiest\u0101jas par politiku. Karav\u012brs iest\u0101jas par savu \u0123imeni, par savu br\u0101li,\u00a0m\u012blest\u012bbu pret savu dzimteni. Ja sieva saka: &#8220;Atgriezies m\u0101j\u0101s!&#8221; un tai pat laik\u0101 politi\u0137i s\u0101k teikt kaut ko kritisku, vai karav\u012bra mor\u0101le krit\u012bsies? Protams, t\u0101 krit\u012bsies. Vai karav\u012brs grib\u0113s doties m\u0101j\u0101s? Protams, vi\u0146\u0161 grib. Vai karav\u012brs sap\u0146o, ka politi\u0137i vienosies izbeigt karu? Protams, vi\u0146\u0161 to grib.<\/p>\n<p>M\u0113s tagad \u013coti labi saprotam, ka esam situ\u0101cij\u0101, kad \u0161\u012b jau ir liela \u0123eopolitiska sp\u0113le. Un taj\u0101 j\u0101iek\u013cauj lielas valstis, kas var pie\u0146emt l\u0113mumus \u0123eopolitik\u0101. M\u0113s to \u013coti labi saprotam. Vai vi\u0146i pie\u0146ems \u0161o l\u0113mumu bez karav\u012bra atbalsta kaujas lauk\u0101? T\u0101 ir savstarp\u0113ja pal\u012bdz\u012bba un kop\u012bga m\u0113r\u0137a kopums. Karav\u012brs kontrol\u0113 kaujas lauku, un politi\u0137i vienojas. Vi\u0146iem ir j\u0101str\u0101d\u0101 saska\u0146oti. Un tad b\u016bs rezult\u0101ts. Un, ja m\u016bsu politi\u0137iem pal\u012bdz\u0113s Eiropas politi\u0137i un Eiropas politi\u0137iem pal\u012bdz\u0113s Lielbrit\u0101nija un Amerika, ticiet man, tas notiks \u0101tr\u0101k.<\/p>\n<p>Es pie\u013cauju, ka vairums karav\u012bru front\u0113 dom\u0101, ka nevar b\u016bt t\u0101ds miers, kura rezult\u0101t\u0101 Krievija paliek Ukrain\u0101. Bet, ja politi\u0137i t\u0101 nolemj,\u00a0vai j\u016bs dom\u0101jat, ka politi\u0137i baid\u0101s, ka liela da\u013ca karav\u012bru b\u016btu pret \u0161\u0101du mieru?<\/p>\n<p>Ja aizsardz\u012bbas l\u012bnija tagad ir iesald\u0113ta gar \u0161\u0101d\u0101m robe\u017e\u0101m, k\u0101das t\u0101s ir,\u00a0m\u0113s visi \u013coti labi saprotam, ka tas b\u016bs \u012bslaic\u012bgi. Mums tagad ir vajadz\u012bgs laiks. Vai m\u0113s v\u0113lamies atg\u016bt 1991. gada robe\u017eas? Protams! M\u0113s \u013coti labi saprotam to. Vai m\u0113s to varam izdar\u012bt tagad? Diem\u017e\u0113l n\u0113. Bet m\u0113s jau esam iem\u0101c\u012bju\u0161ies sp\u0113l\u0113t &#8220;garo sp\u0113li&#8221;, sp\u0113l\u0113t uz laiku. Mums tas j\u0101dara t\u0101, lai laiks b\u016btu m\u016bsu pus\u0113. Un tas ar\u012b viss. Un m\u0113s \u013coti labi saprotam, ka Krievija dom\u0101s l\u012bdz\u012bgi, t\u0101pat k\u0101 m\u0113s. Un l\u012bdz\u012bgi gatavosies n\u0101kamajam kara posmam. \u0160is tagad ir viens no kara posmiem, viens no pasaules kara posmiem.<\/p>\n<p>            <img decoding=\"async\" src=\"https:\/\/www.europesays.com\/lv\/wp-content\/uploads\/2025\/11\/s0fm.jpg\" alt=\"Ukrainas Nacion\u0101l\u0101s gvardes 1. korpusa &quot;AZOV&quot; m\u0101c\u012bbas\"\/><\/p>\n<p>Ukrainas Nacion\u0101l\u0101s gvardes 1. korpusa &#8220;AZOV&#8221; m\u0101c\u012bbas<\/p>\n<p>Foto: Publicit\u0101tes att\u0113ls<\/p>\n<\/p>\n<p><a id=\"2\" name=\"2\"\/>Ziema b\u016bs gr\u016bta ne tikai ukrai\u0146iem, bet ar\u012b ienaidniekam<\/p>\n<p>K\u0101da \u0161obr\u012bd ir situ\u0101cija front\u0113, pirms ziemas?<\/p>\n<p>Situ\u0101cija ir sare\u017e\u0123\u012bta. Ir frontes posmi, kur ienaidniekam ir taktiski pan\u0101kumi. Ir frontes posmi, kur tie da\u013c\u0113ji p\u0101riet no taktisk\u0101 uz operat\u012bvo. Bet ir gr\u016bti.<\/p>\n<p>Pamaz\u0101m m\u0113s apturam ienaidnieka sp\u0113jas. Viens no p\u0113d\u0113jiem piem\u0113riem ir tas, kas notika pirms trim m\u0113ne\u0161iem. Kad ienaidnieks ar divu armiju skaitu un J\u016bras k\u0101jnieku korpusa atbalstu, vid\u0113ji aptuveni 100 000 karav\u012bru, m\u0113\u0123in\u0101ja iek\u013c\u016bt operat\u012bvi strat\u0113\u0123iskaj\u0101 telp\u0101 \u2013\u00a0frontes posm\u0101 net\u0101lu no Dobropi\u013c\u013cas. Bet ar Pirmo korpusu un citiem Ukrainas Aizsardz\u012bbas sp\u0113ku atzariem ienaidnieks tika aptur\u0113ts. Ienaidnieks da\u017e\u0101s zon\u0101s tika blo\u0137\u0113ts, un m\u0113s jau divus m\u0113ne\u0161us ar\u012b veicam pretuzbrukumus atsevi\u0161\u0137os frontes posmos.<\/p>\n<p>Ir frontes posmi, kur ienaidnieks ir ielenkts. Bet es v\u0113los uzsv\u0113rt, ka \u0161\u012b nav Krievijas armijas ielenk\u0161ana, t\u0101 ir ielenk\u0161ana apdz\u012bvot\u0101s viet\u0101s \u2013\u00a0tur vid\u0113ji ir 100 l\u012bdz 200 cilv\u0113ku.<\/p>\n<blockquote>\n<p>Pie\u0146\u0113m\u0101m taktiku &#8220;griezt k\u016bku gabalos&#8221;. Aptur\u0113j\u0101m, blo\u0137\u0113j\u0101m, nogriez\u0101m lo\u0123istiku un no flangiem s\u0101k\u0101m nogriezt ienaidnieka galvenos pieg\u0101des ce\u013cus.<\/p>\n<\/blockquote>\n<p>Tas deva labu rezult\u0101tu. Abu ienaidnieka armiju ofens\u012bva tika aptur\u0113ta. Ienaidnieks cieta vair\u0101k nek\u0101 10 000 [cilv\u0113kresursu] zaud\u0113jumu un simtiem tehnikas vien\u012bbu, ko apstiprina tas, ko m\u0113s redz\u0113j\u0101m.<\/p>\n<p>Ko ukrai\u0146iem sagaid\u012bt ziem\u0101? Cik akt\u012bvi b\u016bs okupanti?<\/p>\n<p>Ziema b\u016bs gr\u016bta, m\u0113s to labi saprotam. Ienaidnieks tagad izmantos karadarb\u012bbu pret civiliedz\u012bvot\u0101jiem, proti, tas jau s\u0101k uzbrukt elektrostacij\u0101m, termoelektrostacij\u0101m, uzbrukt dzelzce\u013ca galvenajiem lo\u0123istikas mar\u0161rutiem, noliktav\u0101m, naftas, g\u0101zes kritiskajai infrastrukt\u016brai. Ienaidniekam kaujas lauk\u0101 operat\u012bvi strat\u0113\u0123isk\u0101 l\u012bmen\u012b nav lielu rezult\u0101tu, t\u0101p\u0113c tas atkal s\u0101k izmantot hibr\u012bdkara metodes pret civiliedz\u012bvot\u0101jiem.<\/p>\n<p>Front\u0113 b\u016bs gr\u016bti, bet gr\u016bti b\u016bs ar\u012b ienaidniekam. Vasar\u0101 ienaidniekam bija sabiedrotais \u2013\u00a0tie bija za\u013cumi, kur ienaidnieks var\u0113ja pasl\u0113pties zem koku lap\u0101m, kr\u016bmos, d\u0101rzos&#8230; Tagad tas vairs t\u0101 nav, un m\u0113s vi\u0146u \u0101tr\u0101k atkl\u0101jam un \u0101tr\u0101k izn\u012bcin\u0101m.<\/p>\n<p>            <img decoding=\"async\" src=\"https:\/\/www.europesays.com\/lv\/wp-content\/uploads\/2025\/11\/s0fn.jpg\" alt=\"Ukrainas Nacion\u0101l\u0101s gvardes 1.korpusa &quot;AZOV&quot; m\u0101c\u012bbas\"\/><\/p>\n<p>Ukrainas Nacion\u0101l\u0101s gvardes 1.korpusa &#8220;AZOV&#8221; m\u0101c\u012bbas<\/p>\n<p>Foto: Publicit\u0101tes att\u0113ls<\/p>\n<\/p>\n<blockquote>\n<p>Turkl\u0101t ievainots ienaidnieks vasar\u0101 ir viena lieta, ievainots ienaidnieks ziem\u0101 ir cita. Vi\u0146\u0161 noasi\u0146o un \u0101tr\u0101k mirst.<\/p>\n<\/blockquote>\n<p>Vai front\u0113 b\u016bs k\u0101das kardin\u0101las izmai\u0146as? God\u012bgi sakot, front\u0113 situ\u0101cija ir tik dinamiska \u2013\u00a0es jums teik\u0161u, ka \u0161odien t\u0101 ir \u013coti laba, bet r\u012bt t\u0101 var b\u016bt\u00a0kritiska.<\/p>\n<p>Bet t\u0101 \u2013 &#8220;\u0161ahedi&#8221;, ra\u0137etes, civiliedz\u012bvot\u0101ji, civil\u0101 infrastrukt\u016bra&#8230; M\u0113s tikko run\u0101j\u0101m ar j\u016bsu uz\u0146\u0113mumiem par to, vai ir re\u0101li to visu aizsarg\u0101t.\u00a0M\u0113s uzskat\u0101m, ka tas ir re\u0101li. Ar da\u017e\u0101d\u0101m sare\u017e\u0123\u012bt\u0101m sist\u0113m\u0101m, tas ir re\u0101li. Droni, p\u0101rtv\u0113r\u0113ji, elektronisk\u0101s kara barjeras. Es dom\u0101ju, ka tas viss kop\u0101 dos rezult\u0101tu.<\/p>\n<p>            <img decoding=\"async\" src=\"https:\/\/www.europesays.com\/lv\/wp-content\/uploads\/2025\/11\/s0fo.jpg\" alt=\"Ukrainas Nacion\u0101l\u0101s gvardes 1.korpusa &quot;AZOV&quot; m\u0101c\u012bbas\"\/><\/p>\n<p>Ukrainas Nacion\u0101l\u0101s gvardes 1.korpusa &#8220;AZOV&#8221; m\u0101c\u012bbas<\/p>\n<p>Foto: Publicit\u0101tes att\u0113ls<\/p>\n<\/p>\n<p><a id=\"3\" name=\"3\"\/>Ar\u012b kar\u0101 notiek &#8220;dabisk\u0101 evol\u016bcija&#8221;<\/p>\n<p>Droni katru dienu, ned\u0113\u013cu, m\u0113nesi att\u012bst\u0101s. Kar\u0101 izmanto \u013coti daudz tehnolo\u0123iju. Vai m\u0113s kaut k\u0101d\u0101 zi\u0146\u0101 esam atgriezu\u0161ies poz\u012bciju kar\u0101, ja \u0146emam v\u0113r\u0101 to, ka droni visu nov\u0113ro, un 10, 20 kilometru att\u0101lum\u0101 vis\u0101m darb\u012bb\u0101m var izsekot?<\/p>\n<p>J\u0101, ir t\u0101da lieta. Bet dronu izmanto\u0161ana ir norm\u0101la evol\u016bcija. T\u0101 es to sauktu \u2013\u00a0kara norm\u0101la dabisk\u0101 evol\u016bcija. Izgudroja kaujas ratus un tad izdom\u0101ja, k\u0101 pretoties kaujas ratiem \u2013\u00a0rad\u012bja divmetr\u012bgus \u0161\u0137\u0113pus. L\u012bdz\u012bga situ\u0101cija ir ar droniem. K\u0101 j\u016bs pareizi teic\u0101t, tie main\u0101s katru ned\u0113\u013cu, katru dienu. M\u0113s izdom\u0101jam kaut ko jaunu \u2013\u00a0ienaidnieks mekl\u0113 pretpas\u0101kumus. Ienaidnieks kaut ko izdom\u0101 \u2013\u00a0m\u0113s mekl\u0113jam pretpas\u0101kumus pret ienaidnieku. Un tas dod milz\u012bgu, milz\u012bgu progresu.<\/p>\n<p>Vai kar\u0161 ir main\u012bjies uz poz\u012bciju karu? Glob\u0101li j\u0101. Bet m\u0113s jau virz\u0101mies uz to, ka tiks izgudrots k\u0101ds pretpas\u0101kums dronam. Fizisks.<\/p>\n<blockquote>\n<p>T\u0101 b\u016bs k\u0101da ier\u012bce,\u00a0cits drons vai v\u0113l kas, lai aizv\u0113rtu debesis. Un tad s\u0101ksies jauns kara posms.<\/p>\n<\/blockquote>\n<p>Tagad, k\u0101 j\u016bs pareizi teic\u0101t, tas dr\u012bz\u0101k ir pozicion\u0101ls kar\u0161. M\u0113s cen\u0161amies manevr\u0113t aizsardz\u012bb\u0101, pretuzbrukum\u0101, ienaidnieks m\u0113\u0123ina uzbrukt. Bet es run\u0101\u0161u m\u016bsu frontes sektora v\u0101rd\u0101 \u2013\u00a0tas nestr\u0101d\u0101. Pag\u0101ju\u0161aj\u0101 m\u0113nes\u012b ienaidnieks atkal s\u0101ka izmantot mehaniz\u0113t\u0101s kolonnas un desmitiem tehnikas vien\u012bbu ar tankiem, k\u0101jnieku kaujas ma\u0161\u012bn\u0101m un visu p\u0101r\u0113jo. Bet reti kas sasniedz frontes l\u012bniju. T\u0101s tiek izn\u012bcin\u0101tas 20 kilometru att\u0101lum\u0101 \u2013\u00a0droni, m\u012bn\u0113\u0161ana.<\/p>\n<p>            <img decoding=\"async\" src=\"https:\/\/www.europesays.com\/lv\/wp-content\/uploads\/2025\/11\/s0fp.jpg\" alt=\"Ukrainas Nacion\u0101l\u0101s gvardes 1.korpusa &quot;AZOV&quot; m\u0101c\u012bbas\"\/><\/p>\n<p>Ukrainas Nacion\u0101l\u0101s gvardes 1.korpusa &#8220;AZOV&#8221; m\u0101c\u012bbas<\/p>\n<p>Foto: Publicit\u0101tes att\u0113ls<\/p>\n<\/p>\n<p>Bet es v\u0113lreiz saku \u2013\u00a0ja izdom\u0101s kaut k\u0101du ier\u012bci, kas aizsarg\u0101s karav\u012bru un fiziski aizsarg\u0101s tanku kaujas lauk\u0101, atkal b\u016bs interesanti. (iesmejas)<\/p>\n<p>Ja run\u0101jam par tehniku un mun\u012bciju, visu, kas nepiecie\u0161amais, lai karotu. Kas var\u0113tu b\u016bt tas, ko armijai kopum\u0101 un &#8220;Azov&#8221;\u00a0b\u016btu labi sa\u0146emt no Rietumiem un ko no Ukrainas valsts? M\u0113s zin\u0101m, ka nozare Ukrain\u0101 att\u012bst\u0101s. Bet vai kaujas lauk\u0101 redzat, ka ir daudz visa veida ekip\u0113juma no pa\u0161as Ukrainas, ne tikai no partneriem?<\/p>\n<p>S\u0101ksim ar to, ka m\u0113s vi\u0146us saucam par draugiem. Kas mums vajadz\u012bgs no draugiem? Avi\u0101cija. Pirmk\u0101rt, mums ir j\u0101aizver debesis. Debes\u012bs m\u0113s karu joproj\u0101m zaud\u0113jam. M\u0113s esam parakst\u012bju\u0161i l\u012bgumu par vair\u0101k nek\u0101 100 lidma\u0161\u012bn\u0101m [ar Zviedriju]. Tas jau ir labi. Es dom\u0101ju, ka ar to joproj\u0101m nepietiek, bet m\u0113s virz\u0101mies uz priek\u0161u. Avi\u0101cija jebkur\u0101 gad\u012bjum\u0101 ir nepiecie\u0161ama.<\/p>\n<blockquote>\n<p>Ir nepiecie\u0161ama avi\u0101cija, mun\u012bcija avi\u0101cijai, helikopteri. Viss, kas lido \u2013\u00a0mums to vajag daudz, un tas ir kritiski svar\u012bgi.<\/p>\n<\/blockquote>\n<p>Artil\u0113rijai vajag mun\u012bciju. M\u0113s ra\u017eojam mun\u012bciju, bet vajadz\u012bba ir simtiem t\u016bksto\u0161i m\u0113nes\u012b. T\u0101p\u0113c ir nepiecie\u0161ama ar\u012b mun\u012bcija. Un finanses.<\/p>\n<p>            <img decoding=\"async\" src=\"https:\/\/www.europesays.com\/lv\/wp-content\/uploads\/2025\/11\/s0fq.jpg\" alt=\"Pulkve\u017eleitnants Arsens Dmitriks, Ukrainas Nacion\u0101l\u0101s gvardes 1. korpusa &quot;Azov&quot;\u00a0\u0161t\u0101ba prie...\"\/><\/p>\n<p>Pulkve\u017eleitnants Arsens Dmitriks, Ukrainas Nacion\u0101l\u0101s gvardes 1. korpusa &#8220;Azov&#8221;\u00a0\u0161t\u0101ba priek\u0161nieks<\/p>\n<p>Foto: no priv\u0101t\u0101 arh\u012bva<\/p>\n<\/p>\n<p>Es jums teik\u0161u t\u0101 \u2013\u00a0m\u016bsu Ukrainas aizsardz\u012bbas r\u016bpniec\u012bba tagad ir augst\u0101 l\u012bmen\u012b. M\u0113s pa\u0161i varam izgatavot artil\u0113rijas iek\u0101rtas ne slikt\u0101k par \u0101rvalst\u012bm.\u00a0Vienas no lab\u0101kaj\u0101m bru\u0146uma\u0161\u012bn\u0101m tiek veidotas tie\u0161i Ukrain\u0101. Es dom\u0101ju, varam palielin\u0101t ar\u012b vieglo iero\u010du ra\u017eo\u0161anu, jo ar\u012b te z\u012bmoli ir \u013coti labi, kvalitat\u012bvi. Un attiec\u012bb\u0101 uz droniem, es dom\u0101ju, ka zin\u0101t lab\u0101k par mani, ka mums ir da\u017e\u0101da veida droni \u2013 sauszemes vai FPV droni un citi.<\/p>\n<p>Nepiecie\u0161ams ir finansi\u0101ls un politisks atbalsts. Ar politisku es dom\u0101ju visas \u0161\u012bs nodok\u013cu br\u012bvdienas. Nu, j\u016bs zin\u0101t \u2013\u00a0atverot jaunu uz\u0146\u0113mumu, ir \u013coti gr\u016bti s\u0101kt no nulles.\u00a0<\/p>\n<blockquote>\n<p>Un liela da\u013ca m\u016bsu ra\u017eot\u0101ju ir noraiz\u0113ju\u0161ies par savu uz\u0146\u0113mumu dro\u0161\u012bbu saist\u012bb\u0101 ar ra\u0137e\u0161u triecieniem.<\/p>\n<\/blockquote>\n<p>T\u0101p\u0113c es iesaku jums [Latvijas uz\u0146\u0113mumiem]\u00a0ierakties zem\u0113. Jums gan ir gr\u016bti to izdar\u012bt, jums te ir grunts\u016bde\u0146i\u2026 (smejas)<\/p>\n<p><a id=\"4\" name=\"4\"\/>&#8220;Azov&#8221; korpuss ir liela \u0123imene<\/p>\n<p>Ja m\u0113s run\u0101jam par &#8220;Azov&#8221;, es saprotu j\u016bs jau tur esat gandr\u012bz no pa\u0161a s\u0101kuma. K\u0101p\u0113c iest\u0101j\u0101ties?<\/p>\n<p>Jo tur dev\u0101s draugi,\u00a0element\u0101ri. (smejas) Tur nav nek\u0101du lielu sazv\u0113rest\u012bbu un nek\u0101 cita. Es pats esmu \u013bvivas &#8220;Karpatu&#8221;\u00a0fans, un m\u0113s bij\u0101m futbola draugi.\u00a0Kad Ukrain\u0101 izveidoj\u0101s \u0161\u0101da situ\u0101cija, kad ienaidnieks s\u0101ka izmantot savu karasp\u0113ku Krim\u0101, m\u0113s, m\u016bsu pui\u0161i, kas bij\u0101m Maidan\u0101, sarun\u0101j\u0101m un nol\u0113m\u0101m doties uz &#8220;Azov&#8221;. K\u0101p\u0113c? Jo tur bija visi m\u016bsu draugi. Jo &#8220;Azov&#8221; pamat\u0101 bija Ukrainas patriotisk\u0101s organiz\u0101cijas, futbola fani, patriotiski Ukrainas br\u012bvpr\u0101t\u012bgie. Un tagad maz\u0101 vien\u012bba ir p\u0101raugusi korpus\u0101.<\/p>\n<p>Un k\u0101 &#8220;Azov&#8221;\u00a0ir audzis un main\u012bjies \u0161o gadu laik\u0101?<\/p>\n<p>Kardin\u0101li. Pirmk\u0101rt, &#8220;Azov&#8221;\u00a0ir audzis ment\u0101li. Un lielu ieguld\u012bjumu &#8220;Azov&#8221;\u00a0k\u0101 lielas Ukrainas milit\u0101r\u0101s vien\u012bbas reform\u0113\u0161an\u0101 sniedza m\u016bsu komandieris, draugs, dz\u012bvespriec\u012bgais pulkvedis Deniss Prokopenko. \u0160is ir m\u016bsu komandieris, kur\u0161 piln\u012bb\u0101 reform\u0113ja, main\u012bja vien\u012bbas pieeju karadarb\u012bbas metod\u0113m. Vi\u0146\u0161 nodibin\u0101ja \u0161o kult\u016bru, k\u0101da mums tagad ir &#8220;Azov&#8221;\u00a0korpus\u0101.<\/p>\n<p>            <img decoding=\"async\" src=\"https:\/\/www.europesays.com\/lv\/wp-content\/uploads\/2025\/11\/s0fr.jpg\" alt=\"&quot;AZOV&quot; deleg\u0101cija Latvij\u0101\"\/><\/p>\n<p>&#8220;AZOV&#8221; deleg\u0101cija Latvij\u0101<\/p>\n<p>Foto: Publicit\u0101tes att\u0113ls<\/p>\n<\/p>\n<blockquote>\n<p>T\u0101 ir liela \u0123imene. Tas ir galvenais, kas j\u0101atceras. Un m\u0113s esam rad\u012bju\u0161i lielas \u0123imenes atmosf\u0113ru. Un tas par\u0101da rezult\u0101tu.<\/p>\n<\/blockquote>\n<p>Cilv\u0113ki pie mums n\u0101k. Katrs v\u0113las justies k\u0101 m\u0101j\u0101s. Kop\u012bgiem sp\u0113kiem esam rad\u012bju\u0161i t\u0101du m\u0101jas atmosf\u0113ru, kur j\u016btat atbalstu, kur j\u016btat dro\u0161\u012bbu. Nevis fizisku, bet,\u00a0psiholo\u0123isku, mor\u0101lu dro\u0161\u012bbu. Proti, ja tu g\u016bsti traumu, vari b\u016bt dro\u0161s, ka tevi iz\u0101rst\u0113s, apr\u016bp\u0113s vieni no lab\u0101kajiem \u0101rstiem. Ja veic uzdevumu, vari b\u016bt p\u0101rliecin\u0101ts, ka \u0161o uzdevumu ir izdom\u0101ju\u0161i un organiz\u0113ju\u0161i tavi br\u0101\u013ci, komandieri, virsnieki, kuriem tu uzticies. Ja diem\u017e\u0113l tu mirsti, tu vari b\u016bt p\u0101rliecin\u0101ts, ka par tavu \u0123imeni, taviem b\u0113rniem ar\u012b turpm\u0101k par\u016bp\u0113sies \u2013\u00a0uzraudz\u012bs, audzin\u0101s, izgl\u012btos un visu p\u0101r\u0113jo.<\/p>\n<p>Visu \u0161o faktoru kombin\u0101cija dod rezult\u0101tus un, protams, m\u0101c\u012b\u0161an\u0101s, m\u0101c\u012b\u0161an\u0101s un m\u0101c\u012b\u0161an\u0101s. Vienm\u0113r m\u0101cieties, nekad neapst\u0101jieties!<\/p>\n<p><a id=\"5\" name=\"5\"\/>Gatav\u012bba karam j\u0101ieaudzina jau b\u0113rnos<\/p>\n<p>Da\u017ei m\u016bsu raid\u012bjuma varo\u0146i mums teiku\u0161i, ka armija Ukrain\u0101 pirms 2014. gada b\u016bt\u012bb\u0101 nepast\u0101v\u0113ja.<\/p>\n<p>J\u0101. L\u012bdz 2014. gadam mums bija hibr\u012bdkar\u0161, kuru m\u0113s zaud\u0113j\u0101m. Hibr\u012bdkar\u0161 sast\u0101v ne tikai no informat\u012bv\u0101s telpas. Armijas rezerves tika izp\u0101rdotas, korupcija armij\u0101 bija briesm\u012bga. T\u0101 ir viena no kara ve\u0161anas metod\u0113m. Un m\u0113s zaud\u0113j\u0101m \u0161o karu. Tagad mums t\u0101 rezult\u0101t\u0101 ir &#8220;fiziska sp\u0113le&#8221;.<\/p>\n<p>T\u0101p\u0113c es v\u0113lreiz uzsveru, ka nevajag zaud\u0113t hibr\u012bdkaru, jo tad tas b\u016bs fizisks. \u0160\u012bs z\u0101dz\u012bbas, cilv\u0113ku, rezervju, milit\u0101rpersonu nomai\u0146a ir \u013coti liela probl\u0113ma. B\u016bsim god\u012bgi, tie\u0161i par \u0161o t\u0113mu m\u0113s run\u0101j\u0101m ar j\u016bsu virsniekiem. Es, piem\u0113ram, zinu, ka j\u016bsu valst\u012b oblig\u0101tais iesaukums tika atcelts, un tagad tas ir atjaunots, cik saprotu.<\/p>\n<blockquote>\n<p>T\u0101 ir viena no armijas galvenaj\u0101m rezerv\u0113m. Tai j\u0101b\u016bt. Iedz\u012bvot\u0101jiem ir j\u0101saprot, ka vi\u0146iem ir ienaidnieks, un vi\u0146iem vienm\u0113r j\u0101b\u016bt gataviem.<\/p>\n<\/blockquote>\n<p>Un no t\u0101 neizb\u0113gsim ne m\u0113s, ne j\u016bs. M\u016bsu kaimi\u0146\u0161 ir maskavietis.<\/p>\n<p>Mums j\u0101audzina b\u0113rni t\u0101, lai vi\u0146i jebkur\u0101 br\u012bd\u012b b\u016btu gatavi \u0146emt rok\u0101s iero\u010dus. Bet fiziski \u0146emt rok\u0101s iero\u010dus \u2013\u00a0t\u0101 ir tikai gal\u0113j\u0101 situ\u0101cija. Jo j\u016bs varat c\u012bn\u012bties kult\u016br\u0101, j\u016bs varat c\u012bn\u012bties izgl\u012bt\u012bb\u0101.\u00a0Tos tagad sauc par hibr\u012bdkara virzieniem. T\u0101 ar\u012b ir viena no kara metod\u0113m. Un jums pie t\u0101 ir smagi j\u0101str\u0101d\u0101. Mums, k\u0101 teic\u0101t, l\u012bdz 2014. gadam, milit\u0101rais dienests bija apkaunojo\u0161s, nekvalitat\u012bvs un kopum\u0101 nepopul\u0101rs. Un m\u0113s redzam rezult\u0101tu.<\/p>\n<p>            <img decoding=\"async\" src=\"https:\/\/www.europesays.com\/lv\/wp-content\/uploads\/2025\/11\/s0fu.jpg\" alt=\"Ukrainas Nacion\u0101l\u0101s gvardes 1.korpusa &quot;AZOV&quot; m\u0101c\u012bbas\"\/><\/p>\n<p>Ukrainas Nacion\u0101l\u0101s gvardes 1.korpusa &#8220;AZOV&#8221; m\u0101c\u012bbas<\/p>\n<p>Foto: Publicit\u0101tes att\u0113ls<\/p>\n<\/p>\n<p>T\u0101tad m\u0113s varam teikt, ka Ukrainas armija ir k\u013cuvusi par &#8220;Rietumu armiju&#8221;? Ka ir izdevies atbr\u012bvoties no t\u0101 d\u0113v\u0113t\u0101s &#8220;\u0123edov\u0161\u0137inas&#8221;?<\/p>\n<p>J\u0101, reforma notiek, un j\u016bs pareizi atz\u012bm\u0113j\u0101t, ka Ukrain\u0101 mums bija padomju armija. T\u0101 bija kritiski slikta. Ticiet man, t\u0101 [&#8220;\u0123edov\u0161\u0137ina&#8221;]\u00a0joproj\u0101m m\u016bsu valst\u012b past\u0101v, bet jau neliel\u0101 m\u0113rog\u0101. \u0160is kar\u0161 Ukrainai atnesa lielu skaitu jaunu virsnieku. \u013boti lielu skaitu jaunu virsnieku. Ser\u017eantu un karav\u012bru. Vi\u0146i nekad nenon\u0101ks \u0161aj\u0101 padomij\u0101. Nekad. Vai t\u0101 tur ir? J\u0101, bet ne pla\u0161\u0101 l\u012bmen\u012b. T\u0101 noteikti turpin\u0101s iet izn\u012bc\u012bbas ce\u013cu. T\u0101p\u0113c, attiec\u012bb\u0101 uz to, k\u0101 c\u012bn\u012bties pret padomju armiju savas armijas ietvaros, par to sazinieties ar mums, m\u0113s jums pal\u012bdz\u0113sim. (iesmejas)<\/p>\n<p><a id=\"6\" name=\"6\"\/>Ko Ukrainas kara pieredze var iem\u0101c\u012bt citiem?<\/p>\n<p>Ko Ukraina var iem\u0101c\u012bt citiem, ar\u012b Latvij\u0101, attiec\u012bb\u0101 uz to, k\u0101 karot? Vai tas b\u016btu kaut kas saist\u012bb\u0101 ar droniem, jo tagad ir tehnolo\u0123iju kar\u0161,\u00a0vai ar\u012b v\u0113l citos aspektos?<\/p>\n<p>Iziesim tam cauri soli pa solim.<\/p>\n<p>Pirmais posms ir rekrut\u0113\u0161ana. Es dom\u0101ju, ka m\u016bsu rekrut\u0113\u0161anas kampa\u0146as n\u0101kotn\u0113 sp\u0113s izplesties pa visu pasauli, un ne tikai milit\u0101raj\u0101, bet ar\u012b biznesa jom\u0101. J\u016bs varat apl\u016bkot m\u016bsu p\u0113d\u0113jo rekrut\u0113\u0161anas kampa\u0146u &#8220;M\u0113s esam &#8220;Azov\u0101&#8221;&#8221;. Taj\u0101 jau esam tiku\u0161i p\u0101ri posmam, kur\u0101 uz rekl\u0101mas stendiem ir milit\u0101rpersonas. J\u016bs jau zin\u0101t \u0161\u0101da veida rekl\u0101mas.<\/p>\n<blockquote>\n<p>Tagad rekl\u0101mas kampa\u0146\u0101s run\u0101 par m\u016bsu karav\u012bru vec\u0101kiem, siev\u0101m, un \u0161\u0101da rekrut\u0113\u0161ana k\u013c\u016bst par visas Ukrainas metodi.<\/p>\n<\/blockquote>\n<p>Otrais posms ir apm\u0101c\u012bba. Pamatapm\u0101c\u012bba un specialit\u0101tes sagatavo\u0161ana, piem\u0113ram, dronu operatori, tankisti, k\u0101jnieki, triecienvien\u012bbas, in\u017eenieri, anal\u012bti\u0137i.\u00a0Ar\u012b virsniekiem ir pla\u0161a apm\u0101c\u012bba. Mums jau ir pieredze.<\/p>\n<p>Un tre\u0161ais jau ir kara ve\u0161ana. Es dom\u0101ju, ka m\u0113s Ukrain\u0101 esam vieni no lab\u0101kajiem, kam ir pieredze m\u016bsdienu kara ve\u0161an\u0101 kaujas lauk\u0101. Un j\u0101, m\u016bsu draugi mums pal\u012bdz\u0113ja ar pamatiem, vi\u0146i izveidoja pamatu, bet m\u0113s pa\u0161i jau esam nosl\u012bp\u0113ju\u0161i visu praktisko un t\u0101l\u0101ko kaujas lauk\u0101.<\/p>\n<p>Un ceturtais ir armijas atbalsta nodro\u0161in\u0101\u0161ana. Varam ar\u012b dal\u012bties ar to, k\u0101 \u0101tri reform\u0113t armiju. Armijas reforma bez atbalsta, bez resursiem, neiztiks.\u00a0\u0160eit [Latvij\u0101]\u00a0m\u0113s ierad\u0101mies ar vienu m\u0113r\u0137i \u2013 par\u0101d\u012bt, k\u0101 priv\u0101tais bizness, k\u0101 Ukrainas sabiedr\u012bba ir apvienojusies un pal\u012bdz armijai. Tie ir l\u012bdzek\u013ci, tie ir cilv\u0113ki, tie ir uz\u0146\u0113mumi \u2013\u00a0mazi, vid\u0113ji, lieli. Pateicoties vi\u0146iem, es uzskatu, m\u0113s izdz\u012bvoj\u0101m. Jo, \u200b\u200bk\u0101 pirmais ar pal\u012bdz\u012bbu iesaist\u0101s sabiedr\u012bba, un p\u0113c tam s\u0101k iejaukties valsts. Diem\u017e\u0113l.<\/p>\n<p>K\u0101p\u0113c? T\u0101p\u0113c, ka valsts \u2013\u00a0t\u0101 ir ilga un liela m\u0113roga sp\u0113le. Bet pamat\u0101, lai viss str\u0101d\u0101tu, ir priv\u0101tais bizness, un t\u0101p\u0113c m\u0113s atved\u0101m l\u012bdzi savus biznesa draugus, kuri no savas pieredzes par\u0101da j\u016bsu uz\u0146\u0113m\u0113jiem, k\u0101 str\u0101d\u0101t un reform\u0113ties armijas vajadz\u012bb\u0101m. Tie ir \u013coti labi piem\u0113ri. Es uzskatu, ka tam b\u016btu j\u0101papla\u0161in\u0101s vis\u0101 pasaul\u0113 \u2013\u00a0ka armij\u0101 ir iek\u013cauta ne tikai valsts, ne tikai armija, bet katrs c\u012bn\u012bt\u0101js. Un jebkuras valsts pamats ir mazie un vid\u0113jie uz\u0146\u0113mumi. Jo, lai ko ar\u012b k\u0101ds teiktu, bizness m\u012bl mieru, klusumu un stabilit\u0101ti. T\u0101 man teica biznesme\u0146i \u2013\u00a0bizness m\u012bl stabilit\u0101ti. Un karojo\u0161\u0101 valst\u012b neb\u016bs stabilit\u0101tes. To j\u016bs labi saprotat. (iesmejas)<\/p>\n<p><a id=\"7\" name=\"7\"\/>Krievijas g\u016bst\u0101 joproj\u0101m vair\u0101ki simti &#8220;azovie\u0161u&#8221;<\/p>\n<p>K\u0101da \u0161obr\u012bd &#8220;Azov&#8221;\u00a0ir situ\u0101cija ar person\u0101lu? Vai uzskat\u0101t, ka Ukraina var\u0113s iztikt bez mobiliz\u0101cijas no 18 gadu vecuma?<\/p>\n<p>Ar cilv\u0113kiem ir gr\u016bti. God\u012bgi sakot, ir kritisks cilv\u0113ku tr\u016bkums.\u00a0T\u0101 ir taisn\u012bba. Vai mobiliz\u0101cija ir nepiecie\u0161ama no asto\u0146padsmit gadu vecuma? \u013boti diskutabls jaut\u0101jums. Es ticu, ka tagad nav \u012bstais laiks.<\/p>\n<blockquote>\n<p>Mums ir daudz karav\u012bru, kas patva\u013c\u012bgi pamet vien\u012bbas. Es str\u0101d\u0101tu ar tiem.\u00a0Tie ir simtiem t\u016bksto\u0161i, kas sl\u0113pjas vis\u0101 Ukrain\u0101, m\u0101j\u0101s.<\/p>\n<\/blockquote>\n<p>Mums tagad ir iesp\u0113jama mobiliz\u0101cija no 18 l\u012bdz 23 gadiem saska\u0146\u0101 ar \u012bpa\u0161u l\u012bgumu, kur vi\u0146i sa\u0146em finansi\u0101lu atbalstu. Miljons hrivnu plus laba soci\u0101l\u0101 pakete.<\/p>\n<p>Cik es saprotu, da\u013ca &#8220;azovie\u0161u&#8221;\u00a0ar\u012b atrodas g\u016bst\u0101. Cik gr\u016bti ir vi\u0146us atg\u016bt? Krievija, \u0161\u0137iet, vismaz\u0101k v\u0113las atbr\u012bvot tie\u0161i &#8220;azovie\u0161us&#8221;.<\/p>\n<p>J\u0101, j\u016bs pareizi nor\u0101d\u012bj\u0101t, ka diem\u017e\u0113l vair\u0101k nek\u0101 800 m\u016bsu pui\u0161u joproj\u0101m atrodas g\u016bst\u0101. Diem\u017e\u0113l da\u017ei no m\u016bsu biedriem jau ir miru\u0161i g\u016bst\u0101. Diem\u017e\u0113l ir ar\u012b desmitiem t\u0101du, kuru vesel\u012bbas st\u0101voklis jau ir kritisks. Krievija saprot m\u016bsu pui\u0161u v\u0113rt\u012bbu un ar to manipul\u0113. Bet tas m\u016bs neaptur. M\u016bsu galvenais uzdevums ir atg\u016bt visus m\u016bsu pui\u0161us m\u0101j\u0101s. Un, kad ir iesp\u0113ja sag\u016bst\u012bt k\u0101du kaujas lauk\u0101, m\u0113s vi\u0146u sag\u016bst\u0101m. Tas ir b\u012bstami, \u0146emot v\u0113r\u0101 dronus.<\/p>\n<p>M\u0113s labi zin\u0101m, ka krievu karav\u012brs, kur\u0161 front\u0113 iest\u0101j\u0101s, piem\u0113ram, tikai pirms m\u0113ne\u0161a, nekad netiks apmain\u012bts pret &#8220;Azov&#8221;\u00a0kareivi. M\u0113s cen\u0161amies ar da\u017e\u0101diem sp\u0113kiem, da\u017e\u0101d\u0101m sp\u0113j\u0101m dab\u016bt m\u016bsu pui\u0161us no turienes \u0101r\u0101, un m\u0113s to dar\u012bsim l\u012bdz p\u0113d\u0113jam puisim, kas tur paliks.<\/p>\n<p>            <img decoding=\"async\" src=\"https:\/\/www.europesays.com\/lv\/wp-content\/uploads\/2025\/11\/s0fi.jpg\" alt=\"Pulkve\u017eleitnants Arsens Dmitriks, Ukrainas Nacion\u0101l\u0101s gvardes 1. korpusa &quot;Azov&quot;\u00a0\u0161t\u0101ba prie...\"\/><\/p>\n<p>Pulkve\u017eleitnants Arsens Dmitriks, Ukrainas Nacion\u0101l\u0101s gvardes 1. korpusa &#8220;Azov&#8221;\u00a0\u0161t\u0101ba priek\u0161nieks<\/p>\n<p>Foto: no priv\u0101t\u0101 arh\u012bva<\/p>\n<\/p>\n<p>Ar\u012b j\u016bs bij\u0101t g\u016bst\u0101, prec\u012bz\u0101k, Olenivk\u0101. Kas ir nepiecie\u0161ams, lai izdz\u012bvotu?<\/p>\n<p>Atbalsts.\u00a0Atbalst\u012bt vienam otru. Krievi to ir paman\u012bju\u0161i un saprot. Vi\u0146i m\u0113\u0123in\u0101ja m\u016bs visus sadal\u012bt pa kamer\u0101m, pa barak\u0101m. Bet vi\u0146iem neizdev\u0101s. P\u0113c tam vi\u0146i nol\u0113ma, ka var m\u016bs visus iespaidot mor\u0101li. Vi\u0146i m\u016bs visus ievietoja kazarm\u0101s Olenivk\u0101 un uzspridzin\u0101ja. Varb\u016bt dzird\u0113j\u0101t par teroraktu Olenivk\u0101, kur m\u0113s bij\u0101m 200 cilv\u0113ki.<\/p>\n<blockquote>\n<p>Vi\u0146i m\u016bs vienk\u0101r\u0161i iesl\u0113dza liel\u0101 telp\u0101 un uzspridzin\u0101ja dz\u012bvus. Es tur biju. Mums tur g\u0101ja boj\u0101 desmitiem m\u016bsu c\u012bn\u012bt\u0101ju.<\/p>\n<\/blockquote>\n<p>Bet gandr\u012bz visi bija ar da\u017e\u0101da veida ievainojumiem. Un, vai j\u016bs dom\u0101jat, ka krievi mums pal\u012bdz\u0113ja izk\u013c\u016bt no turienes? Nepal\u012bdz\u0113ja. Vi\u0146i m\u016bs uztur\u0113ja \u0101rst\u0113\u0161anas laik\u0101, lai m\u0113s vienk\u0101r\u0161i nenomirtu. Es neteik\u0161u, ka vi\u0146i m\u016bs tur \u0101rst\u0113ja. Vi\u0146iem nav nek\u0101du dz\u012bves v\u0113rt\u012bbu. Aizmirstiet par to. Ja vi\u0146am vajadz\u0113s nogalin\u0101t b\u0113rnu, vi\u0146\u0161 nogalin\u0101s b\u0113rnu. Labs piem\u0113rs ir Bu\u010da net\u0101lu no Kijivas. Visi atceras \u0161o piem\u0113ru.<\/p>\n<p>Paldies!<\/p>\n<p>Paldies jums!<\/p>\n","protected":false},"excerpt":{"rendered":"&#8220;Kar\u0161 Ukrain\u0101 ir tikai sekas zaud\u0113tajam hibr\u012bdkaram. Pasaules kar\u0161 jau ir s\u0101cies \u2013\u00a0hibr\u012bdkar\u0161,&#8221; Latvijas Radio raidierakst\u0101\u00a0&#8220;Dro\u0161in\u0101t\u0101js&#8221; sac\u012bja\u00a0pulkve\u017eleitnants Arsens&hellip;\n","protected":false},"author":2,"featured_media":50666,"comment_status":"","ping_status":"","sticky":false,"template":"","format":"standard","meta":{"footnotes":""},"categories":[14],"tags":[23,57,28,29,32,33,22,30,31,35,39,38,36,37,34,40,20,26,27,24,25,54,55,56,21,58],"class_list":{"0":"post-50665","1":"post","2":"type-post","3":"status-publish","4":"format-standard","5":"has-post-thumbnail","7":"category-zinas-no-arvalstim","8":"tag-aktualitates","9":"tag-arvalstim","10":"tag-breaking-news","11":"tag-breakingnews","12":"tag-featured-news","13":"tag-featurednews","14":"tag-headlines","15":"tag-latest-news","16":"tag-latestnews","17":"tag-latvia","18":"tag-latvian","19":"tag-latviesu","20":"tag-latviesu-valoda","21":"tag-latviesuvaloda","22":"tag-latvija","23":"tag-lv","24":"tag-news","25":"tag-popularakas-zinas","26":"tag-popularakaszinas","27":"tag-top-stories","28":"tag-topstories","29":"tag-world","30":"tag-world-news","31":"tag-worldnews","32":"tag-zinas","33":"tag-zinas-no-arvalstim"},"share_on_mastodon":{"url":"https:\/\/pubeurope.com\/@lv\/115558672607271004","error":""},"_links":{"self":[{"href":"https:\/\/www.europesays.com\/lv\/wp-json\/wp\/v2\/posts\/50665","targetHints":{"allow":["GET"]}}],"collection":[{"href":"https:\/\/www.europesays.com\/lv\/wp-json\/wp\/v2\/posts"}],"about":[{"href":"https:\/\/www.europesays.com\/lv\/wp-json\/wp\/v2\/types\/post"}],"author":[{"embeddable":true,"href":"https:\/\/www.europesays.com\/lv\/wp-json\/wp\/v2\/users\/2"}],"replies":[{"embeddable":true,"href":"https:\/\/www.europesays.com\/lv\/wp-json\/wp\/v2\/comments?post=50665"}],"version-history":[{"count":0,"href":"https:\/\/www.europesays.com\/lv\/wp-json\/wp\/v2\/posts\/50665\/revisions"}],"wp:featuredmedia":[{"embeddable":true,"href":"https:\/\/www.europesays.com\/lv\/wp-json\/wp\/v2\/media\/50666"}],"wp:attachment":[{"href":"https:\/\/www.europesays.com\/lv\/wp-json\/wp\/v2\/media?parent=50665"}],"wp:term":[{"taxonomy":"category","embeddable":true,"href":"https:\/\/www.europesays.com\/lv\/wp-json\/wp\/v2\/categories?post=50665"},{"taxonomy":"post_tag","embeddable":true,"href":"https:\/\/www.europesays.com\/lv\/wp-json\/wp\/v2\/tags?post=50665"}],"curies":[{"name":"wp","href":"https:\/\/api.w.org\/{rel}","templated":true}]}}