{"id":50675,"date":"2025-11-16T09:40:21","date_gmt":"2025-11-16T09:40:21","guid":{"rendered":"https:\/\/www.europesays.com\/lv\/50675\/"},"modified":"2025-11-16T09:40:21","modified_gmt":"2025-11-16T09:40:21","slug":"vidzemes-planosanas-regions-paraksta-saprasanas-memorandu-par-parrobezu-udenraza-uzpildes-infrastrukturas-attistibu-baltijas-juras-regiona-2","status":"publish","type":"post","link":"https:\/\/www.europesays.com\/lv\/50675\/","title":{"rendered":"Vidzemes pl\u0101no\u0161anas re\u0123ions paraksta sapra\u0161an\u0101s memorandu par p\u0101rrobe\u017eu \u016bde\u0146ra\u017ea uzpildes infrastrukt\u016bras att\u012bst\u012bbu Baltijas j\u016bras re\u0123ion\u0101"},"content":{"rendered":"<p>Vidzemes pl\u0101no\u0161anas re\u0123ions kop\u0101 ar partneriem no septi\u0146\u0101m Baltijas j\u016bras re\u0123iona valst\u012bm parakst\u012bja sapra\u0161an\u0101s memorandu par p\u0101rrobe\u017eu \u016bde\u0146ra\u017ea uzpildes infrastrukt\u016bras att\u012bst\u012bbu Baltijas j\u016bras re\u0123ion\u0101. Iniciat\u012bvas m\u0113r\u0137is ir veicin\u0101t smago transportl\u012bdzek\u013cu p\u0101reju uz videi draudz\u012bgiem risin\u0101jumiem un sekm\u0113t vienota \u016bde\u0146ra\u017ea uzpildes t\u012bkla izveidi noz\u012bm\u012bgos transporta mar\u0161rutos.<\/p>\n<p>Puses parakst\u012bju\u0161as dokumentu, apliecinot nepiecie\u0161am\u012bbu samazin\u0101t smag\u0101 transporta rad\u012bt\u0101s emisijas un vienlaikus apzinoties, ka veiksm\u012bga \u016bde\u0146ra\u017ea infrastrukt\u016bras ievie\u0161ana prasa saska\u0146otu p\u0101rrobe\u017eu r\u012bc\u012bbu. Puses atz\u012bst, ka agr\u012bnai \u016bde\u0146ra\u017ea tehnolo\u0123iju ievie\u0161anai transporta nozar\u0113 ir vajadz\u012bgs strat\u0113\u0123isks atbalsts un stimuli, k\u0101 ar\u012b tehnisko standartu saska\u0146o\u0161ana starp valst\u012bm.<\/p>\n<p>  <a id=\"post-banner-link-2\" href=\"https:\/\/uzladets.lv\/hyundai25Ioniq5\" target=\"_blank\" rel=\"nofollow noopener\"><br \/>\n    <img id=\"post-banner-image-2\" loading=\"lazy\" decoding=\"async\" width=\"932\" height=\"300\"\/><br \/>\n  <\/a><\/p>\n<p>Memorandu parakst\u012bju\u0161as re\u0123ion\u0101l\u0101s un nacion\u0101l\u0101s valsts iest\u0101des, p\u0113tniec\u012bbas instit\u016bcijas, uz\u0146\u0113mumi un uz\u0146\u0113m\u0113jdarb\u012bbas atbalsta organiz\u0101cijas no Latvijas, Lietuvas, Igaunijas, Polijas, V\u0101cijas, Zviedrijas un Somijas.<\/p>\n<p><a href=\"https:\/\/uzladets.lv\/elektrumdrive251014kv\" target=\"_blank\" rel=\"nofollow noopener\"><img decoding=\"async\" src=\"https:\/\/www.europesays.com\/lv\/wp-content\/uploads\/2025\/10\/1761817448_751_Uzladets.lv_300x250px-8.png\" style=\"max-width: 300px; max-height:250px;\"\/><\/a><img loading=\"lazy\" decoding=\"async\" src=\"https:\/\/www.europesays.com\/lv\/wp-content\/uploads\/2025\/10\/1761054191_51_\" border=\"0\" width=\"1\" height=\"1\"\/><\/p>\n<p>L\u012bdz ar Vidzemes pl\u0101no\u0161anas re\u0123ionu sapra\u0161an\u0101s memorandu parakst\u012bja ar\u012b Meklenburgas-Priek\u0161pomer\u0101nijas Ekonomikas, infrastrukt\u016bras, t\u016brisma un nodarbin\u0101t\u012bbas ministrija (V\u0101cija), Lietuvas Transporta un komunik\u0101ciju ministrija, Polijas Jaun\u0101s mobilit\u0101tes asoci\u0101cija (PSNM), Tartu universit\u0101te (Igaunija), \u010calmersa Tehnisk\u0101 universit\u0101te (Zviedrija), RISE zviedru p\u0113tniec\u012bbas instit\u016bts, Reiner Lemoine instit\u016bts (V\u0101cija), \u016bde\u0146ra\u017ea uzpildes infrastrukt\u016bras digit\u0101l\u0101 pl\u0101no\u0161anas platforma Localiser RLI (V\u0101cija), atv\u0113rto inov\u0101ciju klastera uz\u0146\u0113mums CLIC Innovation (Somija).<\/p>\n<p>Parakstot dokumentu, puses ap\u0146\u0113m\u0101s kop\u012bgi veicin\u0101t p\u0101rrobe\u017eu za\u013c\u0101 \u016bde\u0146ra\u017ea uzpildes staciju t\u012bkla att\u012bst\u012bbu, balstoties uz se\u0161iem pamatprincipiem:<\/p>\n<ol start=\"1\" class=\"wp-block-list\">\n<li>Koordin\u0113ta infrastrukt\u016bra\u00a0\u2013 nodro\u0161in\u0101t savstarp\u0113ji saska\u0146otu t\u012bkla att\u012bst\u012bbu, nov\u0113r\u0161ot p\u0101rr\u0101vumus un tehnolo\u0123isko nesader\u012bbu starp valst\u012bm;<\/li>\n<li>Ekonomisk\u0101 dz\u012bvotsp\u0113ja\u00a0\u2013 veicin\u0101t ilgtsp\u0113j\u012bgu biznesa mode\u013cu izveidi \u016bde\u0146ra\u017ea uzpildes stacij\u0101m, nodro\u0161inot to ilgtermi\u0146a darb\u012bbu;<\/li>\n<li>Dro\u0161\u012bba un standartiz\u0101cija\u00a0\u2013 sekm\u0113t vienotu dro\u0161\u012bbas protokolu un \u0101rk\u0101rtas situ\u0101ciju rea\u0123\u0113\u0161anas proced\u016bru ievie\u0161anu vis\u0101 re\u0123ion\u0101, garant\u0113jot augstus tehniskos standartus;<\/li>\n<li>Administrat\u012bv\u0101 efektivit\u0101te\u00a0\u2013 sadarboties, lai at\u013cauju izsnieg\u0161anas procesi k\u013c\u016btu vienk\u0101r\u0161\u0101ki un savstarp\u0113ji saska\u0146oti starp iesaist\u012btaj\u0101m valst\u012bm;<\/li>\n<li>Tirgus att\u012bst\u012bba\u00a0\u2013 rad\u012bt labv\u0113l\u012bgus apst\u0101k\u013cus uz\u0146\u0113mumiem, kas pirmie ievie\u0161 vai pirmie lieto \u016bde\u0146ra\u017ea tehnolo\u0123ijas transporta sektor\u0101;<\/li>\n<li>Caursp\u012bd\u012bgums\u00a0\u2013 nodro\u0161in\u0101t skaidru un atkl\u0101tu inform\u0101cijas apmai\u0146u par tehnolo\u0123iskajiem standartiem un to att\u012bst\u012bbu.<\/li>\n<\/ol>\n<p>Parakst\u012btais memorands paredz ar\u012b konkr\u0113tus sadarb\u012bbas virzienus, kuros \u0161ie principi tiek \u012bstenoti praks\u0113.<\/p>\n<p>Partner\u012bba ap\u0146emas virz\u012bt \u0161\u0101das strat\u0113\u0123isk\u0101s priorit\u0101tes:<\/p>\n<ul class=\"wp-block-list\">\n<li>veicin\u0101t ilgtsp\u0113j\u012bgu \u016bde\u0146ra\u017ea uzpildes staciju darb\u012bbu, izstr\u0101d\u0101jot biznesa mode\u013cus un radot labv\u0113l\u012bgus apst\u0101k\u013cus invest\u012bcij\u0101m;<\/li>\n<li>nodro\u0161in\u0101t tehnisko standartiz\u0101ciju un harmoniz\u0113tus dro\u0161\u012bbas standartus, lai uzpildes stacijas b\u016btu savietojamas vienot\u0101 t\u012bkl\u0101 vis\u0101 Baltijas j\u016bras re\u0123ion\u0101;<\/li>\n<li>iesaist\u012bties koordin\u0113\u0161anas aktivit\u0101t\u0113s, lai nodro\u0161in\u0101tu, ka Baltijas j\u016bras re\u0123ion\u0101 TEN-T ce\u013cu t\u012bkl\u0101 tiktu izveidoti nep\u0101rtraukti \u016bde\u0146ra\u017ea uzpildes koridori, tostarp veicinot uzpildes staciju att\u012bst\u012bbas grafika sinhroniz\u0101ciju, sekm\u0113jot zin\u0101\u0161anu apmai\u0146u par \u016bde\u0146ra\u017ea uzpildes staciju t\u012bkla att\u012bst\u012bbu, iesaistot pla\u0161u ieinteres\u0113to pu\u0161u loku un izstr\u0101d\u0101jot kop\u012bgas projektu idejas;<\/li>\n<li>veicin\u0101t HyTruck projekt\u0101 izstr\u0101d\u0101to pl\u0101no\u0161anas r\u012bku izmanto\u0161anu un re\u0123ion\u0101lo datu apmai\u0146u, sekot \u016bde\u0146ra\u017ea uzpildes staciju t\u012bkla att\u012bst\u012bbas progresam Baltijas j\u016bras re\u0123ion\u0101, k\u0101 ar\u012b veicin\u0101t at\u013cauju proced\u016bru vienk\u0101r\u0161o\u0161anu un saska\u0146o\u0161anu \u016bde\u0146ra\u017ea uzpildes infrastrukt\u016brai, kas paredz\u0113ta smag\u0101 transporta vajadz\u012bb\u0101m.<\/li>\n<\/ul>\n<p>\u0160is sapra\u0161an\u0101s memorands kalpo k\u0101 pamats turpm\u0101kai sadarb\u012bbai p\u0113c projekta \u201cHyTruck\u201d \u012bsteno\u0161anas un apliecina partneru ilgtermi\u0146a ap\u0146em\u0161anos att\u012bst\u012bt ilgtsp\u0113j\u012bgu \u016bde\u0146ra\u017ea uzpildes infrastrukt\u016bru Baltijas j\u016bras re\u0123ion\u0101.<\/p>\n<p>J\u0101piebilst, ka \u0161\u0101da n\u0101kotnes sadarb\u012bba var pal\u012bdz\u0113t \u012bstenot Eiropas Savien\u012bbas klimata un transporta politikas m\u0113r\u0137us, tostarp Alternat\u012bvo degvielu infrastrukt\u016bras regul\u0113jum\u0101 noteikto pras\u012bbu izpildi \u2013 l\u012bdz 2030. gadam izveidot \u016bde\u0146ra\u017ea uzpildes staciju t\u012bklu gar TEN-T pamatmar\u0161rutiem.<\/p>\n<p>Projekts\u00a0HyTruck\u00a0(pilns nosaukums \u2013\u00a0International Hydrogen Refuelling Station Network for Trucks) tiek \u012bstenots Interreg Baltijas j\u016bras re\u0123iona programmas 2021.-2027. gadam ietvaros. T\u0101 m\u0113r\u0137is ir atbalst\u012bt valsts instit\u016bcijas \u016bde\u0146ra\u017ea uzpildes staciju t\u012bkla izveid\u0113 kravas automobi\u013ciem TEN-T Zieme\u013cj\u016bras\u2013Baltijas j\u016bras austrumu koridora posm\u0101, nodro\u0161inot vienotus tehnolo\u0123iskos standartus. Latviju projekt\u0101 p\u0101rst\u0101v Vidzemes pl\u0101no\u0161anas re\u0123ions.<\/p>\n<blockquote class=\"twitter-tweet\" data-width=\"550\" data-dnt=\"true\">\n<p lang=\"de\" dir=\"ltr\">&#8220;H2 MOBILITY closes locations Berlin-Rothenbachstra\u00dfe, Biebelried, Braunschweig, Duisburg, Essen, Hasbergen, Ingolstadt, Kirchheim, Laatzen, Limburg, Lohfelden, Metzingen, Rheda-Wiedenbr\u00fcck &amp; Wendlingen as of 31 Dec<\/p>\n<p>Customers can refuel at these stations until the end of\u2026 <a href=\"https:\/\/t.co\/B0BVU9qlqk\" rel=\"nofollow\">pic.twitter.com\/B0BVU9qlqk<\/a><\/p>\n<p>\u2014 Felix Hamer \u2022 electricfelix (@electricfelix) <a href=\"https:\/\/twitter.com\/electricfelix\/status\/1989404011494326556?ref_src=twsrc%5Etfw\" rel=\"nofollow noopener\" target=\"_blank\">November 14, 2025<\/a><\/p><\/blockquote>\n<p><a href=\"https:\/\/mistape.com\" target=\"_blank\" rel=\"nofollow noopener\" class=\"mistape-link mistape-logo\"><\/a><\/p>\n<p>Ja rakst\u0101 paman\u012bji k\u013c\u016bdu, padod mums par to zi\u0146u, iez\u012bm\u0113jot a\u010dg\u0101rno tekstu un nospie\u017eot Ctrl+Enter. Paldies!<\/p>\n<p>&#13;<br \/>\n                    0&#13;<br \/>\n                    0&#13;<br \/>\n                    balsojumi<\/p>\n<p>Raksta nov\u0113rt\u0113jums<\/p>\n<p>\t\tPost navigation<\/p>\n<p>\t            <script async src=\"https:\/\/platform.twitter.com\/widgets.js\" charset=\"utf-8\"><\/script><\/p>\n","protected":false},"excerpt":{"rendered":"Vidzemes pl\u0101no\u0161anas re\u0123ions kop\u0101 ar partneriem no septi\u0146\u0101m Baltijas j\u016bras re\u0123iona valst\u012bm parakst\u012bja sapra\u0161an\u0101s memorandu par p\u0101rrobe\u017eu \u016bde\u0146ra\u017ea&hellip;\n","protected":false},"author":2,"featured_media":50676,"comment_status":"","ping_status":"","sticky":false,"template":"","format":"standard","meta":{"footnotes":""},"categories":[14],"tags":[23,57,28,29,32,33,22,30,31,35,39,38,36,37,34,40,20,26,27,24,25,11928,4550,54,55,56,21,58],"class_list":{"0":"post-50675","1":"post","2":"type-post","3":"status-publish","4":"format-standard","5":"has-post-thumbnail","7":"category-zinas-no-arvalstim","8":"tag-aktualitates","9":"tag-arvalstim","10":"tag-breaking-news","11":"tag-breakingnews","12":"tag-featured-news","13":"tag-featurednews","14":"tag-headlines","15":"tag-latest-news","16":"tag-latestnews","17":"tag-latvia","18":"tag-latvian","19":"tag-latviesu","20":"tag-latviesu-valoda","21":"tag-latviesuvaloda","22":"tag-latvija","23":"tag-lv","24":"tag-news","25":"tag-popularakas-zinas","26":"tag-popularakaszinas","27":"tag-top-stories","28":"tag-topstories","29":"tag-udenradis","30":"tag-vidzemes-planosanas-regions","31":"tag-world","32":"tag-world-news","33":"tag-worldnews","34":"tag-zinas","35":"tag-zinas-no-arvalstim"},"share_on_mastodon":{"url":"","error":"Validation failed: Text character limit of 500 exceeded"},"_links":{"self":[{"href":"https:\/\/www.europesays.com\/lv\/wp-json\/wp\/v2\/posts\/50675","targetHints":{"allow":["GET"]}}],"collection":[{"href":"https:\/\/www.europesays.com\/lv\/wp-json\/wp\/v2\/posts"}],"about":[{"href":"https:\/\/www.europesays.com\/lv\/wp-json\/wp\/v2\/types\/post"}],"author":[{"embeddable":true,"href":"https:\/\/www.europesays.com\/lv\/wp-json\/wp\/v2\/users\/2"}],"replies":[{"embeddable":true,"href":"https:\/\/www.europesays.com\/lv\/wp-json\/wp\/v2\/comments?post=50675"}],"version-history":[{"count":0,"href":"https:\/\/www.europesays.com\/lv\/wp-json\/wp\/v2\/posts\/50675\/revisions"}],"wp:featuredmedia":[{"embeddable":true,"href":"https:\/\/www.europesays.com\/lv\/wp-json\/wp\/v2\/media\/50676"}],"wp:attachment":[{"href":"https:\/\/www.europesays.com\/lv\/wp-json\/wp\/v2\/media?parent=50675"}],"wp:term":[{"taxonomy":"category","embeddable":true,"href":"https:\/\/www.europesays.com\/lv\/wp-json\/wp\/v2\/categories?post=50675"},{"taxonomy":"post_tag","embeddable":true,"href":"https:\/\/www.europesays.com\/lv\/wp-json\/wp\/v2\/tags?post=50675"}],"curies":[{"name":"wp","href":"https:\/\/api.w.org\/{rel}","templated":true}]}}