{"id":5069,"date":"2025-09-25T21:25:08","date_gmt":"2025-09-25T21:25:08","guid":{"rendered":"https:\/\/www.europesays.com\/lv\/5069\/"},"modified":"2025-09-25T21:25:08","modified_gmt":"2025-09-25T21:25:08","slug":"foto-%e2%9f%a9-mekle-sevi-un-slavenibas-kinofestivala-baltijas-perle-atklasanas-ballite-apollo-lv","status":"publish","type":"post","link":"https:\/\/www.europesays.com\/lv\/5069\/","title":{"rendered":"FOTO \u27e9 Mekl\u0113 sevi un slaven\u012bbas kinofestiv\u0101la &quot;Baltijas p\u0113rle&quot; atkl\u0101\u0161anas ball\u012bt\u0113! &#8211; Apollo.lv"},"content":{"rendered":"<ol>\n<li><a href=\"https:\/\/news.google.com\/rss\/articles\/CBMiqwFBVV95cUxQcDF6UFdWVDBQWmdLd0lwQmxjdVBmUUt3bG5scGdPRUkxbE1jMzVsLWk3ejRkQmJOcUtQNVhzYVV0NjFaajJmWVZVNTQ5LXBpZTFZV3FobWQ5bkNFc04yOTFrNGpvQnZZWERBdm5OR0txUkR6ZTdQS3htQnZtaXdiVjVwNGJFVGdOTDF6RHh4ZWpxMnNqSHdCeUFfMmJwaFFRaXlZaVZ6aVk2emM?oc=5\" target=\"_blank\" rel=\"nofollow noopener\">FOTO \u27e9 Mekl\u0113 sevi un slaven\u012bbas kinofestiv\u0101la &#8220;Baltijas p\u0113rle&#8221; atkl\u0101\u0161anas ball\u012bt\u0113!<\/a>&nbsp;&nbsp;Apollo.lv<\/li>\n<li><a href=\"https:\/\/news.google.com\/rss\/articles\/CBMi3gFBVV95cUxQT1dQd2lPNEZaSHJFVk13czBrSENjTGtQcE9BSDJhRnAxcnpzVkpEcVVRVm83WXdqdlN0T2ZTcXVjaXNTTzk5eDJUWmpTa2xCd1kzMWhyMVV6dGplRVVOY1M3czJHSXRnc1lPTVpFaEVESDlqajROV0JobE82bGhERW1IV0FKQktvREFqZVZndEw4QWZzQWhjckdsSWdxWFJfcjUxMjdYMUh1RG1xSXhiX0xpNHB5cFhHSFFhYnlmekJiTk81ZzF2Y1NUWUZzaUE3TG9sWVhDYmdLTjQ4aGc?oc=5\" target=\"_blank\" rel=\"nofollow noopener\">Pie kino studentiem R\u012bg\u0101 viesojas Kannu kinofestiv\u0101la direktors Tjer\u012b Fremo \/ Raksts<\/a>&nbsp;&nbsp;LSM<\/li>\n<li><a href=\"https:\/\/news.google.com\/rss\/articles\/CBMikwFBVV95cUxNNHBiSUFzekdtcW1YcmZOMHo1OHYzUy1QWVNMQkdWaV9RNXloZkNZTWkzb0xIMWZNY3hCak40ZV9kWDAzT25TZU40aHExRlVUOEtTNnZlSWxTZksxZG1QcVl0N3dWY29iQkRlTWIyOVFnUVoyQnZ6WThrVFdKckZFWC1nSnNOVkRnbkh1T1dyNFhPT1E?oc=5\" target=\"_blank\" rel=\"nofollow noopener\">&#8220;Splendid Palace&#8221; tiks atkl\u0101ts kino festiv\u0101ls &#8220;Baltijas p\u0113rle&#8221;<\/a>&nbsp;&nbsp;Sejas.lv<\/li>\n<li><a href=\"https:\/\/news.google.com\/rss\/articles\/CBMiqAFBVV95cUxPVEk1NFRlTkdROE1jU1ZYY0w4a3RLMHRuUWJxNWJkZWJjWTA2Wk1WUUktZTNyNWxPcXk3SjdwR0VwYzhDeTFuLTBKNDdLSDEtVU9jNUs5bklyUlFCN1NrTFBLLVJ3RmlHa1NlMFVJVHN3MDR2QUs4MFpsXzUwd3JRZ0VuSTBDTnB4VmN4YnpscmdZOXNwT0JCa1lNOWxVdGIyZHJQcTB3UkQ?oc=5\" target=\"_blank\" rel=\"nofollow noopener\">Festiv\u0101l\u0101 &#8220;Baltijas p\u0113rle&#8221; pirmizr\u0101di piedz\u012bvos filma &#8220;Krem\u013ca burvis&#8221;<\/a>&nbsp;&nbsp;Jauns.lv<\/li>\n<li><a href=\"https:\/\/news.google.com\/rss\/articles\/CBMi6AFBVV95cUxObnBNTWc1bGtzSUFtSG9zalRvWTFKdFF6Ti1jbU51eGRzdHVRX0tkejJWTklFQjJVV3JkRm9vR0dKeFByYkk3cjlwTlRINmZlNXFGZFFXZENDb2Q1cnp4bTRtMUc4QjFEaDBWSktOODBINTVVRi04QVFUTm5NbndHbDcxSEJSNkIyXzNxMm8zSUxhU3E1VUlrRy1ZNmFuOFFQUVdXdzhoMHJyMkZ0cWtFZmpaWFhHYTN4REhWTVI3TFo2SWNGWEFnMUZzRFRwaFJ0ZnAtNWJ0cWR3WUdxMlRieS1kMnJpb3pU?oc=5\" target=\"_blank\" rel=\"nofollow noopener\">Festiv\u0101l\u0101 Baltijas p\u0113rle pirmizr\u0101di piedz\u012bvos re\u017eisora Olivj\u0113 Asajasa R\u012bg\u0101 uz\u0146emt\u0101 filma Krem\u013ca burvis<\/a>&nbsp;&nbsp;Diena<\/li>\n<\/ol>\n","protected":false},"excerpt":{"rendered":"FOTO \u27e9 Mekl\u0113 sevi un slaven\u012bbas kinofestiv\u0101la &#8220;Baltijas p\u0113rle&#8221; atkl\u0101\u0161anas ball\u012bt\u0113!&nbsp;&nbsp;Apollo.lv Pie kino studentiem R\u012bg\u0101 viesojas Kannu kinofestiv\u0101la&hellip;\n","protected":false},"author":2,"featured_media":5070,"comment_status":"","ping_status":"","sticky":false,"template":"","format":"standard","meta":{"footnotes":""},"categories":[19],"tags":[2293,1510,89,90,35,39,38,36,37,34,40],"class_list":{"0":"post-5069","1":"post","2":"type-post","3":"status-publish","4":"format-standard","5":"has-post-thumbnail","7":"category-izklaide","8":"tag-apollo-lv-saturs","9":"tag-baltijas-perle","10":"tag-entertainment","11":"tag-izklaide","12":"tag-latvia","13":"tag-latvian","14":"tag-latviesu","15":"tag-latviesu-valoda","16":"tag-latviesuvaloda","17":"tag-latvija","18":"tag-lv"},"share_on_mastodon":{"url":"","error":""},"_links":{"self":[{"href":"https:\/\/www.europesays.com\/lv\/wp-json\/wp\/v2\/posts\/5069","targetHints":{"allow":["GET"]}}],"collection":[{"href":"https:\/\/www.europesays.com\/lv\/wp-json\/wp\/v2\/posts"}],"about":[{"href":"https:\/\/www.europesays.com\/lv\/wp-json\/wp\/v2\/types\/post"}],"author":[{"embeddable":true,"href":"https:\/\/www.europesays.com\/lv\/wp-json\/wp\/v2\/users\/2"}],"replies":[{"embeddable":true,"href":"https:\/\/www.europesays.com\/lv\/wp-json\/wp\/v2\/comments?post=5069"}],"version-history":[{"count":0,"href":"https:\/\/www.europesays.com\/lv\/wp-json\/wp\/v2\/posts\/5069\/revisions"}],"wp:featuredmedia":[{"embeddable":true,"href":"https:\/\/www.europesays.com\/lv\/wp-json\/wp\/v2\/media\/5070"}],"wp:attachment":[{"href":"https:\/\/www.europesays.com\/lv\/wp-json\/wp\/v2\/media?parent=5069"}],"wp:term":[{"taxonomy":"category","embeddable":true,"href":"https:\/\/www.europesays.com\/lv\/wp-json\/wp\/v2\/categories?post=5069"},{"taxonomy":"post_tag","embeddable":true,"href":"https:\/\/www.europesays.com\/lv\/wp-json\/wp\/v2\/tags?post=5069"}],"curies":[{"name":"wp","href":"https:\/\/api.w.org\/{rel}","templated":true}]}}