{"id":50697,"date":"2025-11-16T10:11:12","date_gmt":"2025-11-16T10:11:12","guid":{"rendered":"https:\/\/www.europesays.com\/lv\/50697\/"},"modified":"2025-11-16T10:11:12","modified_gmt":"2025-11-16T10:11:12","slug":"lvrtc-atjaunojis-makondatosanas-pakalpojumu","status":"publish","type":"post","link":"https:\/\/www.europesays.com\/lv\/50697\/","title":{"rendered":"LVRTC atjaunojis m\u0101ko\u0146dato\u0161anas pakalpojumu"},"content":{"rendered":"<p><a href=\"https:\/\/www.tvnet.lv\/term\/570884\/lvrtc\" class=\"topicLink\" target=\"_blank\" rel=\"nofollow noopener\">LVRTC<\/a> ir atjaunojis m\u0101ko\u0146dato\u0161anas pakalpojumu klientiem, kuriem pakalpojumi bija trauc\u0113ti vai nepieejami. LVRTC ir veicis virtualiz\u0101cijas klastera boj\u0101to iek\u0101rtu nomai\u0146u, piln\u012bb\u0101 atjaunojot t\u0101 darb\u012bbu, teikts uz\u0146\u0113muma pazi\u0146ojum\u0101.<\/p>\n<p>P\u0113c LVRTC v\u0113st\u012bt\u0101, atsevi\u0161\u0137i klienti turpina darbu pie resursu un sist\u0113mu darb\u012bbas p\u0101rbaudes.<\/p>\n<p>Jau v\u0113st\u012bts, ka pakalpojuma nepieejam\u012bbu 13. novembr\u012b izrais\u012bja vienlaic\u012bgs vair\u0101ku virtualiz\u0101cijas klastera iek\u0101rtu boj\u0101jums, k\u0101 rezult\u0101t\u0101 klasteris darbojas samazin\u0101t\u0101 re\u017e\u012bm\u0101 un ir ietekm\u0113ti un nepieejami atsevi\u0161\u0137iem klientiem sniegtie pakalpojumi, tostarp var b\u016bt nepieejamas vai l\u0113ndarb\u012bgas atsevi\u0161\u0137as interneta vietnes.<\/p>\n<p>Tikm\u0113r inform\u0101cijas tehnolo\u0123iju (IT) dro\u0161\u012bbas incidentu nov\u0113r\u0161anas instit\u016bcija &#8220;Cert.lv&#8221; iepriek\u0161 inform\u0113ja, ka patlaban nav paz\u012bmju, ka LVRTC sniegto m\u0101ko\u0146dato\u0161anas pakalpojumu darb\u012bbas trauc\u0113jumi b\u016btu saist\u012bti ar kiberuzbrukumu.<\/p>\n<p>LVRTC ir galvenais radiofonijas un telev\u012bzijas programmu zemes apraides t\u012bkla operators valst\u012b. LVRTC p\u0101rvalda ar\u012b valstij piedero\u0161\u0101s mobilo sakaru operatora &#8220;Latvijas mobilais telefons&#8221; da\u013cas.<\/p>\n","protected":false},"excerpt":{"rendered":"LVRTC ir atjaunojis m\u0101ko\u0146dato\u0161anas pakalpojumu klientiem, kuriem pakalpojumi bija trauc\u0113ti vai nepieejami. LVRTC ir veicis virtualiz\u0101cijas klastera boj\u0101to&hellip;\n","protected":false},"author":2,"featured_media":50698,"comment_status":"","ping_status":"","sticky":false,"template":"","format":"standard","meta":{"footnotes":""},"categories":[12],"tags":[23,28,29,32,33,22,30,31,35,39,38,36,37,34,40,3984,20,26,27,24,25,21],"class_list":{"0":"post-50697","1":"post","2":"type-post","3":"status-publish","4":"format-standard","5":"has-post-thumbnail","7":"category-latvija","8":"tag-aktualitates","9":"tag-breaking-news","10":"tag-breakingnews","11":"tag-featured-news","12":"tag-featurednews","13":"tag-headlines","14":"tag-latest-news","15":"tag-latestnews","16":"tag-latvia","17":"tag-latvian","18":"tag-latviesu","19":"tag-latviesu-valoda","20":"tag-latviesuvaloda","21":"tag-latvija","22":"tag-lv","23":"tag-lvrtc","24":"tag-news","25":"tag-popularakas-zinas","26":"tag-popularakaszinas","27":"tag-top-stories","28":"tag-topstories","29":"tag-zinas"},"share_on_mastodon":{"url":"https:\/\/pubeurope.com\/@lv\/115558841365534855","error":""},"_links":{"self":[{"href":"https:\/\/www.europesays.com\/lv\/wp-json\/wp\/v2\/posts\/50697","targetHints":{"allow":["GET"]}}],"collection":[{"href":"https:\/\/www.europesays.com\/lv\/wp-json\/wp\/v2\/posts"}],"about":[{"href":"https:\/\/www.europesays.com\/lv\/wp-json\/wp\/v2\/types\/post"}],"author":[{"embeddable":true,"href":"https:\/\/www.europesays.com\/lv\/wp-json\/wp\/v2\/users\/2"}],"replies":[{"embeddable":true,"href":"https:\/\/www.europesays.com\/lv\/wp-json\/wp\/v2\/comments?post=50697"}],"version-history":[{"count":0,"href":"https:\/\/www.europesays.com\/lv\/wp-json\/wp\/v2\/posts\/50697\/revisions"}],"wp:featuredmedia":[{"embeddable":true,"href":"https:\/\/www.europesays.com\/lv\/wp-json\/wp\/v2\/media\/50698"}],"wp:attachment":[{"href":"https:\/\/www.europesays.com\/lv\/wp-json\/wp\/v2\/media?parent=50697"}],"wp:term":[{"taxonomy":"category","embeddable":true,"href":"https:\/\/www.europesays.com\/lv\/wp-json\/wp\/v2\/categories?post=50697"},{"taxonomy":"post_tag","embeddable":true,"href":"https:\/\/www.europesays.com\/lv\/wp-json\/wp\/v2\/tags?post=50697"}],"curies":[{"name":"wp","href":"https:\/\/api.w.org\/{rel}","templated":true}]}}