{"id":50701,"date":"2025-11-16T10:15:12","date_gmt":"2025-11-16T10:15:12","guid":{"rendered":"https:\/\/www.europesays.com\/lv\/50701\/"},"modified":"2025-11-16T10:15:12","modified_gmt":"2025-11-16T10:15:12","slug":"igaunijas-valdiba-gatavo-omniva-privatizacijai-lente-lv","status":"publish","type":"post","link":"https:\/\/www.europesays.com\/lv\/50701\/","title":{"rendered":"Igaunijas vald\u012bba gatavo &#8220;Omniva&#8221; privatiz\u0101cijai\u00a0\u2014\u00a0Lente.lv"},"content":{"rendered":"<p>Igaunijas vald\u012bba s\u0101k Omniva privatiz\u0101cijas sagatavo\u0161anas darbus<\/p>\n<p>Igaunijas Republikas vald\u012bba ir devusi za\u013co gaismu b\u016btiskam solim \u2013 uz\u0146\u0113muma AS &#8220;Eesti Post&#8221;, kas pla\u0161\u0101k paz\u012bstams ar savu z\u012bmolu &#8220;Omniva&#8221;, privatiz\u0101cijas procesa uzs\u0101k\u0161anai. \u0160is l\u0113mums atver durvis jauniem komercializ\u0101cijas un att\u012bst\u012bbas ce\u013ciem \u0161im sen zin\u0101majam pasta un lo\u0123istikas pakalpojumu sniedz\u0113jam. Saska\u0146\u0101 ar uz\u0146\u0113muma p\u0101rst\u0101vju sniegto inform\u0101ciju, \u0161odien pie\u0146emtais l\u0113mums ir r\u016bp\u012bgi sagatavo\u0161an\u0101s darbu rezult\u0101ts, kas paredz gan uz\u0146\u0113muma eso\u0161\u0101s strukt\u016bras izv\u0113rt\u0113\u0161anu, gan potenci\u0101lo investoru piesaisti.<\/p>\n<p>Privatiz\u0101cijas ieguvumi un potenci\u0101l\u0101s p\u0101rmai\u0146as<\/p>\n<p>Lai gan prec\u012bzi privatiz\u0101cijas nosac\u012bjumi un pl\u0101notais grafiks v\u0113l tiek izstr\u0101d\u0101ts, vald\u012bbas cer\u012bbas ir skaidras: sagaid\u0101ms, ka strat\u0113\u0123iskais investors sniegs nepiecie\u0161amo kapit\u0101lu uz\u0146\u0113muma moderniz\u0101cijai un papla\u0161in\u0101\u0161anai. Tas var\u0113tu noz\u012bm\u0113t gan jaunu tehnolo\u0123iju ievie\u0161anu, gan pakalpojumu kl\u0101sta diversifik\u0101ciju, t\u0101d\u0113j\u0101di stiprinot &#8220;Omniva&#8221; konkur\u0113tsp\u0113ju dinamiskaj\u0101 lo\u0123istikas tirg\u016b. \u0160is solis ir saprotams, jo m\u016bsdienu straujaj\u0101 pasaul\u0113, kur e-komercija un \u0101trums ir k\u013cuvu\u0161i par neat\u0146emamu ikdienas sast\u0101vda\u013cu, pasta un pieg\u0101des uz\u0146\u0113mumiem ir nepiecie\u0161ams nep\u0101rtraukti att\u012bst\u012bties un piel\u0101goties.<\/p>\n<p>Izaugsmes perspekt\u012bvas un tirgus dinamika<\/p>\n<p>Privatiz\u0101cijas proces\u0101 parasti tiek mekl\u0113ts partneris, kur\u0161 ne tikai nodro\u0161ina finansi\u0101lu atbalstu, bet ar\u012b dal\u0101s ar savu pieredzi un strat\u0113\u0123isko redz\u0113jumu. &#8220;Omniva&#8221; gad\u012bjum\u0101 tas var\u0113tu noz\u012bm\u0113t jaunu pakalpojumu att\u012bst\u012b\u0161anu, piem\u0113ram, arvien piepras\u012bt\u0101ko p\u0113d\u0113j\u0101s j\u016bdzes pieg\u0101\u017eu uzlabo\u0161anu, starptautisk\u0101s lo\u0123istikas stiprin\u0101\u0161anu vai pat ieguld\u012bjumus ilgtsp\u0113j\u012bgos risin\u0101jumos, kas k\u013c\u016bst aizvien svar\u012bg\u0101ki gan pat\u0113r\u0113t\u0101jiem, gan uz\u0146\u0113mumiem. Tirgus ir neprognoz\u0113jams un main\u012bgs k\u0101 j\u016bra, un &#8220;Omniva&#8221; cen\u0161as nostiprin\u0101t savu ku\u0123i, lai dro\u0161i turpin\u0101tu ce\u013cu.<\/p>\n<p>Igaunijas ekonomisk\u0101s att\u012bst\u012bbas konteksts<\/p>\n<p>\u0160is l\u0113mums ir da\u013ca no pla\u0161\u0101kas Igaunijas vald\u012bbas politikas, kuras m\u0113r\u0137is ir veicin\u0101t valsts ekonomisko izaugsmi un uzlabot valsts uz\u0146\u0113mumu konkur\u0113tsp\u0113ju gan nacion\u0101l\u0101, gan starptautisk\u0101 l\u012bmen\u012b. Privatiz\u0101cija bie\u017ei vien tiek uzskat\u012bta par efekt\u012bvu veidu, k\u0101 piesaist\u012bt priv\u0101t\u0101s invest\u012bcijas, ieviest jaunas vad\u012bbas metodes un palielin\u0101t efektivit\u0101ti. Ir skaidrs, ka &#8220;Omniva&#8221; ir noz\u012bm\u012bgs sp\u0113l\u0113t\u0101js Igaunijas infrastrukt\u016br\u0101, un t\u0101s turpm\u0101k\u0101 att\u012bst\u012bba ir svar\u012bga valsts ekonomiskajai labkl\u0101j\u012bbai. T\u0101pat k\u0101 d\u0101rznieks r\u016bp\u0113jas par saviem st\u0101diem, lai tie lab\u0101k augtu, ar\u012b vald\u012bba cen\u0161as rad\u012bt optim\u0101lus apst\u0101k\u013cus saviem valsts uz\u0146\u0113mumiem.<\/p>\n<p>N\u0101kamie so\u013ci un prognozes<\/p>\n<p>\u0160obr\u012bd notiek sagatavo\u0161an\u0101s darbi, kas ietver uz\u0146\u0113muma v\u0113rt\u0113\u0161anu, strat\u0113\u0123isko m\u0113r\u0137u defin\u0113\u0161anu un potenci\u0101lo pirc\u0113ju mekl\u0113\u0161anu. Paredzams, ka tuv\u0101kos m\u0113ne\u0161us un gadus redz\u0113sim konkr\u0113t\u0101kus so\u013cus \u0161\u012b procesa virz\u012bb\u0101. Lai gan privatiz\u0101cijas ce\u013c\u0161 var b\u016bt sare\u017e\u0123\u012bts un pilns ar izaicin\u0101jumiem, tas paver ar\u012b aizraujo\u0161as perspekt\u012bvas &#8220;Omniva&#8221; n\u0101kotnei. &#8220;Omniva&#8221; ir vair\u0101k nek\u0101 tikai pasts; t\u0101 ir lo\u0123istikas t\u012bkls, kas savieno cilv\u0113kus un uz\u0146\u0113mumus, un t\u0101 p\u0101rmai\u0146as noteikti izrais\u012bs interesi gan biznesa aprind\u0101s, gan sabiedr\u012bb\u0101 kopum\u0101.<\/p>\n","protected":false},"excerpt":{"rendered":"Igaunijas vald\u012bba s\u0101k Omniva privatiz\u0101cijas sagatavo\u0161anas darbus Igaunijas Republikas vald\u012bba ir devusi za\u013co gaismu b\u016btiskam solim \u2013 uz\u0146\u0113muma&hellip;\n","protected":false},"author":2,"featured_media":50702,"comment_status":"","ping_status":"","sticky":false,"template":"","format":"standard","meta":{"footnotes":""},"categories":[16],"tags":[77,76,13877,4079,35,39,38,36,37,34,8331,40,13876,12059],"class_list":{"0":"post-50701","1":"post","2":"type-post","3":"status-publish","4":"format-standard","5":"has-post-thumbnail","7":"category-bizness","8":"tag-bizness","9":"tag-business","10":"tag-eesti-post","11":"tag-igaunijas-valdiba","12":"tag-latvia","13":"tag-latvian","14":"tag-latviesu","15":"tag-latviesu-valoda","16":"tag-latviesuvaloda","17":"tag-latvija","18":"tag-logistika","19":"tag-lv","20":"tag-omniva","21":"tag-privatizacija"},"share_on_mastodon":{"url":"https:\/\/pubeurope.com\/@lv\/115558857004224078","error":""},"_links":{"self":[{"href":"https:\/\/www.europesays.com\/lv\/wp-json\/wp\/v2\/posts\/50701","targetHints":{"allow":["GET"]}}],"collection":[{"href":"https:\/\/www.europesays.com\/lv\/wp-json\/wp\/v2\/posts"}],"about":[{"href":"https:\/\/www.europesays.com\/lv\/wp-json\/wp\/v2\/types\/post"}],"author":[{"embeddable":true,"href":"https:\/\/www.europesays.com\/lv\/wp-json\/wp\/v2\/users\/2"}],"replies":[{"embeddable":true,"href":"https:\/\/www.europesays.com\/lv\/wp-json\/wp\/v2\/comments?post=50701"}],"version-history":[{"count":0,"href":"https:\/\/www.europesays.com\/lv\/wp-json\/wp\/v2\/posts\/50701\/revisions"}],"wp:featuredmedia":[{"embeddable":true,"href":"https:\/\/www.europesays.com\/lv\/wp-json\/wp\/v2\/media\/50702"}],"wp:attachment":[{"href":"https:\/\/www.europesays.com\/lv\/wp-json\/wp\/v2\/media?parent=50701"}],"wp:term":[{"taxonomy":"category","embeddable":true,"href":"https:\/\/www.europesays.com\/lv\/wp-json\/wp\/v2\/categories?post=50701"},{"taxonomy":"post_tag","embeddable":true,"href":"https:\/\/www.europesays.com\/lv\/wp-json\/wp\/v2\/tags?post=50701"}],"curies":[{"name":"wp","href":"https:\/\/api.w.org\/{rel}","templated":true}]}}