{"id":50703,"date":"2025-11-16T10:18:10","date_gmt":"2025-11-16T10:18:10","guid":{"rendered":"https:\/\/www.europesays.com\/lv\/50703\/"},"modified":"2025-11-16T10:18:10","modified_gmt":"2025-11-16T10:18:10","slug":"putina-slavinataja-kreile-parsudzejusi-vinai-piespriesto-cietumsodu","status":"publish","type":"post","link":"https:\/\/www.europesays.com\/lv\/50703\/","title":{"rendered":"Putina slavin\u0101t\u0101ja Kreile p\u0101rs\u016bdz\u0113jusi vi\u0146ai piespriesto cietumsodu"},"content":{"rendered":"<p>Apzinoties, ka Krievija veic pla\u0161a m\u0113roga iebrukumu Ukrainas teritorij\u0101, Kreile publiski pauda atbalstu \u0161\u012bs agresorvalsts p\u0101rvaldei, k\u0101 ar\u012b ar sav\u0101m darb\u012bb\u0101m slavin\u0101ja un attaisnoja \u0161\u012bs agresorvalsts \u012bstenotos noziegumus, teikts aps\u016bdz\u012bb\u0101.<\/p>\n<p>Prokurore l\u016bgusi piespriest Kreilei tr\u012bs gadus un se\u0161us m\u0113ne\u0161us cietum\u0101.<\/p>\n<p>Sieviete savu vainu vi\u0146ai inkrimin\u0113taj\u0101 noziedz\u012bg\u0101 nodar\u012bjuma izdar\u012b\u0161an\u0101 neatz\u012bst.<\/p>\n<p>P\u0113rn maija beig\u0101s R\u012bgas pils\u0113tas tiesai nodota v\u0113l viena krimin\u0101llieta, kur\u0101 aps\u016bdz\u0113ta Kreile. Saska\u0146\u0101 ar aps\u016bdz\u012bbu Kreiles dz\u012bvesviet\u0101 uz logiem bija izvietots audums ASV karoga kr\u0101s\u0101, bet uz auduma fona fotoatt\u0113ls ar diviem cilv\u0113kiem PSRS armijai l\u012bdz\u012bgos formast\u0113rpos, k\u0101 ar\u012b PSRS karogam l\u012bdz\u012bgs att\u0113ls.<\/p>\n<p>Kreilei jau st\u0101jies sp\u0113k\u0101 viena gada cietumsods cit\u0101 liet\u0101 par genoc\u012bda, nozieguma pret cilv\u0113ci, nozieguma pret mieru un kara nozieguma attaisno\u0161anu.<\/p>\n<p>Kreile daudzk\u0101rt publisk\u0101s viet\u0101s un publiskos pas\u0101kumos n\u0113s\u0101jusi pleca somu ar simbolu &#8220;Z&#8221;, kas Krievijas propagandas resursos tiek izmantots k\u0101 atbalsta simbols Krievijas s\u0101ktajai karadarb\u012bbai Ukrain\u0101.<\/p>\n<p>T\u0101pat vi\u0146a pie Krievijas v\u0113stniec\u012bbas R\u012bg\u0101 pauda atbalstu agresorvalstij laik\u0101, kad tur norisin\u0101j\u0101s pret Krievijas s\u0101kto karu Ukrain\u0101 v\u0113rsta protesta akcija. Kreile regul\u0101ri veikusi ar\u012b citas provokat\u012bvas darb\u012bbas, kas v\u0113rstas uz Krievijas agresijas slavin\u0101\u0161anu un attaisno\u0161anu.<\/p>\n<p>Baltijas p\u0113tniecisk\u0101s \u017eurn\u0101listikas centrs &#8220;Re:Baltica&#8221; iepriek\u0161 v\u0113st\u012bja, ka Kreile ir m\u0101jsaimniece, kura dzimusi un augusi Latvij\u0101, bet latviski zinot p\u0101ris v\u0101rdu. Protest\u0113t\u0101ja vi\u0146\u0101 esot pamodusies Covid-19 pand\u0113mijas laik\u0101, kad ieejai veikal\u0101 vajadz\u0113ja vakcin\u0101cijas sertifik\u0101tu. Tad ar\u012b s\u0101ku\u0161\u0101s pirm\u0101s sa\u0137er\u0161an\u0101s ar likumsargiem, kas kulmin\u0113ja p\u0113c Krievijas iebrukuma Ukrain\u0101.<\/p>\n<p>Sieviete \u017eurn\u0101listiem atk\u0101rtojusi, ka neiest\u0101jas ne par karu, ne par Krievijas prezidentu Vladimiru Putinu. Vainu nevien\u0101 no liet\u0101m Kreile neatz\u012bst, bet uzskata, ka v\u0113r\u0161an\u0101s pret vi\u0146u notiek, jo &#8220;\u013caunie sp\u0113ki v\u0113r\u0161as pret labajiem, tie ir d\u0113moni&#8221;.<\/p>\n","protected":false},"excerpt":{"rendered":"Apzinoties, ka Krievija veic pla\u0161a m\u0113roga iebrukumu Ukrainas teritorij\u0101, Kreile publiski pauda atbalstu \u0161\u012bs agresorvalsts p\u0101rvaldei, k\u0101 ar\u012b&hellip;\n","protected":false},"author":2,"featured_media":50704,"comment_status":"","ping_status":"","sticky":false,"template":"","format":"standard","meta":{"footnotes":""},"categories":[5],"tags":[23,28,29,32,33,22,2545,74,30,31,35,39,38,36,37,34,40,20,26,27,375,24,25,21],"class_list":{"0":"post-50703","1":"post","2":"type-post","3":"status-publish","4":"format-standard","5":"has-post-thumbnail","7":"category-aktualitates","8":"tag-aktualitates","9":"tag-breaking-news","10":"tag-breakingnews","11":"tag-featured-news","12":"tag-featurednews","13":"tag-headlines","14":"tag-kremla-propaganda","15":"tag-krievijas-iebrukums-ukraina","16":"tag-latest-news","17":"tag-latestnews","18":"tag-latvia","19":"tag-latvian","20":"tag-latviesu","21":"tag-latviesu-valoda","22":"tag-latviesuvaloda","23":"tag-latvija","24":"tag-lv","25":"tag-news","26":"tag-popularakas-zinas","27":"tag-popularakaszinas","28":"tag-tiesa","29":"tag-top-stories","30":"tag-topstories","31":"tag-zinas"},"share_on_mastodon":{"url":"https:\/\/pubeurope.com\/@lv\/115558868870554915","error":""},"_links":{"self":[{"href":"https:\/\/www.europesays.com\/lv\/wp-json\/wp\/v2\/posts\/50703","targetHints":{"allow":["GET"]}}],"collection":[{"href":"https:\/\/www.europesays.com\/lv\/wp-json\/wp\/v2\/posts"}],"about":[{"href":"https:\/\/www.europesays.com\/lv\/wp-json\/wp\/v2\/types\/post"}],"author":[{"embeddable":true,"href":"https:\/\/www.europesays.com\/lv\/wp-json\/wp\/v2\/users\/2"}],"replies":[{"embeddable":true,"href":"https:\/\/www.europesays.com\/lv\/wp-json\/wp\/v2\/comments?post=50703"}],"version-history":[{"count":0,"href":"https:\/\/www.europesays.com\/lv\/wp-json\/wp\/v2\/posts\/50703\/revisions"}],"wp:featuredmedia":[{"embeddable":true,"href":"https:\/\/www.europesays.com\/lv\/wp-json\/wp\/v2\/media\/50704"}],"wp:attachment":[{"href":"https:\/\/www.europesays.com\/lv\/wp-json\/wp\/v2\/media?parent=50703"}],"wp:term":[{"taxonomy":"category","embeddable":true,"href":"https:\/\/www.europesays.com\/lv\/wp-json\/wp\/v2\/categories?post=50703"},{"taxonomy":"post_tag","embeddable":true,"href":"https:\/\/www.europesays.com\/lv\/wp-json\/wp\/v2\/tags?post=50703"}],"curies":[{"name":"wp","href":"https:\/\/api.w.org\/{rel}","templated":true}]}}