{"id":50707,"date":"2025-11-16T10:24:16","date_gmt":"2025-11-16T10:24:16","guid":{"rendered":"https:\/\/www.europesays.com\/lv\/50707\/"},"modified":"2025-11-16T10:24:16","modified_gmt":"2025-11-16T10:24:16","slug":"nato-5-pants-un-robezlinijas-laika-kad-mainas-draudi-lente-lv","status":"publish","type":"post","link":"https:\/\/www.europesays.com\/lv\/50707\/","title":{"rendered":"NATO 5. pants un robe\u017el\u012bnijas laik\u0101, kad main\u0101s draudi\u00a0\u2014\u00a0Lente.lv"},"content":{"rendered":"<p>NATO piekt\u0101 panta tv\u0113rums: Struberga nor\u0101da uz izaicin\u0101jumiem<\/p>\n<p>Sigita Struberga, Latvijas Transatlantisk\u0101s organiz\u0101cijas \u0123ener\u0101lsekret\u0101re un biedr\u012bbas \u201cSievietes dro\u0161\u012bbai\u201d valdes priek\u0161s\u0113d\u0113t\u0101ja, TV24 raid\u012bjum\u0101 \u201c#Latvijasformula\u201d aktualiz\u0113jusi jaut\u0101jumu par NATO 5. panta piem\u0113ro\u0161anas robe\u017el\u012bnij\u0101m m\u016bsdienu main\u012bgaj\u0101 dro\u0161\u012bbas vid\u0113. Vi\u0146a uzsv\u0113ra, ka alianses sp\u0113ja rea\u0123\u0113t uz draudiem neb\u016bs vien\u012bgi atkar\u012bga no atsevi\u0161\u0137u l\u012bderu, piem\u0113ram, Donalda Trampa, l\u0113mumiem. Struberga pauda ba\u017eas, ka sabiedr\u012bba var\u0113tu b\u016bt non\u0101kusi pie situ\u0101cijas, kur\u0101 nav skaidrs, kad tie\u0161i 5. pants s\u0101k darboties, \u012bpa\u0161i gad\u012bjumos, kas nav klasiski bru\u0146oti uzbrukumi.<\/p>\n<p>Digit\u0101l\u0101 kara un hibr\u012bddraudu \u0113na p\u0101r kolekt\u012bvo aizsardz\u012bbu<\/p>\n<p>Struberga nor\u0101d\u012bja uz fundament\u0101lu izaicin\u0101jumu: \u201cKur\u0101 br\u012bd\u012b m\u0113s pateiksim, ka piektais pants s\u0101k darboties?\u201d Vi\u0146a ilustr\u0113ja \u0161o dilemmu ar hipot\u0113tisku scen\u0101riju, jaut\u0101jot: \u201cDroni pie lidost\u0101m, m\u0113s nedarbin\u0101m piekto pantu, vai ne?\u201d \u0160is jaut\u0101jums akcent\u0113 nepiecie\u0161am\u012bbu defin\u0113t, k\u0101 NATO rea\u0123\u0113 uz jaunajiem, bie\u017ei vien asimetriskajiem un digit\u0101lajiem draudiem, kas var\u0113tu nenon\u0101kt l\u012bdz tradicion\u0101l\u0101 bru\u0146ota uzbrukuma slieksnim, bet tom\u0113r b\u016btiski apdraud\u0113tu dal\u012bbvalstu dro\u0161\u012bbu un infrastrukt\u016bru.<\/p>\n<p>\u0160obr\u012bd NATO 5. pants nosaka, ka bru\u0146ots uzbrukums vienai dal\u012bbvalstij tiek uzskat\u012bts par uzbrukumu vis\u0101m dal\u012bbvalst\u012bm, un tas dod pamatu kolekt\u012bvai aizsardz\u012bbai. Tom\u0113r digit\u0101l\u0101s tehnolo\u0123ijas un hibr\u012bdkara metodes rada jaunus jaut\u0101jumus. Piem\u0113ram, vai kib\u0113rmetin\u0101jums, kas paraliz\u0113 kritisko infrastrukt\u016bru, vai nelikum\u012bgu migrantu masu iepludin\u0101\u0161ana uz robe\u017eas, ko organiz\u0113 un atbalsta \u0101rvalsts, kvalific\u0113jas k\u0101 5. panta piem\u0113ro\u0161anas iemesls? Struberga aicina padzi\u013cin\u0101ti diskut\u0113t par \u0161\u012bm robe\u017e\u0101m, lai nodro\u0161in\u0101tu, ka NATO sp\u0113j adapt\u0113ties un efekt\u012bvi aizst\u0101v\u0113ties pret visiem iesp\u0113jamajiem draudiem.<\/p>\n<p>Trampa ietekme un NATO n\u0101kotne: Nepastiprin\u0101t\u0101 cer\u012bba<\/p>\n<p>Run\u0101jot par Donalda Trampa ietekmi uz NATO, Struberga pie\u013c\u0101va, ka vi\u0146a l\u0113mumi var\u0113tu rad\u012bt nenoteikt\u012bbu. Tom\u0113r vi\u0146a stingri pauda uzskatu, ka NATO sp\u0113ja rea\u0123\u0113t nav un nedr\u012bkst b\u016bt atkar\u012bga tikai no viena cilv\u0113ka gribas vai redz\u0113juma. T\u0101 viet\u0101 j\u0101nostiprina institucion\u0101lie meh\u0101nismi un politisk\u0101 griba, kas nodro\u0161ina alianses vienot\u012bbu un sp\u0113ju rea\u0123\u0113t neatkar\u012bgi no individu\u0101laj\u0101m politiskaj\u0101m tendenc\u0113m dal\u012bbvalst\u012bs. Struberga aicina uz strat\u0113\u0123isku dom\u0101\u0161anu, kas aptver ne tikai milit\u0101ro, bet ar\u012b politisko un ekonomisko dimensiju dro\u0161\u012bbas jaut\u0101jumos.<\/p>\n<p>\u0160\u012b diskusija ir \u012bpa\u0161i svar\u012bga, \u0146emot v\u0113r\u0101 pa\u0161reiz\u0113jo \u0123eopolitisko situ\u0101ciju. Krievijas agresija Ukrain\u0101 ir par\u0101d\u012bjusi, ka dro\u0161\u012bbas draudi var materializ\u0113ties ar\u012b veidos, kas iepriek\u0161 tika uzskat\u012bti par mazticamiem. Struberga mudina politi\u0137us un dro\u0161\u012bbas ekspertus neignor\u0113t \u0161\u012bs jaun\u0101s realit\u0101tes un akt\u012bvi str\u0101d\u0101t pie NATO strat\u0113\u0123ijas atjaunin\u0101\u0161anas, lai t\u0101 atbilstu 21. gadsimta izaicin\u0101jumiem. Lai gan Trampa politisk\u0101 retorika ir rad\u012bjusi ba\u017eas, Struberga uzsver, ka NATO stiprums sl\u0113pjas t\u0101s dal\u012bbvalstu kop\u012bgaj\u0101 ap\u0146em\u0161an\u0101s un vienot\u012bb\u0101.<\/p>\n<p>Nepiecie\u0161am\u012bba p\u0113c skaidr\u012bbas un notur\u012bbas<\/p>\n<p>Struberga uzsv\u0113ra, ka pa\u0161reiz\u0113j\u0101 situ\u0101cija prasa ne tikai defin\u0113t, bet ar\u012b skaidri komunic\u0113t, k\u0101 tiks piem\u0113rots 5. pants. \u0160\u0101da skaidr\u012bba ir nepiecie\u0161ama, lai atrun\u0101tu potenci\u0101los agresorus un lai dal\u012bbvalstis b\u016btu p\u0101rliecin\u0101tas par savu dro\u0161\u012bbu. Tas ir svar\u012bgs aspekts, lai nodro\u0161in\u0101tu alianses notur\u012bbu un sp\u0113ju attur\u0113t no agresijas, kas ir viens no NATO galvenajiem m\u0113r\u0137iem. Vi\u0146a aicina negaid\u012bt, kam\u0113r notiks pilna m\u0113roga uzbrukums, bet jau tagad analiz\u0113t un izstr\u0101d\u0101t protokolu ar\u012b maz\u0101kiem, bet provokat\u012bviem incidentiem, kas var\u0113tu novest pie eskal\u0101cijas.<\/p>\n<p>\u0160is jaut\u0101jums ir b\u016btisks ne tikai Latvijai, bet vis\u0101m NATO dal\u012bbvalst\u012bm, jo \u012bpa\u0161i t\u0101m, kas atrodas alianses austrumu flang\u0101. Vi\u0146u dro\u0161\u012bba ir cie\u0161i saist\u012bta ar NATO kolekt\u012bv\u0101s aizsardz\u012bbas sp\u0113j\u0101m un gatav\u012bbu rea\u0123\u0113t uz jebkuru draudu. Struberga mudina uz akt\u012bvu iesaisti diskusij\u0101s un l\u0113mumu pie\u0146em\u0161an\u0101, lai NATO turpin\u0101tu att\u012bst\u012bties un piel\u0101goties main\u012bgajiem dro\u0161\u012bbas apst\u0101k\u013ciem, nodro\u0161inot mieru un stabilit\u0101ti Eirop\u0101 un Zieme\u013catlantijas re\u0123ion\u0101.<\/p>\n","protected":false},"excerpt":{"rendered":"NATO piekt\u0101 panta tv\u0113rums: Struberga nor\u0101da uz izaicin\u0101jumiem Sigita Struberga, Latvijas Transatlantisk\u0101s organiz\u0101cijas \u0123ener\u0101lsekret\u0101re un biedr\u012bbas \u201cSievietes dro\u0161\u012bbai\u201d&hellip;\n","protected":false},"author":2,"featured_media":50708,"comment_status":"","ping_status":"","sticky":false,"template":"","format":"standard","meta":{"footnotes":""},"categories":[5],"tags":[23,28,29,2760,32,33,22,10932,3549,30,31,35,39,38,36,37,34,40,13880,20,26,27,13879,24,25,21],"class_list":{"0":"post-50707","1":"post","2":"type-post","3":"status-publish","4":"format-standard","5":"has-post-thumbnail","7":"category-aktualitates","8":"tag-aktualitates","9":"tag-breaking-news","10":"tag-breakingnews","11":"tag-drosibas-politika","12":"tag-featured-news","13":"tag-featurednews","14":"tag-headlines","15":"tag-hibriddraudi","16":"tag-kolektiva-aizsardziba","17":"tag-latest-news","18":"tag-latestnews","19":"tag-latvia","20":"tag-latvian","21":"tag-latviesu","22":"tag-latviesu-valoda","23":"tag-latviesuvaloda","24":"tag-latvija","25":"tag-lv","26":"tag-nato-5-pants","27":"tag-news","28":"tag-popularakas-zinas","29":"tag-popularakaszinas","30":"tag-sigita-struberga","31":"tag-top-stories","32":"tag-topstories","33":"tag-zinas"},"share_on_mastodon":{"url":"https:\/\/pubeurope.com\/@lv\/115558892349641638","error":""},"_links":{"self":[{"href":"https:\/\/www.europesays.com\/lv\/wp-json\/wp\/v2\/posts\/50707","targetHints":{"allow":["GET"]}}],"collection":[{"href":"https:\/\/www.europesays.com\/lv\/wp-json\/wp\/v2\/posts"}],"about":[{"href":"https:\/\/www.europesays.com\/lv\/wp-json\/wp\/v2\/types\/post"}],"author":[{"embeddable":true,"href":"https:\/\/www.europesays.com\/lv\/wp-json\/wp\/v2\/users\/2"}],"replies":[{"embeddable":true,"href":"https:\/\/www.europesays.com\/lv\/wp-json\/wp\/v2\/comments?post=50707"}],"version-history":[{"count":0,"href":"https:\/\/www.europesays.com\/lv\/wp-json\/wp\/v2\/posts\/50707\/revisions"}],"wp:featuredmedia":[{"embeddable":true,"href":"https:\/\/www.europesays.com\/lv\/wp-json\/wp\/v2\/media\/50708"}],"wp:attachment":[{"href":"https:\/\/www.europesays.com\/lv\/wp-json\/wp\/v2\/media?parent=50707"}],"wp:term":[{"taxonomy":"category","embeddable":true,"href":"https:\/\/www.europesays.com\/lv\/wp-json\/wp\/v2\/categories?post=50707"},{"taxonomy":"post_tag","embeddable":true,"href":"https:\/\/www.europesays.com\/lv\/wp-json\/wp\/v2\/tags?post=50707"}],"curies":[{"name":"wp","href":"https:\/\/api.w.org\/{rel}","templated":true}]}}