{"id":50721,"date":"2025-11-16T10:42:07","date_gmt":"2025-11-16T10:42:07","guid":{"rendered":"https:\/\/www.europesays.com\/lv\/50721\/"},"modified":"2025-11-16T10:42:07","modified_gmt":"2025-11-16T10:42:07","slug":"granita-iela-riga-izcelies-paaugstinatas-bistamibas-ugunsgreks-metala-atkritumu-kaudze-apkartni-aptverusi-biezi-dumi-lente-lv","status":"publish","type":"post","link":"https:\/\/www.europesays.com\/lv\/50721\/","title":{"rendered":"Gran\u012bta iel\u0101 R\u012bg\u0101 izc\u0113lies paaugstin\u0101tas b\u012bstam\u012bbas ugunsgr\u0113ks met\u0101la atkritumu kaudz\u0113; apk\u0101rtni aptv\u0113ru\u0161i biezi d\u016bmi\u00a0\u2014\u00a0Lente.lv"},"content":{"rendered":"<p>Ugunsgr\u0113ks Gran\u012bta iel\u0101: Liels met\u0101la atkritumu apjoms izrais\u012bjis paaugstin\u0101tas b\u012bstam\u012bbas situ\u0101ciju R\u012bg\u0101<\/p>\n<p>Pag\u0101ju\u0161\u0101s nakts tums\u0101 R\u012bg\u0101, Gran\u012bta iel\u0101, izc\u0113l\u0101s iespaid\u012bgs un paaugstin\u0101tas b\u012bstam\u012bbas ugunsgr\u0113ks, kas rad\u012bjis satraukumu un pies\u0101r\u0146ojis apk\u0101rt\u0113jo gaisu ar biezajiem d\u016bmiem. Valsts ugunsdz\u0113s\u012bbas un gl\u0101b\u0161anas dienests (VUGD) sa\u0146\u0113ma izsaukumu piektdien, 14. novembr\u012b, v\u0113l\u0101 vakar\u0101 ap pulksten 22:22. Liesmas p\u0101r\u0146\u0113mu\u0161as aptuveni 1200 kvadr\u0101tmetru lielu met\u0101la atkritumu kaudzi, izraisot intens\u012bvu sad\u016bmojumu, kas izplat\u012bjies pla\u0161\u0101 teritorij\u0101.<\/p>\n<p>Notikuma viet\u0101 tika mobiliz\u0113ti iev\u0113rojami sp\u0113ki \u2013 vair\u0101k nek\u0101 30 ugunsdz\u0113s\u0113ji gl\u0101b\u0113ji, kuri str\u0101d\u0101ja ar asto\u0146\u0101m autocistern\u0101m un autok\u0101pni, lai savald\u012btu un dz\u0113stu liesmas. Dz\u0113\u0161anas darbi bija izaicin\u0101jums, ko pastiprin\u0101ja \u016bdens tr\u016bkums tuv\u0113j\u0101 apk\u0101rtn\u0113, liekot nodro\u0161in\u0101t \u016bdens pieg\u0101di no att\u0101luma. \u0160\u0101da m\u0113roga atkritumu deg\u0161ana, \u012bpa\u0161i met\u0101la gad\u012bjum\u0101, rada nopietnus vides pies\u0101r\u0146ojuma riskus, pies\u0101r\u0146ojot gaisu ar kait\u012bg\u0101m viel\u0101m un radot kod\u012bgu smaku. Lai nov\u0113rt\u0113tu situ\u0101ciju ar iesp\u0113jamo vides pies\u0101r\u0146ojumu, tika piesaist\u012bts Valsts vides dienests.<\/p>\n<p>Lai gan ugunsgr\u0113ks tika lokaliz\u0113ts sestdienas r\u012bt\u0101 ap pulksten 8:30, darbs notikuma viet\u0101 turpin\u0101j\u0101s v\u0113l ilgi. Dzi\u013ci iespiedu\u0161ies met\u0101ll\u016b\u017e\u0146i uztur\u0113ja gruzd\u0113\u0161anu, kas pras\u012bja kaudzes p\u0101rkrau\u0161anu \u2013 ilgu un darbietilp\u012bgu procesu, lai piln\u012bb\u0101 likvid\u0113tu liesmas un gruzd\u0113\u0161anu.<\/p>\n<p>Dro\u0161\u012bbas pas\u0101kumi un izmekl\u0113\u0161ana<\/p>\n<p>Sp\u0113c\u012bg\u0101 sad\u016bmojuma un kod\u012bg\u0101s smakas d\u0113\u013c VUGD aicin\u0101ja apk\u0101rtnes iedz\u012bvot\u0101jus b\u016bt \u012bpa\u0161i piesardz\u012bgiem. Cilv\u0113kiem tika stingri ieteikts objekt\u012bvi izv\u0113rt\u0113t situ\u0101ciju \u2013 ja atverot logus vai iesl\u0113dzot ventil\u0101cijas sist\u0113mas j\u016btama nepat\u012bkama smaka vai d\u016bmi, logi nekav\u0113joties j\u0101aizver un ventil\u0101cijas iek\u0101rtas j\u0101izsl\u0113dz. Ja \u0101ra gaiss bija pies\u0101r\u0146ots, ieteikts uztur\u0113ties telp\u0101s. \u0160obr\u012bd zi\u0146as liecina, ka sad\u016bmojums ir mazin\u0101jies, ta\u010du iedz\u012bvot\u0101jiem joproj\u0101m tiek l\u016bgts b\u016bt v\u0113r\u012bgiem un aizv\u0113rt logus, ja j\u016btama nepat\u012bkama smaka.<\/p>\n<p>Par laimi, ugunsgr\u0113k\u0101 fiziski neviens cilv\u0113ks nav cietis. Lai noskaidrotu prec\u012bzus ugunsgr\u0113ka c\u0113lo\u0146us, Valsts policija ir uzs\u0101kusi krimin\u0101lprocesu. Pagaid\u0101m ugunsgr\u0113ka izcel\u0161an\u0101s iemesli nav zin\u0101mi. Tiek skaidroti notiku\u0161\u0101 apst\u0101k\u013ci.<\/p>\n<p>Vienlaikus ar ugunsdz\u0113s\u0113ju darbu notikuma viet\u0101, Valsts policija regul\u0113ja satiksmi, lai nodro\u0161in\u0101tu dro\u0161\u012bbu un atvieglotu gl\u0101b\u0161anas darbus. Tiek prognoz\u0113ti iesp\u0113jami satiksmes ierobe\u017eojumi Gran\u012bta ielas apk\u0101rtn\u0113, jo notikuma viet\u0101 joproj\u0101m str\u0101d\u0101 liels skaits ugunsdz\u0113s\u012bbas tehnikas.<\/p>\n<p>Uz\u0146\u0113muma \u201cTolmets\u201d loma un finansi\u0101lais st\u0101voklis<\/p>\n<p>Publiski pieejam\u0101 inform\u0101cija liecina, ka ugunsgr\u0113ks izc\u0113lies met\u0101ll\u016b\u017e\u0146u p\u0101rstr\u0101des uz\u0146\u0113muma \u201cTolmets\u201d un ar to saist\u012bto uz\u0146\u0113mumu teritorij\u0101. \u201cFirmas.lv\u201d dati atkl\u0101j, ka \u201cTolmets\u201d patiesais labuma guv\u0113js ir Jurijs Homutovs. Iepriek\u0161\u0113j\u0101 gad\u0101 uz\u0146\u0113mums sasniedza iespaid\u012bgu apgroz\u012bjumu 261 miljona eiro apm\u0113r\u0101, g\u016bstot 1,33 miljonu eiro pe\u013c\u0146u, kas nor\u0101da uz t\u0101 noz\u012bm\u012bgo lomu met\u0101ll\u016b\u017e\u0146u p\u0101rstr\u0101des nozar\u0113.<\/p>\n","protected":false},"excerpt":{"rendered":"Ugunsgr\u0113ks Gran\u012bta iel\u0101: Liels met\u0101la atkritumu apjoms izrais\u012bjis paaugstin\u0101tas b\u012bstam\u012bbas situ\u0101ciju R\u012bg\u0101 Pag\u0101ju\u0161\u0101s nakts tums\u0101 R\u012bg\u0101, Gran\u012bta iel\u0101,&hellip;\n","protected":false},"author":2,"featured_media":50722,"comment_status":"","ping_status":"","sticky":false,"template":"","format":"standard","meta":{"footnotes":""},"categories":[5],"tags":[23,28,29,32,33,22,30,31,35,39,38,36,37,34,40,13888,20,26,27,172,13889,24,25,13887,4908,21],"class_list":{"0":"post-50721","1":"post","2":"type-post","3":"status-publish","4":"format-standard","5":"has-post-thumbnail","7":"category-aktualitates","8":"tag-aktualitates","9":"tag-breaking-news","10":"tag-breakingnews","11":"tag-featured-news","12":"tag-featurednews","13":"tag-headlines","14":"tag-latest-news","15":"tag-latestnews","16":"tag-latvia","17":"tag-latvian","18":"tag-latviesu","19":"tag-latviesu-valoda","20":"tag-latviesuvaloda","21":"tag-latvija","22":"tag-lv","23":"tag-metala-atkritumi","24":"tag-news","25":"tag-popularakas-zinas","26":"tag-popularakaszinas","27":"tag-riga","28":"tag-sadumojums","29":"tag-top-stories","30":"tag-topstories","31":"tag-ugunsgreks-granita-iela","32":"tag-vugd","33":"tag-zinas"},"share_on_mastodon":{"url":"https:\/\/pubeurope.com\/@lv\/115558963162133211","error":""},"_links":{"self":[{"href":"https:\/\/www.europesays.com\/lv\/wp-json\/wp\/v2\/posts\/50721","targetHints":{"allow":["GET"]}}],"collection":[{"href":"https:\/\/www.europesays.com\/lv\/wp-json\/wp\/v2\/posts"}],"about":[{"href":"https:\/\/www.europesays.com\/lv\/wp-json\/wp\/v2\/types\/post"}],"author":[{"embeddable":true,"href":"https:\/\/www.europesays.com\/lv\/wp-json\/wp\/v2\/users\/2"}],"replies":[{"embeddable":true,"href":"https:\/\/www.europesays.com\/lv\/wp-json\/wp\/v2\/comments?post=50721"}],"version-history":[{"count":0,"href":"https:\/\/www.europesays.com\/lv\/wp-json\/wp\/v2\/posts\/50721\/revisions"}],"wp:featuredmedia":[{"embeddable":true,"href":"https:\/\/www.europesays.com\/lv\/wp-json\/wp\/v2\/media\/50722"}],"wp:attachment":[{"href":"https:\/\/www.europesays.com\/lv\/wp-json\/wp\/v2\/media?parent=50721"}],"wp:term":[{"taxonomy":"category","embeddable":true,"href":"https:\/\/www.europesays.com\/lv\/wp-json\/wp\/v2\/categories?post=50721"},{"taxonomy":"post_tag","embeddable":true,"href":"https:\/\/www.europesays.com\/lv\/wp-json\/wp\/v2\/tags?post=50721"}],"curies":[{"name":"wp","href":"https:\/\/api.w.org\/{rel}","templated":true}]}}