{"id":50746,"date":"2025-11-16T11:06:07","date_gmt":"2025-11-16T11:06:07","guid":{"rendered":"https:\/\/www.europesays.com\/lv\/50746\/"},"modified":"2025-11-16T11:06:07","modified_gmt":"2025-11-16T11:06:07","slug":"ratnieks-ironize-par-viesstradnieku-pabalstiem-arsti-un-inzenieri-sanem-atbalstu-lente-lv","status":"publish","type":"post","link":"https:\/\/www.europesays.com\/lv\/50746\/","title":{"rendered":"Ratnieks ironiz\u0113 par viesstr\u0101dnieku pabalstiem: &quot;\u0100rsti un in\u017eenieri&quot; sa\u0146em atbalstu &#8211; Lente.lv"},"content":{"rendered":"<ol>\n<li><a href=\"https:\/\/news.google.com\/rss\/articles\/CBMiwgFBVV95cUxQTlBEZUc0TWZOSUQ5WFBIMEhZeUREaUxqSTE0R0J0RVVJMjNWQjY2TUFmZTh3SmU0V1lOdVI5eVpVa0pRQ2pEc1N5azRrU0VYZHBGUkVMLVNrWTRSbjNXSjhrSE1CbFpMNnZ1MkxXTTNvWkVEcXpRWHZWNkRHRm45aFAtSUdrU2V0NGhZT284c3VUdE5mM0NtTG83V0JYREVJYVE0a05mMmNiajRZbmdTT2lPcV9DTEp5NnZlTEl6eThZdw?oc=5\" target=\"_blank\" rel=\"nofollow noopener\">Ratnieks ironiz\u0113 par viesstr\u0101dnieku pabalstiem: &#8220;\u0100rsti un in\u017eenieri&#8221; sa\u0146em atbalstu<\/a>&nbsp;&nbsp;Lente.lv<\/li>\n<li><a href=\"https:\/\/news.google.com\/rss\/articles\/CBMiwgFBVV95cUxPVS03anRwRHlQMVJmVEtHdXJ6d0t5T0RWMUo1NjEwU1N0aXI5Sm9vcnNQQ2wzS0tGZFVkVVlZZW1MRjY2TnVnUUdGc2EzcndjU2RpV21Lc0dSM0FCSEw2LTRyMkpiU0NsQUloS3VCejV4QURxajlSS0M2THBobXFrdGwySVFTZE1OZGpNSVNNNzlKeWlrTmpIa0F6OHpsU04zWEF0ajBNLXpVRi1ENG83eHpxOG52OU5MQkxtZ0xBbjZGdw?oc=5\" target=\"_blank\" rel=\"nofollow noopener\">Reinis Uzulnieks: &#8220;Vec\u0101ku pabalstam j\u0101atbalsta Latvij\u0101 dz\u012bvojo\u0161as, nevis tre\u0161o valstu \u0123imenes&#8221;<\/a>&nbsp;&nbsp;NRA<\/li>\n<li><a href=\"https:\/\/news.google.com\/rss\/articles\/CBMiwAFBVV95cUxOOUN2Y1h3ZWpEek1OT0lGdGFPbmszTU5Xa05GMkRGUk5SZ2VUeWFRWWFJaV9WMl96N1dEYnI3dzBjQ01lbWotNlRBWkh1NmRBSUxYblY3OW1kSXhOWTNxcGk0VERxT053Z3Z1MGVZOW12c0VfSk1KWmJoeXViLWFDU2txUzhwVzVHYXktdW1rMktOdjI0ak9sT01XTWtCcldidU9IVmkyTkl5T25HVy1mYVVKRW5pU1NsOUNCR2lBRm8?oc=5\" target=\"_blank\" rel=\"nofollow noopener\">Jaun\u0101s m\u0101mi\u0146as Latvij\u0101 beidzot sa\u0146ems pien\u0101c\u012bgus pabalstus: no 1. janv\u0101ra sola iev\u0113rojami palielin\u0101t m\u0113ne\u0161a ien\u0101kumus<\/a>&nbsp;&nbsp;LA.LV<\/li>\n<li><a href=\"https:\/\/news.google.com\/rss\/articles\/CBMi-gFBVV95cUxPTzNCOU5VZHFvbm1uak1yTExQenNrblVWX3JxNVBuN0lhQzlGblhic2JLQlltQVdGd3EzeEYzS0pKUVFWWFhUakpPOGxXcFRqeS1WX0dOUjZyeTFVMl9EenNMR0hBQzA0T2VEYUNYSG5USVloMDhxcXZmS1NpUGYzc0FWOWVSdnVMa0cyTEpzeU1XdG96QWRJRDhXUlJTdWhIdzd0c2JmTnVlZ2M4S0Q4RXFiRDZXUzBiSmd0X2gteWd4bXRTOE1YcE1QQXMtRTN0MjRLVTFBSDNnTUp2SmJSTjNNUk5zQ3FjV3FYeXJzby03Yks3RFNjcENR?oc=5\" target=\"_blank\" rel=\"nofollow noopener\">Likumdo\u0161anas jaunumi: pl\u0101notas izmai\u0146as vec\u0101ku pabalsta izmaksas k\u0101rt\u012bb\u0101, ja b\u0113rns dzimis priek\u0161laic\u012bgi vai nedz\u012bvo Latvij\u0101<\/a>&nbsp;&nbsp;LV port\u0101ls<\/li>\n<li><a href=\"https:\/\/news.google.com\/rss\/articles\/CBMijAFBVV95cUxNaHo5NGkzOElVX3VmdlFrbW5fdkRzc0phQXlsaVpuNDd1LXhjTmV5MlAwTUl4MklEeF9JSkMxLW1FOHAxNGlOU0hDU21wdlJTWno1aUJsLWZjNGh3a0JkWEVJX1daUnpQWjlyd014bXA3X2lPSzdSaVVnaS1XWGVFSlRTU25xc29veUtIOQ?oc=5\" target=\"_blank\" rel=\"nofollow noopener\">&#8220;\u0100rsti un in\u017eenieri,&#8221; Ratnieks ironiz\u0113 par skatu PMLP<\/a>&nbsp;&nbsp;NRA<\/li>\n<\/ol>\n","protected":false},"excerpt":{"rendered":"Ratnieks ironiz\u0113 par viesstr\u0101dnieku pabalstiem: &#8220;\u0100rsti un in\u017eenieri&#8221; sa\u0146em atbalstu&nbsp;&nbsp;Lente.lv Reinis Uzulnieks: &#8220;Vec\u0101ku pabalstam j\u0101atbalsta Latvij\u0101 dz\u012bvojo\u0161as, nevis&hellip;\n","protected":false},"author":2,"featured_media":50747,"comment_status":"","ping_status":"","sticky":false,"template":"","format":"standard","meta":{"footnotes":""},"categories":[5],"tags":[23,13894,28,29,32,33,22,7653,1663,30,31,35,39,38,36,37,34,40,20,26,27,2675,24,25,13895,21],"class_list":{"0":"post-50746","1":"post","2":"type-post","3":"status-publish","4":"format-standard","5":"has-post-thumbnail","7":"category-aktualitates","8":"tag-aktualitates","9":"tag-arsti-un-inzenieri","10":"tag-breaking-news","11":"tag-breakingnews","12":"tag-featured-news","13":"tag-featurednews","14":"tag-headlines","15":"tag-imigracijas-politika","16":"tag-labklajibas-ministrija","17":"tag-latest-news","18":"tag-latestnews","19":"tag-latvia","20":"tag-latvian","21":"tag-latviesu","22":"tag-latviesu-valoda","23":"tag-latviesuvaloda","24":"tag-latvija","25":"tag-lv","26":"tag-news","27":"tag-popularakas-zinas","28":"tag-popularakaszinas","29":"tag-socialie-pabalsti","30":"tag-top-stories","31":"tag-topstories","32":"tag-treso-valstu-pilsoni","33":"tag-zinas"},"share_on_mastodon":{"url":"https:\/\/pubeurope.com\/@lv\/115559057597010140","error":""},"_links":{"self":[{"href":"https:\/\/www.europesays.com\/lv\/wp-json\/wp\/v2\/posts\/50746","targetHints":{"allow":["GET"]}}],"collection":[{"href":"https:\/\/www.europesays.com\/lv\/wp-json\/wp\/v2\/posts"}],"about":[{"href":"https:\/\/www.europesays.com\/lv\/wp-json\/wp\/v2\/types\/post"}],"author":[{"embeddable":true,"href":"https:\/\/www.europesays.com\/lv\/wp-json\/wp\/v2\/users\/2"}],"replies":[{"embeddable":true,"href":"https:\/\/www.europesays.com\/lv\/wp-json\/wp\/v2\/comments?post=50746"}],"version-history":[{"count":0,"href":"https:\/\/www.europesays.com\/lv\/wp-json\/wp\/v2\/posts\/50746\/revisions"}],"wp:featuredmedia":[{"embeddable":true,"href":"https:\/\/www.europesays.com\/lv\/wp-json\/wp\/v2\/media\/50747"}],"wp:attachment":[{"href":"https:\/\/www.europesays.com\/lv\/wp-json\/wp\/v2\/media?parent=50746"}],"wp:term":[{"taxonomy":"category","embeddable":true,"href":"https:\/\/www.europesays.com\/lv\/wp-json\/wp\/v2\/categories?post=50746"},{"taxonomy":"post_tag","embeddable":true,"href":"https:\/\/www.europesays.com\/lv\/wp-json\/wp\/v2\/tags?post=50746"}],"curies":[{"name":"wp","href":"https:\/\/api.w.org\/{rel}","templated":true}]}}