{"id":50748,"date":"2025-11-16T11:07:09","date_gmt":"2025-11-16T11:07:09","guid":{"rendered":"https:\/\/www.europesays.com\/lv\/50748\/"},"modified":"2025-11-16T11:07:09","modified_gmt":"2025-11-16T11:07:09","slug":"andris-erglis-aicina-novertet-mirkli-ar-jauno-dziesmu-solijums-un-gaidamo-albumu-stasts-lente-lv","status":"publish","type":"post","link":"https:\/\/www.europesays.com\/lv\/50748\/","title":{"rendered":"Andris \u0112rglis aicina nov\u0113rt\u0113t mirkli ar jauno dziesmu &#8220;Sol\u012bjums&#8221; un gaid\u0101mo albumu &#8220;St\u0101sts&#8221;\u00a0\u2014\u00a0Lente.lv"},"content":{"rendered":"<p>M\u016bzi\u0137is Andris \u0112rglis turpina iepriecin\u0101t savus klaus\u012bt\u0101jus ar jaunumiem no sava gaid\u0101m\u0101 studijas albuma &#8220;St\u0101sts&#8221;, kas pl\u0101nots izn\u0101kt oktobra beig\u0101s. Jaun\u0101kais singls, lirisk\u0101 dziesma &#8220;Sol\u012bjums&#8221;, ir emocion\u0101ls priek\u0161v\u0113stnesis gaid\u0101majiem albuma prezent\u0101cijas koncertiem un pied\u0101v\u0101 dzi\u013ci person\u012bgu p\u0101rdomu par dz\u012bves straujo rit\u0113jumu un nemain\u012bgaj\u0101m v\u0113rt\u012bb\u0101m. \u0160is ir pirmais studijas albums p\u0113c 14 gadu p\u0101rtraukuma, un tas sola dzi\u013cu un emocion\u0101lu ce\u013cojumu klaus\u012bt\u0101ja dv\u0113sel\u0113. Album\u0101 iek\u013cautas desmit Andra \u0112rg\u013ca kompon\u0113tas dziesmas, kas rad\u012btas sadarb\u012bb\u0101 ar talant\u012bgiem tekstu autoriem, tai skait\u0101 M\u0101rti\u0146u Kanteru, Guntaru Ra\u010du un D\u0101vi Rietumu.<\/p>\n<p>Dz\u012bves strauts un m\u016b\u017e\u012bg\u0101 v\u0113rt\u012bba \u2013 m\u012blest\u012bba<\/p>\n<p>Dziesma &#8220;Sol\u012bjums&#8221; ir melanholisks un dzi\u013ci personisks ska\u0146darbs, kas aicina apst\u0101ties un nov\u0113rt\u0113t dz\u012bves pl\u016bdumu un t\u0101s v\u0113rt\u012bbas, kas laika gait\u0101 k\u013c\u016bst vissvar\u012bg\u0101k\u0101s. T\u0101 ir k\u0101 muzik\u0101ls atspulgs b\u0113rn\u012bbas sap\u0146iem un pieaugu\u0161\u0101 atzi\u0146ai, ka dz\u012bves nemit\u012bgaj\u0101 steig\u0101 galvenais ir m\u012blest\u012bba. K\u0101 nor\u0101da pats Andris \u0112rglis, dziesmas tap\u0161anas iedvesma radusies, dom\u0101jot par dz\u012bvi k\u0101 nebeidzamu, nep\u0101rtraukti kust\u012bb\u0101 eso\u0161u strautu. &#8220;Dz\u012bve ir glu\u017ei k\u0101 strauts, kur\u0161 nekad nebeidzas un ir kust\u012bb\u0101,&#8221; par dziesmas ideju st\u0101sta pats Andris \u0112rglis. \u0160o domu m\u016bzikas valod\u0101 p\u0101rv\u0113rta talant\u012bgais m\u016bzi\u0137is un tekstu autors M\u0101rti\u0146\u0161 Kanters. Vi\u0146a rad\u012btie v\u0101rdi \u012bpa\u0161i uzrun\u0101 ar savu vienk\u0101r\u0161\u012bbu un dzi\u013cumu, \u012bpa\u0161i izce\u013cot piedzied\u0101juma rindu: &#8220;Tev pieder tikai \u0161is br\u012bdis, pat nepaman\u012bsi k\u0101 main\u012bjies gads&#8221;. \u0160ie v\u0101rdi ir aicin\u0101jums apst\u0101ties, ieskat\u012bties sev\u012b un nov\u0113rt\u0113t katra mirk\u013ca noz\u012bm\u012bgumu m\u016b\u017e\u012bg\u0101s laika pl\u016bdum\u0101. Vi\u0146\u0161 piebilst, ka M\u0101rti\u0146\u0161 Kanters \u0161o melodiju ietv\u0113ris v\u0101rdos, kas uzrun\u0101 \u013coti personiski, atg\u0101dinot par b\u0113rn\u012bbas sol\u012bjumiem \u2013 m\u012bl\u0113t, priec\u0101ties un dz\u012bvot patiesi. \u0160ie v\u0101rdi ir k\u0101 aicin\u0101jums apst\u0101ties, ieskat\u012bties sev\u012b un nov\u0113rt\u0113t katra mirk\u013ca noz\u012bm\u012bgumu m\u016b\u017e\u012bg\u0101s laika pl\u016bdum\u0101.<\/p>\n<p>M\u016bzikas rad\u012b\u0161anas process un rado\u0161\u0101 komanda<\/p>\n<p>Ideja dziesmai &#8220;Sol\u012bjums&#8221; rad\u0101s no Andra \u0112rg\u013ca rad\u012bt\u0101s melodijas, kuru v\u0113l\u0101k ar saviem j\u016bt\u012bgajiem v\u0101rdiem papildin\u0101ja M\u0101rti\u0146\u0161 Kanters. Pa\u0161\u0101 dziesmas izpild\u012bjum\u0101 Andris \u0112rglis pau\u017e: &#8220;Kad rad\u012bju melodiju \u0161ai dziesmai, man\u012b k\u0101du laiku jau dz\u012bvoja domas par dz\u012bvi, t\u0101s strauju rit\u0113jumu &#8211; dz\u012bve ir glu\u017ei k\u0101 strauts, kur\u0161 nekad nebeidzas un ir kust\u012bb\u0101. M\u0101rti\u0146\u0161 melodiju iet\u0113rpa v\u0101rdos, kas uzrun\u0101 \u013coti personiski. M\u0113s visi skrienam, pl\u0101nojam, tiecamies, bet reiz\u0113m aizmirstam par sol\u012bjumiem, ko esam devu\u0161i pa\u0161i sev b\u0113rn\u012bb\u0101 &#8211; m\u012bl\u0113t, priec\u0101ties, dz\u012bvot pa \u012bstam. &#8220;Sol\u012bjums&#8221; ir k\u0101 atg\u0101din\u0101jums katram pa\u0161am apst\u0101ties un nov\u0113rt\u0113t mirkli, jo tie\u0161i no mirk\u013ciem sast\u0101v visa m\u016bsu dz\u012bve. Ceru, ka tas klaus\u012bt\u0101jos rais\u012bs gai\u0161as p\u0101rdomas.&#8221; Dziesma ir veidota liriskas popdziesmas stil\u0101, un t\u0101s p\u0101rdomas veicino\u0161o noska\u0146u studij\u0101 pal\u012bdz\u0113jis rad\u012bt producents J\u0101nis \u010cubars, savuk\u0101rt dziesmas miks\u0113\u0161anu un master\u0113\u0161anu veidojis J\u0101nis Kalve. Vi\u0146u profesion\u0101l\u0101 pieeja nodro\u0161in\u0101jusi, ka &#8220;Sol\u012bjums&#8221; organiski iek\u013causies klaus\u012bt\u0101ju atska\u0146o\u0161anas sarakstos, \u012bpa\u0161i tiem, kuriem pat\u012bk aizdom\u0101ties par dz\u012bves g\u0101jumu. Muzik\u0101li dziesma ir ietur\u0113ta liriskas popm\u016bzikas stil\u0101, radot p\u0101rdomas veicino\u0161u noska\u0146u. \u0160\u012b sadarb\u012bba apliecina \u0112rg\u013ca sp\u0113ju apvienot talant\u012bgus m\u016bzi\u0137us un profesion\u0101\u013cus, radot darbus, kas sp\u0113j aizkustin\u0101t klaus\u012bt\u0101ju sirdis.<\/p>\n<p>Albums &#8220;St\u0101sts&#8221; un gaid\u0101mie koncerti<\/p>\n<p>Singls &#8220;Sol\u012bjums&#8221; ir k\u0101 k\u0101rt\u0113jais singls, kas atkl\u0101j Andra \u0112rg\u013ca jaun\u0101 albuma &#8220;St\u0101sts&#8221; muzik\u0101l\u0101s kr\u0101sas. Albums, kura izn\u0101k\u0161ana paredz\u0113ta oktobra beig\u0101s, sol\u0101s b\u016bt emocion\u0101ls un dzi\u013c\u0161 ce\u013cojums klaus\u012bt\u0101ja dv\u0113sel\u0113. Gatavojoties albuma izn\u0101k\u0161anai, pl\u0101noti ar\u012b \u012bpa\u0161i prezent\u0101cijas koncerti, kas kalpos k\u0101 emocion\u0101ls ievads un iesp\u0113ja kl\u0101tien\u0113 izbaud\u012bt gan jaun\u0101s dziesmas, gan citas m\u0101kslinieka iem\u012b\u013cot\u0101s kompoz\u012bcijas. Pirmais t\u016bres koncerts notika Liep\u0101j\u0101 25. oktobr\u012b, un turpm\u0101kie koncerti paredz\u0113ti 30. novembr\u012b Vidzemes koncertz\u0101l\u0113 &#8220;C\u0113sis&#8221; un 2026. gada 26. mart\u0101 Kult\u016bras centr\u0101 &#8220;Ulbrokas P\u0113rle&#8221;. Bi\u013cetes uz koncertiem pieejamas vis\u0101s &#8220;Bi\u013ce\u0161u Parad\u012bzes&#8221; kas\u0113s un interneta vietn\u0113.<\/p>\n","protected":false},"excerpt":{"rendered":"M\u016bzi\u0137is Andris \u0112rglis turpina iepriecin\u0101t savus klaus\u012bt\u0101jus ar jaunumiem no sava gaid\u0101m\u0101 studijas albuma &#8220;St\u0101sts&#8221;, kas pl\u0101nots izn\u0101kt&hellip;\n","protected":false},"author":2,"featured_media":50749,"comment_status":"","ping_status":"","sticky":false,"template":"","format":"standard","meta":{"footnotes":""},"categories":[19],"tags":[1013,89,90,309,35,39,38,194,36,37,34,40,2041,2042],"class_list":{"0":"post-50748","1":"post","2":"type-post","3":"status-publish","4":"format-standard","5":"has-post-thumbnail","7":"category-izklaide","8":"tag-andris-erglis","9":"tag-entertainment","10":"tag-izklaide","11":"tag-jauns-albums","12":"tag-latvia","13":"tag-latvian","14":"tag-latviesu","15":"tag-latviesu-muzika","16":"tag-latviesu-valoda","17":"tag-latviesuvaloda","18":"tag-latvija","19":"tag-lv","20":"tag-solijums","21":"tag-stasts"},"share_on_mastodon":{"url":"https:\/\/pubeurope.com\/@lv\/115559061449685982","error":""},"_links":{"self":[{"href":"https:\/\/www.europesays.com\/lv\/wp-json\/wp\/v2\/posts\/50748","targetHints":{"allow":["GET"]}}],"collection":[{"href":"https:\/\/www.europesays.com\/lv\/wp-json\/wp\/v2\/posts"}],"about":[{"href":"https:\/\/www.europesays.com\/lv\/wp-json\/wp\/v2\/types\/post"}],"author":[{"embeddable":true,"href":"https:\/\/www.europesays.com\/lv\/wp-json\/wp\/v2\/users\/2"}],"replies":[{"embeddable":true,"href":"https:\/\/www.europesays.com\/lv\/wp-json\/wp\/v2\/comments?post=50748"}],"version-history":[{"count":0,"href":"https:\/\/www.europesays.com\/lv\/wp-json\/wp\/v2\/posts\/50748\/revisions"}],"wp:featuredmedia":[{"embeddable":true,"href":"https:\/\/www.europesays.com\/lv\/wp-json\/wp\/v2\/media\/50749"}],"wp:attachment":[{"href":"https:\/\/www.europesays.com\/lv\/wp-json\/wp\/v2\/media?parent=50748"}],"wp:term":[{"taxonomy":"category","embeddable":true,"href":"https:\/\/www.europesays.com\/lv\/wp-json\/wp\/v2\/categories?post=50748"},{"taxonomy":"post_tag","embeddable":true,"href":"https:\/\/www.europesays.com\/lv\/wp-json\/wp\/v2\/tags?post=50748"}],"curies":[{"name":"wp","href":"https:\/\/api.w.org\/{rel}","templated":true}]}}