{"id":5075,"date":"2025-09-25T21:40:09","date_gmt":"2025-09-25T21:40:09","guid":{"rendered":"https:\/\/www.europesays.com\/lv\/5075\/"},"modified":"2025-09-25T21:40:09","modified_gmt":"2025-09-25T21:40:09","slug":"tramps-velas-nodot-eiropai-atbildibu-par-kara-izbeigsanu-ukraina-norada-tusks","status":"publish","type":"post","link":"https:\/\/www.europesays.com\/lv\/5075\/","title":{"rendered":"Tramps v\u0113las nodot Eiropai atbild\u012bbu par kara izbeig\u0161anu Ukrain\u0101, nor\u0101da Tusks"},"content":{"rendered":"<p>&#8220;Prezidents Tramps teica, ka <a href=\"https:\/\/www.tvnet.lv\/term\/8497\/ukraina\" class=\"topicLink\" target=\"_blank\" rel=\"nofollow noopener\">Ukraina<\/a> ar Eiropas Savien\u012bbas atbalstu var atg\u016bt visu savu teritoriju. Aiz \u0161\u012b apbr\u012bnojam\u0101 optimisma sl\u0113pjas sol\u012bjums samazin\u0101t <a href=\"https:\/\/www.tvnet.lv\/term\/555410\/asv\" class=\"topicLink\" target=\"_blank\" rel=\"nofollow noopener\">ASV<\/a> iesaisti un nodot atbild\u012bbu par kara izbeig\u0161anu Eiropai,&#8221; vi\u0146\u0161 raksta soci\u0101laj\u0101 t\u012bkl\u0101 &#8220;X&#8221;. \u201cPaties\u012bba ir lab\u0101ka par il\u016bzij\u0101m.\u201d<\/p>\n<p>Tramps otrdien p\u0113c tiek\u0161an\u0101s ar Ukrainas prezidentu Volodimiru Zelenski pazi\u0146oja, ka Ukraina var\u0113tu atg\u016bt visu savu teritoriju no Krievijas un pat iet t\u0101l\u0101k, t\u0101d\u0113j\u0101di b\u016btiski mainot savu iepriek\u0161\u0113jo attieksmi pret Kijivas kara m\u0113r\u0137iem.<\/p>\n<p>&#8220;Es dom\u0101ju, ka Ukraina ar Eiropas Savien\u012bbas atbalstu ir sp\u0113j\u012bga c\u012bn\u012bties un atg\u016bt visu Ukrainu t\u0101s s\u0101kotn\u0113j\u0101 veidol\u0101,&#8221; Tramps rakst\u012bja sav\u0101 soci\u0101laj\u0101 t\u012bkl\u0101 &#8220;Truth Social&#8221;.<\/p>\n<p>Noraidot Krieviju k\u0101 &#8220;pap\u012bra t\u012b\u0123eri&#8221;, kas atrodas ekonomisk\u0101s gr\u016bt\u012bb\u0101s, Tramps piebilda, ka Ukraina var\u0113tu &#8220;atg\u016bt savu valsti t\u0101s s\u0101kotn\u0113j\u0101 form\u0101 un, kas zina, varb\u016bt pat iet t\u0101l\u0101k&#8221;.<\/p>\n","protected":false},"excerpt":{"rendered":"&#8220;Prezidents Tramps teica, ka Ukraina ar Eiropas Savien\u012bbas atbalstu var atg\u016bt visu savu teritoriju. Aiz \u0161\u012b apbr\u012bnojam\u0101 optimisma&hellip;\n","protected":false},"author":2,"featured_media":5076,"comment_status":"","ping_status":"","sticky":false,"template":"","format":"standard","meta":{"footnotes":""},"categories":[14],"tags":[23,57,292,28,29,542,2283,514,32,33,22,234,74,30,31,35,39,38,36,37,34,40,20,26,27,24,25,276,54,55,56,21,58],"class_list":{"0":"post-5075","1":"post","2":"type-post","3":"status-publish","4":"format-standard","5":"has-post-thumbnail","7":"category-zinas-no-arvalstim","8":"tag-aktualitates","9":"tag-arvalstim","10":"tag-asv","11":"tag-breaking-news","12":"tag-breakingnews","13":"tag-donalds-tramps","14":"tag-donalds-tusks","15":"tag-eiropas-savieniba","16":"tag-featured-news","17":"tag-featurednews","18":"tag-headlines","19":"tag-krievija","20":"tag-krievijas-iebrukums-ukraina","21":"tag-latest-news","22":"tag-latestnews","23":"tag-latvia","24":"tag-latvian","25":"tag-latviesu","26":"tag-latviesu-valoda","27":"tag-latviesuvaloda","28":"tag-latvija","29":"tag-lv","30":"tag-news","31":"tag-popularakas-zinas","32":"tag-popularakaszinas","33":"tag-top-stories","34":"tag-topstories","35":"tag-ukraina","36":"tag-world","37":"tag-world-news","38":"tag-worldnews","39":"tag-zinas","40":"tag-zinas-no-arvalstim"},"share_on_mastodon":{"url":"","error":""},"_links":{"self":[{"href":"https:\/\/www.europesays.com\/lv\/wp-json\/wp\/v2\/posts\/5075","targetHints":{"allow":["GET"]}}],"collection":[{"href":"https:\/\/www.europesays.com\/lv\/wp-json\/wp\/v2\/posts"}],"about":[{"href":"https:\/\/www.europesays.com\/lv\/wp-json\/wp\/v2\/types\/post"}],"author":[{"embeddable":true,"href":"https:\/\/www.europesays.com\/lv\/wp-json\/wp\/v2\/users\/2"}],"replies":[{"embeddable":true,"href":"https:\/\/www.europesays.com\/lv\/wp-json\/wp\/v2\/comments?post=5075"}],"version-history":[{"count":0,"href":"https:\/\/www.europesays.com\/lv\/wp-json\/wp\/v2\/posts\/5075\/revisions"}],"wp:featuredmedia":[{"embeddable":true,"href":"https:\/\/www.europesays.com\/lv\/wp-json\/wp\/v2\/media\/5076"}],"wp:attachment":[{"href":"https:\/\/www.europesays.com\/lv\/wp-json\/wp\/v2\/media?parent=5075"}],"wp:term":[{"taxonomy":"category","embeddable":true,"href":"https:\/\/www.europesays.com\/lv\/wp-json\/wp\/v2\/categories?post=5075"},{"taxonomy":"post_tag","embeddable":true,"href":"https:\/\/www.europesays.com\/lv\/wp-json\/wp\/v2\/tags?post=5075"}],"curies":[{"name":"wp","href":"https:\/\/api.w.org\/{rel}","templated":true}]}}