{"id":50753,"date":"2025-11-16T11:18:08","date_gmt":"2025-11-16T11:18:08","guid":{"rendered":"https:\/\/www.europesays.com\/lv\/50753\/"},"modified":"2025-11-16T11:18:08","modified_gmt":"2025-11-16T11:18:08","slug":"cik-daudz-latvijas-iedzivotaju-valsts-svetkus-pavada-gimenes-loka","status":"publish","type":"post","link":"https:\/\/www.europesays.com\/lv\/50753\/","title":{"rendered":"Cik daudz Latvijas iedz\u012bvot\u0101ju valsts sv\u0113tkus pavada \u0123imenes lok\u0101?"},"content":{"rendered":"<p>T\u0101pat k\u0101 valst\u012b kopum\u0101, ar\u012b re\u0123ionos sv\u0113tku svin\u0113\u0161anai priek\u0161roka tiek dota \u0123imenes lokam &#8211; Vidzem\u0113 to nor\u0101d\u012bju\u0161i 54% aptauj\u0101to, Kurzem\u0113 &#8211; 47%, R\u012bg\u0101 &#8211; 45%, Latgal\u0113 &#8211; 43% un Zemgal\u0113 &#8211; 41%.<\/p>\n<p>L\u0101pu g\u0101jienos visbie\u017e\u0101k piedal\u0101s Vidzem\u0113 un Kurzem\u0113, kam\u0113r R\u012bg\u0101 \u0161\u012b aktivit\u0101te ir zem\u0101ka. Ar\u012b milit\u0101ro par\u0101di visbie\u017e\u0101k v\u0113ro Vidzem\u0113. T\u0101 atbild\u0113ju\u0161i 22% respondentu, tad ar 19% seko Zemgale un 16% &#8211; Kurzeme.<\/p>\n<p>Savuk\u0101rt Latgal\u0113 un R\u012bg\u0101 \u0161is r\u0101d\u012bt\u0101js ir attiec\u012bgi 15% un 17%. R\u012bg\u0101 ir visaugst\u0101kais to iedz\u012bvot\u0101ju \u012bpatsvars, kuri valsts sv\u0113tku pas\u0101kumos nepiedal\u0101s visp\u0101r &#8211; 40%, kam\u0113r Vidzem\u0113 t\u0101du ir tikai 20%.<\/p>\n<p>Aptauja r\u0101da, ka 22% aptauj\u0101to iedz\u012bvot\u0101ju ir skaidroju\u0161i Br\u012bv\u012bbas pieminek\u013ca noz\u012bmi saviem un savu radu b\u0113rniem, savuk\u0101rt 28% to ir piemin\u0113ju\u0161i valsts sv\u0113tku kontekst\u0101, ta\u010du bez pla\u0161\u0101ka skaidrojuma. 39% atz\u012bst, ka par pieminek\u013ca noz\u012bmi nest\u0101sta visp\u0101r, uzskatot, ka to vajadz\u0113tu dar\u012bt k\u0101dam citam, piem\u0113ram, izgl\u012bt\u012bbas iest\u0101d\u0113m.<\/p>\n<p>Savuk\u0101rt re\u0123ionos par Br\u012bv\u012bbas pieminekli un t\u0101 noz\u012bmi visbie\u017e\u0101k jaunajai paaudzei st\u0101sta vidzemnieki un kurzemnieki, kam\u0113r Latgal\u0113 to dara tikai 18% un Zemgal\u0113 &#8211; 19%. R\u012bg\u0101 pieminek\u013ca noz\u012bmi skaidro 22%, un R\u012bg\u0101 ar\u012b ir visaugst\u0101kais r\u0101d\u012bt\u0101js &#8211; 42% cilv\u0113ku -, kuri nor\u0101da, ka tas b\u016btu j\u0101dara k\u0101dam citam, piem\u0113ram, izgl\u012bt\u012bbas iest\u0101d\u0113m.<\/p>\n<p>Aptauju oktobr\u012b veica BTA un &#8220;Norstat <a href=\"https:\/\/www.apollo.lv\/term\/555432\/latvija\" class=\"topicLink\" target=\"_blank\" rel=\"nofollow noopener\">Latvija<\/a>&#8220;, piedaloties 1013 Latvijas iedz\u012bvot\u0101jiem vecum\u0101 no 18 l\u012bdz 74 gadiem.<\/p>\n","protected":false},"excerpt":{"rendered":"T\u0101pat k\u0101 valst\u012b kopum\u0101, ar\u012b re\u0123ionos sv\u0113tku svin\u0113\u0161anai priek\u0161roka tiek dota \u0123imenes lokam &#8211; Vidzem\u0113 to nor\u0101d\u012bju\u0161i 54%&hellip;\n","protected":false},"author":2,"featured_media":50754,"comment_status":"","ping_status":"","sticky":false,"template":"","format":"standard","meta":{"footnotes":""},"categories":[5],"tags":[23,28,29,32,33,22,30,31,35,39,38,36,37,34,40,20,11266,26,27,12491,24,25,21],"class_list":{"0":"post-50753","1":"post","2":"type-post","3":"status-publish","4":"format-standard","5":"has-post-thumbnail","7":"category-aktualitates","8":"tag-aktualitates","9":"tag-breaking-news","10":"tag-breakingnews","11":"tag-featured-news","12":"tag-featurednews","13":"tag-headlines","14":"tag-latest-news","15":"tag-latestnews","16":"tag-latvia","17":"tag-latvian","18":"tag-latviesu","19":"tag-latviesu-valoda","20":"tag-latviesuvaloda","21":"tag-latvija","22":"tag-lv","23":"tag-news","24":"tag-patriotu-nedela","25":"tag-popularakas-zinas","26":"tag-popularakaszinas","27":"tag-svetki","28":"tag-top-stories","29":"tag-topstories","30":"tag-zinas"},"share_on_mastodon":{"url":"https:\/\/pubeurope.com\/@lv\/115559104701873706","error":""},"_links":{"self":[{"href":"https:\/\/www.europesays.com\/lv\/wp-json\/wp\/v2\/posts\/50753","targetHints":{"allow":["GET"]}}],"collection":[{"href":"https:\/\/www.europesays.com\/lv\/wp-json\/wp\/v2\/posts"}],"about":[{"href":"https:\/\/www.europesays.com\/lv\/wp-json\/wp\/v2\/types\/post"}],"author":[{"embeddable":true,"href":"https:\/\/www.europesays.com\/lv\/wp-json\/wp\/v2\/users\/2"}],"replies":[{"embeddable":true,"href":"https:\/\/www.europesays.com\/lv\/wp-json\/wp\/v2\/comments?post=50753"}],"version-history":[{"count":0,"href":"https:\/\/www.europesays.com\/lv\/wp-json\/wp\/v2\/posts\/50753\/revisions"}],"wp:featuredmedia":[{"embeddable":true,"href":"https:\/\/www.europesays.com\/lv\/wp-json\/wp\/v2\/media\/50754"}],"wp:attachment":[{"href":"https:\/\/www.europesays.com\/lv\/wp-json\/wp\/v2\/media?parent=50753"}],"wp:term":[{"taxonomy":"category","embeddable":true,"href":"https:\/\/www.europesays.com\/lv\/wp-json\/wp\/v2\/categories?post=50753"},{"taxonomy":"post_tag","embeddable":true,"href":"https:\/\/www.europesays.com\/lv\/wp-json\/wp\/v2\/tags?post=50753"}],"curies":[{"name":"wp","href":"https:\/\/api.w.org\/{rel}","templated":true}]}}