{"id":50755,"date":"2025-11-16T11:23:20","date_gmt":"2025-11-16T11:23:20","guid":{"rendered":"https:\/\/www.europesays.com\/lv\/50755\/"},"modified":"2025-11-16T11:23:20","modified_gmt":"2025-11-16T11:23:20","slug":"svinam-latvijas-neatkaribu-kadi-koncerti-un-vesturi-izzinosi-pasakumi-18-novembri-notiks-riga","status":"publish","type":"post","link":"https:\/\/www.europesays.com\/lv\/50755\/","title":{"rendered":"Svinam Latvijas neatkar\u012bbu! K\u0101di koncerti un v\u0113sturi izzino\u0161i pas\u0101kumi 18. novembr\u012b notiks R\u012bg\u0101"},"content":{"rendered":"<p>Svinot Latvijas Republikas proklam\u0113\u0161anas 107. gadadienu, R\u012bg\u0101 gaid\u0101mi da\u017e\u0101di sv\u0113tku pas\u0101kumi. &#8220;Delfi Kult\u016bra&#8221; pied\u0101v\u0101 izlasi ar liel\u0101kajiem koncertiem un Latvijas v\u0113sturi izzino\u0161iem pas\u0101kumiem sv\u0113tku dien\u0101. <\/p>\n<p>Lasiet ar\u012b<\/p>\n<p><a href=\"https:\/\/www.delfi.lv\/kultura\/32026447\/culturenvironment\/120095390\/foto-skel-tumsu-un-parsteidz-ridziniekus-galvaspilseta-spozi-iemirdzas-staro-riga-objekti\" class=\"headline__image-link\" itemprop=\"url\" rel=\"nofollow noopener\" target=\"_blank\"><img decoding=\"async\" loading=\"lazy\" itemprop=\"image\" src=\"https:\/\/www.europesays.com\/lv\/wp-content\/uploads\/2025\/11\/4f9e46de-b26d-4651-9d1c-aef9eec3d16e.jpg\" alt=\"Foto: \u0160\u0137e\u013c tumsu un p\u0101rsteidz r\u012bdziniekus. Galvaspils\u0113t\u0101 spo\u017ei iemirdzas &quot;Staro R\u012bga&quot; objekti\" title=\"Foto: \u0160\u0137e\u013c tumsu un p\u0101rsteidz r\u012bdziniekus. Galvaspils\u0113t\u0101 spo\u017ei iemirdzas &quot;Staro R\u012bga&quot; objekti\" class=\"headline__image img-fluid w-100\"\/><\/a>Ikgad\u0113jais koncerts Br\u012bv\u012bbas pieminek\u013ca pak\u0101j\u0113 un prezidenta uzruna <\/p>\n<p>Pulksten 19, Br\u012bv\u012bbas laukum\u0101 <\/p>\n<p><img decoding=\"async\" itemprop=\"image\" src=\"https:\/\/www.europesays.com\/lv\/wp-content\/uploads\/2025\/11\/0e161b78-5eb7-4873-9aea-df222ab3eead.jpg\" title=\"Svinam Latvijas neatkar\u012bbu! K\u0101di koncerti un v\u0113sturi izzino\u0161i pas\u0101kumi 18. novembr\u012b notiks R\u012bg\u0101 \" alt=\"Svinam Latvijas neatkar\u012bbu! K\u0101di koncerti un v\u0113sturi izzino\u0161i pas\u0101kumi 18. novembr\u012b notiks R\u012bg\u0101 \" class=\"img-fluid w-100\" data-v-a1a92103=\"\"\/>Foto: LETA<\/p>\n<p>\u0160ogad 18. novembr\u012b tiek svin\u0113ta m\u016bsu br\u012bv\u012bbas simbola \u2013 Br\u012bv\u012bbas pieminek\u013ca \u2013 devi\u0146desmit\u0101 jubileja. Piemineklis tika atkl\u0101ts 1935. gada 18. novembr\u012b, un \u0161\u012b gada svin\u012bgaj\u0101 pas\u0101kum\u0101 ikviens aicin\u0101ts nov\u0113rt\u0113t mantojumu, kas mums ir dots. <\/p>\n<p>Br\u012bv\u012bbas laukum\u0101 18. novembr\u012b pulksten 19 svin\u012bg\u0101 pas\u0101kuma sv\u0113tku koncert\u0101 &#8220;Mantojums&#8221; aicin\u0101tas piedal\u012bties \u0123imenes, t\u0101d\u0101 veid\u0101 uzsverot pa\u0161u svar\u012bg\u0101ko \u2013 mantojumu un t\u0101 nodo\u0161anu n\u0101kamaj\u0101m paaudz\u0113m.<\/p>\n<p>Uz sv\u0113tku skatuves savas m\u012b\u013c\u0101k\u0101s dziesmas dzied\u0101s: Ance Krauze ar meit\u0101m Billi, Elzu un Kati, M\u0101ris Grigalis ar d\u0113liem M\u0101rci, Kristeru un Ralfu, Juris Kaukulis ar meitu R\u016btu, Gints Gr\u0101velis ar d\u0113lu Kri\u0161u, Kaspars un Anda Zem\u012b\u0161i ar d\u0113liem K\u0101rli, M\u0101rti\u0146u un J\u0113kabu. Pavado\u0161ais sast\u0101vs pianista un komponista J\u0101\u0146a Strazda vad\u012bb\u0101.<\/p>\n<p>Pulksten 20 Latvijas Valsts prezidenta Edgara Rink\u0113vi\u010da uzruna un Latvijas Valsts himna, p\u0113c t\u0101s sekos l\u0101zeru, ska\u0146as un gaismas priek\u0161nesums ar atk\u0101rtojumiem ik stundu l\u012bdz pat pulksten 23<\/p>\n<p>Svin\u012bgais sv\u0113tku koncerts Nacion\u0101laj\u0101 te\u0101tr\u012b un tie\u0161raide LTV un LR3 &#8220;Klasika&#8221; <\/p>\n<p>Pulksten 18 Latvijas Nacion\u0101laj\u0101 te\u0101tr\u012b<\/p>\n<p><img decoding=\"async\" itemprop=\"image\" src=\"https:\/\/www.europesays.com\/lv\/wp-content\/uploads\/2025\/11\/b2451fea-97b0-4e50-8a53-5ebdce5baf24.jpg\" title=\"Svinam Latvijas neatkar\u012bbu! K\u0101di koncerti un v\u0113sturi izzino\u0161i pas\u0101kumi 18. novembr\u012b notiks R\u012bg\u0101 \" alt=\"Svinam Latvijas neatkar\u012bbu! K\u0101di koncerti un v\u0113sturi izzino\u0161i pas\u0101kumi 18. novembr\u012b notiks R\u012bg\u0101 \" class=\"img-fluid w-100\" data-v-a1a92103=\"\"\/>Foto: LETA<\/p>\n<p class=\"MsoNormal\">Par godu Latvijas proklam\u0113\u0161anas 107. gadadienai Valsts prezidenta kanceleja un VSIA &#8220;Latvijas Koncerti&#8221; r\u012bko ikgad\u0113jo sv\u0113tku koncertu. Koncert\u0101 uzst\u0101sies Latvij\u0101 paz\u012bstami un atz\u012bti m\u0101kslinieki: koris &#8220;Kam\u0113r\u2026&#8221; un diri\u0123ents <a rel=\"noopener nofollow\" target=\"_blank\" href=\"https:\/\/www.delfi.lv\/temas\/54307300\/jurgis-cabulis\" data-rel-date-range=\"[]\">Jur\u0123is C\u0101bulis<\/a>, Shipsea, Em\u012blija, &#8220;Astro\u2019n\u2019out&#8221;, &#8220;Sudden Lights&#8221;, &#8220;Instrumenti&#8221;, b\u0113rnu vok\u0101lais ansamblis &#8220;Siguldi\u0146a&#8221;. <\/p>\n<p class=\"MsoNormal\">Koncerta tie\u0161raide no Latvijas Nacion\u0101l\u0101 te\u0101tra b\u016bs skat\u0101ma Latvijas Telev\u012bzijas 1. kan\u0101l\u0101, k\u0101 ar\u012b klaus\u0101ma Latvijas Radio 3 &#8220;Klasika&#8221; tie\u0161raid\u0113.<\/p>\n<p>Koncerts &#8220;M\u016bzika Latvijai&#8221; <\/p>\n<p>Pulksten 13 un 15 &#8220;R\u012bgas J\u016bgendstila centr\u0101&#8221;<\/p>\n<p>Koncertu &#8220;M\u016bzika Latvijai&#8221; pulksten 13 un 15 var\u0113s izbaud\u012bt muzej\u0101 &#8220;R\u012bgas J\u016bgendstila centrs&#8221;, kur\u0101 piedal\u012bsies J\u0101zepa V\u012btola Latvijas M\u016bzikas akad\u0113mijas studenti. Ieeja ar der\u012bgu ieejas bi\u013ceti muzej\u0101. Oblig\u0101ta iepriek\u0161\u0113ja pieteik\u0161an\u0101s, rakstot uz e-pastu jugendstils@riga.lv vai zvanot pa t\u0101lruni +37167181465.<\/p>\n<p>Zemessardzes koris &#8220;Stars&#8221;  Valsts sv\u0113tku koncert\u0101 M\u0101mu\u013c\u0101<\/p>\n<p>Pulksten 14 R\u012bgas Latvie\u0161u biedr\u012bbas nam\u0101 <\/p>\n<p>R\u012bgas Latvie\u0161u biedr\u012bbas nama jeb M\u0101mu\u013cas Zelta z\u0101l\u0113 notiks koncerts &#8220;M\u0113s \u2013 sava laika dv\u0113seles liecinieki&#8221;, kas velt\u012bts ar\u012b dzejnieka Ausek\u013ca 175. gadsk\u0101rtai. Programm\u0101 skan\u0113s Bauma\u0146u K\u0101r\u013ca, Jurj\u0101nu Andreja, J\u0101zepa V\u012btola, Alfr\u0113da Kalni\u0146a, J\u0101\u0146a L\u016bs\u0113na un Aigara Graubas dziesmas, las\u012bjumi no J\u0101\u0146a Kalni\u0146a un M\u0101ra \u010cakl\u0101 Auseklim velt\u012btajiem tekstiem. <\/p>\n<p>Koncert\u0101 l\u012bdz\u0101s Zemessardzes korim &#8220;Stars&#8221; piedal\u012bsies ar\u012b R\u012bgas Latvie\u0161u biedr\u012bbas kori: RLB jauktais koris, kamerkoris &#8220;Austrums&#8221;, senioru koris &#8220;Erelbe&#8221; un v\u012bru koris &#8220;Latvis&#8221;, Centr\u0101l\u0101s statistikas p\u0101rvaldes jauktais koris &#8220;Medi\u0101na&#8221;, k\u0101 ar\u012b R\u012bgas Latvie\u0161u biedr\u012bbas Folkloras komisijas tautas muzikantu, dan\u010dmeistaru un m\u0101kslinieku kopiena &#8220;R\u012bgas dan\u010di&#8221;, koncertmeistare Jolanta Barinska. R\u012bgas Latvie\u0161u biedr\u012bbas biedri Anita Gr\u016bbe, Margita Poriete, Stella L\u012bp\u012bte, Normunds Dre\u0123is, Gatis Strads un J\u0101nis Briedis iejut\u012bsies st\u0101stnieku lom\u0101.<\/p>\n<p>Ieeja koncert\u0101 bez maksas.<\/p>\n<p>Koncerts &#8220;Latvijas ska\u0146u raksti&#8221;<\/p>\n<p>Pulksten 15 VEF Kult\u016bras pil\u012b<\/p>\n<p>VEF Kult\u016bras pil\u012b pulksten 15 gaid\u0101ms koncerts &#8220;Latvijas ska\u0146u raksti&#8221;, kur\u0101 muzic\u0113s Or\u0137estris &#8220;R\u012bga&#8221;, solisti M\u0101rcis Auzi\u0146\u0161 un K\u0101rlis Auzi\u0146\u0161, diri\u0123ents Valdis But\u0101ns.<\/p>\n<p>Bezmaksas iel\u016bgumi pieejami <a rel=\"noopener nofollow\" target=\"_blank\" href=\"https:\/\/www.bilesuparadize.lv\/lv\/\" data-rel-date-range=\"[]\">&#8220;Bi\u013ce\u0161u parad\u012bzes&#8221; kas\u0113s.<\/a><\/p>\n<p><img decoding=\"async\" itemprop=\"image\" src=\"https:\/\/www.europesays.com\/lv\/wp-content\/uploads\/2025\/11\/607aa20e-568f-41bf-b51c-df4c7e683db3.jpg\" title=\"Svinam Latvijas neatkar\u012bbu! K\u0101di koncerti un v\u0113sturi izzino\u0161i pas\u0101kumi 18. novembr\u012b notiks R\u012bg\u0101 \" alt=\"Svinam Latvijas neatkar\u012bbu! K\u0101di koncerti un v\u0113sturi izzino\u0161i pas\u0101kumi 18. novembr\u012b notiks R\u012bg\u0101 \" class=\"img-fluid w-100\" data-v-a1a92103=\"\"\/>Foto: Liene P\u0113tersone Koncerts &#8220;Latvie\u0161u klasika un m\u016bsdienas&#8221;<\/p>\n<p>Pulksten 15 Kult\u016bras centr\u0101 &#8220;I\u013c\u0123uciems&#8221;<\/p>\n<p>Kult\u016bras centr\u0101 &#8220;I\u013c\u0123uciems&#8221; pulksten 15 izskan\u0113s sv\u0113tku koncerts &#8220;Latvie\u0161u klasika un m\u016bsdienas&#8221;, piedaloties Latvijas Nacion\u0101l\u0101s operas solistiem Ingai \u0160\u013cubovskai-Kanc\u0113vi\u010dai un Rihardam Ma\u010danovskim.<\/p>\n<p>Bezmaksas iel\u016bgumi pieejami <a rel=\"noopener nofollow\" target=\"_blank\" href=\"https:\/\/www.bilesuparadize.lv\/lv\/\" data-rel-date-range=\"[]\">&#8220;Bi\u013ce\u0161u parad\u012bzes&#8221; kas\u0113s.<\/a><\/p>\n<p>Koncerts &#8220;Roka simfonija Latvijai&#8221;<\/p>\n<p>Pulksten 16 Kult\u016bras pil\u012b &#8220;Zieme\u013cbl\u0101zma&#8221;<\/p>\n<p>Kult\u016bras pil\u012b &#8220;Zieme\u013cbl\u0101zma&#8221; pulksten 16 gaid\u0101ms koncerts &#8220;Roka simfonija Latvijai&#8221; \u2013 ar m\u016bzi\u0137iem \u0112riku Upenieku (\u0123it\u0101ra), Gundaru Linti\u0146u (bungas), Mi\u0137eli V\u012bti (bungas), dzied\u0101t\u0101ju Juri Vizbuli, dejot\u0101ju Annu Keitu Kreic\u0161teinu. Eg\u012bla Kup\u010da gaismu partit\u016bra. Koncert\u0101 izskan\u0113s roka klasikas un m\u016bsdienu komponistu darbi.<\/p>\n<p>Bezmaksas iel\u016bgumi pieejami <a rel=\"noopener nofollow\" target=\"_blank\" href=\"https:\/\/www.bilesuparadize.lv\/lv\/\" data-rel-date-range=\"[]\">&#8220;Bi\u013ce\u0161u parad\u012bzes&#8221; kas\u0113s.<\/a><\/p>\n<p>&#8220;Tu mana zeme. Tu mana Latvija&#8221;<\/p>\n<p>Pulksten 17 &#8220;Maz\u0101 \u0123ilde&#8221;<\/p>\n<p>Kult\u016bras un tautas m\u0101kslas centr\u0101 &#8220;Maz\u0101 \u0123ilde&#8221; pulksten 17 izskan\u0113s koncerts &#8220;Tu mana zeme. Tu mana Latvija&#8221;, kur\u0101 muzic\u0113s jauktais koris &#8220;Sonore&#8221; un Kuld\u012bgas kult\u016bras centra kamerkoris &#8220;R\u0101te&#8221;. Koncertu vad\u012bs Latvijas Nacion\u0101l\u0101 te\u0101tra aktieris Egils Melb\u0101rdis, soliste Inese Kr\u016bmi\u0146a un instrument\u0101l\u0101 grupa \u2013 Raimonds Kalni\u0146\u0161 (sitaminstrumenti), R\u016bdolfs Ozols (\u0123it\u0101ra), Andris Grunte (bas\u0123it\u0101ra), pie klavier\u0113m komponists Valdis Zilveris. Koncerta m\u0101kslinieciskais vad\u012bt\u0101js Andis Groza.<\/p>\n<p>Bezmaksas iel\u016bgumi pieejami &#8220;<a rel=\"noopener nofollow\" target=\"_blank\" href=\"https:\/\/www.bilesuparadize.lv\/lv\/\" data-rel-date-range=\"[]\">Bi\u013ce\u0161u parad\u012bzes&#8221; kas\u0113s.<\/a><\/p>\n<p>Koncerts &#8220;Ugun\u012b r\u016bd\u012bts&#8221; <\/p>\n<p>Pulksten 17 koncertz\u0101l\u0113 &#8220;Ave Sol&#8221;<\/p>\n<p>Pulksten 17 koncertz\u0101l\u0113 &#8220;Ave Sol&#8221; gaid\u0101ms folkloras un seno c\u012b\u0146u kopas &#8220;Vilka\u010di&#8221; koncerts &#8220;Ugun\u012b r\u016bd\u012bts&#8221;. Koncert\u0101 skan\u0113s latvie\u0161u tautasdziesmas, kur\u0101s atspogu\u013cojas latvie\u0161u dz\u012bves ritums, karav\u012bru tikumi, t\u0113vzemes m\u012blest\u012bba un pa\u0161aizliedz\u012bga c\u012b\u0146a par br\u012bv\u012bbu.<\/p>\n<p>&#8220;Muzik\u0101lais emociju ce\u013cojums Valsts sv\u0113tkos&#8221;<\/p>\n<p class=\"MsoNormal\">Pulksten 20 Vagonu Hall\u0113<\/p>\n<p class=\"MsoNormal\">Uzst\u0101sies \u010delliste, dzied\u0101t\u0101ja, komponiste, aran\u017e\u0113t\u0101ja Erna Daugaviete, Strazdumui\u017eas kluba p\u016bt\u0113ju or\u0137estris, k\u0101 ar\u012b <a rel=\"noopener nofollow\" target=\"_blank\" href=\"https:\/\/www.delfi.lv\/temas\/40365611\/imants-daksis\" tag-id=\"40365611\">Imants Daksis<\/a> un &#8220;Pasaules Gaisma&#8221;, kas savu darb\u012bbu beidza pirms aptuveni divdesmit gadiem, koncert\u0101 atgriez\u012bsies jaun\u0101 sast\u0101v\u0101 un mazliet main\u012bt\u0101 skan\u0113jum\u0101 reanim\u0113s savulaik &#8220;Tornis records&#8221; sekot\u0101ju un jaunie\u0161u paaudzei tik \u013coti aktu\u0101lo un tuvo m\u016bziku.<\/p>\n<p class=\"MsoNormal\">Programm\u0101 iek\u013cautas latvie\u0161u un citu tautu m\u016bzikas aran\u017eijas.<\/p>\n<p class=\"MsoNormal\">Bi\u013cetes pieejamas &#8220;Ticketshop&#8221;.<\/p>\n<p>Sv\u0113tku programma Latvijas Nacion\u0101laj\u0101 v\u0113stures muzej\u0101 un Kurs\u012btes jaun\u0101 gr\u0101mata<\/p>\n<p class=\"MsoNormal\">No pulksten 11 l\u012bdz 18 <\/p>\n<p><img decoding=\"async\" itemprop=\"image\" src=\"https:\/\/www.europesays.com\/lv\/wp-content\/uploads\/2025\/11\/52b70e19-c9e7-4f4e-8325-b03cf24a2ba1.jpg\" title=\"Svinam Latvijas neatkar\u012bbu! K\u0101di koncerti un v\u0113sturi izzino\u0161i pas\u0101kumi 18. novembr\u012b notiks R\u012bg\u0101 \" alt=\"Svinam Latvijas neatkar\u012bbu! K\u0101di koncerti un v\u0113sturi izzino\u0161i pas\u0101kumi 18. novembr\u012b notiks R\u012bg\u0101 \" class=\"img-fluid w-100\" data-v-a1a92103=\"\"\/>Foto: Publicit\u0101tes foto <\/p>\n<p>Latvijas Nacion\u0101laj\u0101 v\u0113stures muzej\u0101 R\u012bgas pil\u012b 18. novembr\u012b cels god\u0101 latvie\u0161u v\u0113sturisko zemju trad\u012bcijas un v\u0113sturi. Programm\u0101 &#8220;Latvie\u0161u v\u0113sturisk\u0101s zemes: pat\u012bba un trad\u012bcijas&#8221; b\u016bs dziesmas, rota\u013cas, amatu prasmju demonstr\u0113jumi, izzino\u0161as lekcijas un izst\u0101des, k\u0101 ar\u012b Jan\u012bnas Kurs\u012btes gr\u0101matas &#8220;Latvijas kult\u016brvien\u012bbas jeb mazie novadi&#8221; atv\u0113r\u0161ana. Ieeja 18. novembr\u012b muzej\u0101 b\u016bs bez maksas.<\/p>\n<p class=\"western\">Pulksten 11 sv\u0113tku programmu atkl\u0101s LNKC direktore Signe Puj\u0101te, LNVM direktors Arnis Radi\u0146\u0161 un folkloras draugu kopa &#8220;Skandinieki&#8221; ar R\u012bgas dziesm\u0101m.<\/p>\n<p class=\"western\">No pulksten 11 l\u012bdz 18 Latvijas amatnieki vair\u0101k\u0101s viet\u0101s muzeja telp\u0101s demonstr\u0113s tradicion\u0101lo amatu prasmes un aicin\u0101s apmekl\u0113t\u0101jus p\u0101rbaud\u012bt savu roku veikl\u012bbu. B\u016bs iesp\u0113ja iepaz\u012bt un izm\u0113\u0123in\u0101t tr\u012bs Latvijas Nemateri\u0101l\u0101 kult\u016bras mantojuma sarakst\u0101 iek\u013caut\u0101s amatu prasmes: knipel\u0113\u0161anu, kas ir smalka me\u017e\u0123\u012b\u0146u darin\u0101\u0161anas tehnika, zvejas t\u012bklu darin\u0101\u0161anu un latvie\u0161u tradicion\u0101lo jostu un jostveida audumu darin\u0101\u0161anu bez stell\u0113m. Pils viesi var\u0113s izzin\u0101t ar\u012b Latvijas etnogr\u0101fisko vainagu un p\u0113r\u013cu iz\u0161uvumu trad\u012bcijas, iepaz\u012bt praktiski mezglu veidus un to sie\u0161anu, t\u0101pat pinumu darin\u0101\u0161anu ar dabas materi\u0101liem.<\/p>\n<p><img decoding=\"async\" itemprop=\"image\" src=\"https:\/\/www.europesays.com\/lv\/wp-content\/uploads\/2025\/11\/c837622f-d597-4a0a-86fd-8d45ebded0c6.jpg\" title=\"Svinam Latvijas neatkar\u012bbu! K\u0101di koncerti un v\u0113sturi izzino\u0161i pas\u0101kumi 18. novembr\u012b notiks R\u012bg\u0101 \" alt=\"Svinam Latvijas neatkar\u012bbu! K\u0101di koncerti un v\u0113sturi izzino\u0161i pas\u0101kumi 18. novembr\u012b notiks R\u012bg\u0101 \" class=\"img-fluid w-100\" data-v-a1a92103=\"\"\/>Foto: Publicit\u0101tes foto <\/p>\n<p class=\"western\">No pulksten 12 l\u012bdz13.00 pils Velvju pagrab\u0101 skan\u0113s novadu dziesmas, b\u016bs dan\u010di un rota\u013cas \u0123imen\u0113m kop\u0101 ar folkloras draugu kopu &#8220;Skandinieki&#8221;.<\/p>\n<p class=\"western\">No pulksten 11.30 l\u012bdz 13.30 otraj\u0101 st\u0101v\u0101 interesenti var\u0113s bag\u0101tin\u0101t savas zin\u0101\u0161anas par latvie\u0161u v\u0113sturisko zemju veido\u0161anos un novadu savdab\u012bbu \u010detr\u0101s lekcij\u0101s: &#8220;Dzelzs laikmeta sentautas un Latvijas kult\u016brv\u0113sturiskie novadi&#8221; (Vitolds Mui\u017enieks, Arheolo\u0123ijas departamenta p\u0113tnieks), &#8220;Robe\u017eu izmai\u0146as Latvij\u0101 gadsimtu gait\u0101&#8221; (J\u0101nis Ciglis, Arheolo\u0123ijas departamenta vad\u012bt\u0101js), &#8220;Sv\u0113tki, svin\u0113\u0161ana un svin\u0113t\u0101ji Latvijas novados gadsimtu sen\u0101s gaismas bild\u0113s&#8221; (Gunita Baumane, V\u0113stures departamenta Fotonegat\u012bvu kolekcijas galven\u0101 kr\u0101juma glab\u0101t\u0101ja) un &#8220;Latvijas novadi. Kop\u012bgais un at\u0161\u0137ir\u012bgais latvie\u0161u tradicion\u0101lajos \u0113dienos&#8221; (Sanita Zvidra, Etnogr\u0101fijas noda\u013cas vad\u012bt\u0101ja). Lekcijas b\u016bs skat\u0101mas ar\u012b tie\u0161raid\u0113 muzeja <a rel=\"noopener nofollow\" target=\"_blank\" href=\"https:\/\/facebook.com\/LNVMuzejs\" data-rel-date-range=\"[]\">&#8220;Facebook&#8221; lap\u0101.<\/a> <\/p>\n<p class=\"western\">No pulksten 14 l\u012bdz 15 pils kapel\u0101 notiks folkloras draugu kopas &#8220;Skandinieki&#8221; koncerts &#8220;L\u012bvu pasaules koks&#8221;.<\/p>\n<p class=\"western\">Pulksten 15 pl\u0101nota nodarb\u012bba \u0123imen\u0113m ar b\u0113rniem &#8220;Mana Latvija&#8221; piekt\u0101j\u0101 st\u0101v\u0101. Organizatori aicina pieteikties iepriek\u0161 pa t\u0101lr. 67221357 vai rakstot uz <a rel=\"noopener nofollow\" href=\"https:\/\/www.delfi.lv\/kultura\/32026447\/culturenvironment\/120094128\/mailto:info@lnvm.gov.lv\" target=\"_blank\">info@lnvm.gov.lv<\/a>.<\/p>\n<p>Lasiet ar\u012b<\/p>\n<p><a href=\"https:\/\/www.delfi.lv\/kultura\/32026447\/culturenvironment\/120095011\/izdota-jauna-janinas-kursites-gramata-par-latvijas-mazajiem-novadiem\" class=\"headline__image-link\" itemprop=\"url\" rel=\"nofollow noopener\" target=\"_blank\"><img decoding=\"async\" loading=\"lazy\" itemprop=\"image\" src=\"https:\/\/www.europesays.com\/lv\/wp-content\/uploads\/2025\/11\/1e454ff1-5e80-460e-8779-c08ed1fb546d.jpg\" alt=\"Izdota jauna Jan\u012bnas Kurs\u012btes gr\u0101mata par Latvijas mazajiem novadiem\" title=\"Izdota jauna Jan\u012bnas Kurs\u012btes gr\u0101mata par Latvijas mazajiem novadiem\" class=\"headline__image img-fluid w-100\"\/><\/a><\/p>\n<p class=\"western\">Pulksten 15 muzeja Konferen\u010du telp\u0101 notiks literat\u016brzin\u0101tnieces, folkloras p\u0113tnieces, Latvijas Universit\u0101tes Humanit\u0101ro zin\u0101t\u0146u fakult\u0101tes profesores Jan\u012bnas Kurs\u012btes gr\u0101matas &#8220;Latvijas kult\u016brvien\u012bbas jeb mazie novadi&#8221; (izdevniec\u012bba &#8220;Rundas&#8221;) atv\u0113r\u0161ana. Gr\u0101mat\u0101 apl\u016bkoti suiti un Suitija, Zemgales krievi\u0146i, Ludzas igau\u0146i, Abrene, Aug\u0161zeme, Kur\u0161u \u0137oni\u0146i, Kurzemes l\u012bbie\u0161i, Lei\u0161male, Lejaskurzeme, Mal\u0113nija, Piebalga, Vidzemes l\u012bbie\u0161i un vendi, dodot iesp\u0113ju ar mazo novadu fenomenu iepaz\u012bties pla\u0161am las\u012bt\u0101ju lokam. Pas\u0101kuma laik\u0101 izdevumu var\u0113s ieg\u0101d\u0101ties.<\/p>\n<p class=\"m-0\">Seko &#8220;Delfi&#8221; ar\u012b  <a target=\"_blank\" href=\"https:\/\/www.instagram.com\/delfi.lv\/\" rel=\"nofollow noopener\">Instagram<\/a>  un <a target=\"_blank\" href=\"https:\/\/www.youtube.com\/channel\/UCw5foWtcJvAbUm64rv7jwUQ\" rel=\"nofollow noopener\">YouTube<\/a>  profil\u0101 \u2013 pievienojies, lai uzzin\u0101tu svar\u012bg\u0101ko un interesant\u0101ko pirmais!<\/p>\n<p>Publik\u0101cijas saturs vai t\u0101s jebk\u0101da apjoma da\u013ca ir aizsarg\u0101ts autorties\u012bbu objekts Autorties\u012bbu likuma izpratn\u0113, un t\u0101 izmanto\u0161ana bez izdev\u0113ja at\u013caujas ir aizliegta. Vair\u0101k lasi  <a target=\"_blank\" href=\"https:\/\/www.delfi.lv\/noteikumi#autortiesibas\" rel=\"nofollow noopener\">\u0161eit<\/a><script async src=\"\/\/www.instagram.com\/embed.js\"><\/script><\/p>\n","protected":false},"excerpt":{"rendered":"Svinot Latvijas Republikas proklam\u0113\u0161anas 107. gadadienu, R\u012bg\u0101 gaid\u0101mi da\u017e\u0101di sv\u0113tku pas\u0101kumi. &#8220;Delfi Kult\u016bra&#8221; pied\u0101v\u0101 izlasi ar liel\u0101kajiem koncertiem&hellip;\n","protected":false},"author":2,"featured_media":50756,"comment_status":"","ping_status":"","sticky":false,"template":"","format":"standard","meta":{"footnotes":""},"categories":[12],"tags":[12296,5759,12643,12644,13896,23,12568,13898,13899,28,29,5536,13902,32,33,13897,22,11603,10637,9391,7608,9992,4325,13903,13901,13900,11267,30,31,35,39,38,36,37,34,40,20,26,27,24,25,21],"class_list":{"0":"post-50755","1":"post","2":"type-post","3":"status-publish","4":"format-standard","5":"has-post-thumbnail","7":"category-latvija","8":"tag-18-novembris","9":"tag-agnese-eglina","10":"tag-aigars-raumanis","11":"tag-aigars-reinis","12":"tag-aija-vitolina","13":"tag-aktualitates","14":"tag-annija-putnina","15":"tag-antra-stafecka","16":"tag-arturs-maskats","17":"tag-breaking-news","18":"tag-breakingnews","19":"tag-daumants-kalnins","20":"tag-emila-darzina-jauktais-koris","21":"tag-featured-news","22":"tag-featurednews","23":"tag-gaismas-pils","24":"tag-headlines","25":"tag-imants-daksis","26":"tag-janis-lusens","27":"tag-janis-rungis","28":"tag-jekabs-nimanis","29":"tag-jurgis-cabulis","30":"tag-karlis-lacis","31":"tag-karlis-matiss-zitmanis","32":"tag-kaspars-zemitis","33":"tag-kristaps-krievkalns","34":"tag-lacplesa-diena","35":"tag-latest-news","36":"tag-latestnews","37":"tag-latvia","38":"tag-latvian","39":"tag-latviesu","40":"tag-latviesu-valoda","41":"tag-latviesuvaloda","42":"tag-latvija","43":"tag-lv","44":"tag-news","45":"tag-popularakas-zinas","46":"tag-popularakaszinas","47":"tag-top-stories","48":"tag-topstories","49":"tag-zinas"},"share_on_mastodon":{"url":"","error":"Validation failed: Text character limit of 500 exceeded"},"_links":{"self":[{"href":"https:\/\/www.europesays.com\/lv\/wp-json\/wp\/v2\/posts\/50755","targetHints":{"allow":["GET"]}}],"collection":[{"href":"https:\/\/www.europesays.com\/lv\/wp-json\/wp\/v2\/posts"}],"about":[{"href":"https:\/\/www.europesays.com\/lv\/wp-json\/wp\/v2\/types\/post"}],"author":[{"embeddable":true,"href":"https:\/\/www.europesays.com\/lv\/wp-json\/wp\/v2\/users\/2"}],"replies":[{"embeddable":true,"href":"https:\/\/www.europesays.com\/lv\/wp-json\/wp\/v2\/comments?post=50755"}],"version-history":[{"count":0,"href":"https:\/\/www.europesays.com\/lv\/wp-json\/wp\/v2\/posts\/50755\/revisions"}],"wp:featuredmedia":[{"embeddable":true,"href":"https:\/\/www.europesays.com\/lv\/wp-json\/wp\/v2\/media\/50756"}],"wp:attachment":[{"href":"https:\/\/www.europesays.com\/lv\/wp-json\/wp\/v2\/media?parent=50755"}],"wp:term":[{"taxonomy":"category","embeddable":true,"href":"https:\/\/www.europesays.com\/lv\/wp-json\/wp\/v2\/categories?post=50755"},{"taxonomy":"post_tag","embeddable":true,"href":"https:\/\/www.europesays.com\/lv\/wp-json\/wp\/v2\/tags?post=50755"}],"curies":[{"name":"wp","href":"https:\/\/api.w.org\/{rel}","templated":true}]}}