{"id":50763,"date":"2025-11-16T11:30:21","date_gmt":"2025-11-16T11:30:21","guid":{"rendered":"https:\/\/www.europesays.com\/lv\/50763\/"},"modified":"2025-11-16T11:30:21","modified_gmt":"2025-11-16T11:30:21","slug":"si-ir-pedeja-reize-polijas-prezidents-stingri-izsakas-par-palidzibu-ukrainiem","status":"publish","type":"post","link":"https:\/\/www.europesays.com\/lv\/50763\/","title":{"rendered":"&#8220;\u0160\u012b ir p\u0113d\u0113j\u0101 reize.&#8221; Polijas prezidents stingri izsak\u0101s par pal\u012bdz\u012bbu ukrai\u0146iem"},"content":{"rendered":"<p>&#8220;Es parakst\u012bju likumu, jo nev\u0113los b\u016bt haosa prezidents, ta\u010du uzsv\u0113ru, ka parakstu \u0161o likumu, lai p\u0113d\u0113jo reizi pal\u012bdz\u0113tu ukrai\u0146iem,&#8221; prezidenta teikto cit\u0113ja port\u0101ls &#8220;Kresy.pl&#8221;.<\/p>\n<p>Prezidents paskaidroja, ka likuma s\u0101kotn\u0113j\u0101 versija paredz\u0113ja pal\u012bdz\u012bbu programmas &#8220;800+&#8221; ietvaros ukrai\u0146iem, kuri nestr\u0101d\u0101 Polij\u0101, ko vi\u0146\u0161 uzskat\u012bja par nepie\u0146emamu.<\/p>\n<p>&#8220;Tas b\u016btu negod\u012bgs l\u0113mums pret po\u013ciem,&#8221; atz\u012bm\u0113ja Navrockis, skaidrojot savu iepriek\u0161\u0113jo l\u0113mumu atteikties parakst\u012bt dokumentu.<\/p>\n<p>Vi\u0146\u0161 ar\u012b uzsv\u0113ra nepiecie\u0161am\u012bbu vienk\u0101r\u0161ot atbalsta sist\u0113mu un teica, ka &#8220;pret ukrai\u0146iem j\u0101izturas t\u0101pat k\u0101 pret jebkuru citu nacion\u0101lo minorit\u0101ti&#8221;.<\/p>\n<p>&#8220;Es atz\u012bstu, ka pret ukrai\u0146u minorit\u0101ti Polij\u0101, kas jau tr\u012bs gadus cie\u0161 no kara sek\u0101m, protams, j\u0101izturas atbild\u012bgi, bet t\u0101pat k\u0101 pret vis\u0101m p\u0101r\u0113j\u0101m nacion\u0101laj\u0101m minorit\u0101t\u0113m Polij\u0101,&#8221; piebilda prezidents.<\/p>\n","protected":false},"excerpt":{"rendered":"&#8220;Es parakst\u012bju likumu, jo nev\u0113los b\u016bt haosa prezidents, ta\u010du uzsv\u0113ru, ka parakstu \u0161o likumu, lai p\u0113d\u0113jo reizi pal\u012bdz\u0113tu&hellip;\n","protected":false},"author":2,"featured_media":50764,"comment_status":"","ping_status":"","sticky":false,"template":"","format":"standard","meta":{"footnotes":""},"categories":[5],"tags":[23,28,29,32,33,22,74,30,31,35,39,38,36,37,34,40,20,72,26,27,24,25,276,21],"class_list":{"0":"post-50763","1":"post","2":"type-post","3":"status-publish","4":"format-standard","5":"has-post-thumbnail","7":"category-aktualitates","8":"tag-aktualitates","9":"tag-breaking-news","10":"tag-breakingnews","11":"tag-featured-news","12":"tag-featurednews","13":"tag-headlines","14":"tag-krievijas-iebrukums-ukraina","15":"tag-latest-news","16":"tag-latestnews","17":"tag-latvia","18":"tag-latvian","19":"tag-latviesu","20":"tag-latviesu-valoda","21":"tag-latviesuvaloda","22":"tag-latvija","23":"tag-lv","24":"tag-news","25":"tag-polija","26":"tag-popularakas-zinas","27":"tag-popularakaszinas","28":"tag-top-stories","29":"tag-topstories","30":"tag-ukraina","31":"tag-zinas"},"share_on_mastodon":{"url":"https:\/\/pubeurope.com\/@lv\/115559151922907019","error":""},"_links":{"self":[{"href":"https:\/\/www.europesays.com\/lv\/wp-json\/wp\/v2\/posts\/50763","targetHints":{"allow":["GET"]}}],"collection":[{"href":"https:\/\/www.europesays.com\/lv\/wp-json\/wp\/v2\/posts"}],"about":[{"href":"https:\/\/www.europesays.com\/lv\/wp-json\/wp\/v2\/types\/post"}],"author":[{"embeddable":true,"href":"https:\/\/www.europesays.com\/lv\/wp-json\/wp\/v2\/users\/2"}],"replies":[{"embeddable":true,"href":"https:\/\/www.europesays.com\/lv\/wp-json\/wp\/v2\/comments?post=50763"}],"version-history":[{"count":0,"href":"https:\/\/www.europesays.com\/lv\/wp-json\/wp\/v2\/posts\/50763\/revisions"}],"wp:featuredmedia":[{"embeddable":true,"href":"https:\/\/www.europesays.com\/lv\/wp-json\/wp\/v2\/media\/50764"}],"wp:attachment":[{"href":"https:\/\/www.europesays.com\/lv\/wp-json\/wp\/v2\/media?parent=50763"}],"wp:term":[{"taxonomy":"category","embeddable":true,"href":"https:\/\/www.europesays.com\/lv\/wp-json\/wp\/v2\/categories?post=50763"},{"taxonomy":"post_tag","embeddable":true,"href":"https:\/\/www.europesays.com\/lv\/wp-json\/wp\/v2\/tags?post=50763"}],"curies":[{"name":"wp","href":"https:\/\/api.w.org\/{rel}","templated":true}]}}