{"id":50767,"date":"2025-11-16T11:33:08","date_gmt":"2025-11-16T11:33:08","guid":{"rendered":"https:\/\/www.europesays.com\/lv\/50767\/"},"modified":"2025-11-16T11:33:08","modified_gmt":"2025-11-16T11:33:08","slug":"divu-menesu-laika-milziga-interese-un-gada-gaidisanas-karts-lente-lv","status":"publish","type":"post","link":"https:\/\/www.europesays.com\/lv\/50767\/","title":{"rendered":"divu m\u0113ne\u0161u laik\u0101 milz\u012bga interese un gada gaid\u012b\u0161anas k\u0101rts\u00a0\u2014\u00a0Lente.lv"},"content":{"rendered":"<p>Xiaomi YU7 Izstum Tesla Model Y No \u0136\u012bnas Tirgus: Satrauco\u0161as Sekas P\u0113c Diviem M\u0113ne\u0161iem<\/p>\n<p>Tesla Model Y ilgu laiku bija neapstr\u012bdams elektrisko auto l\u012bderis, iekarojot ne tikai sirdis \u0136\u012bn\u0101, bet ar\u012b k\u013c\u016bstot par glob\u0101lu bestselleru. Tom\u0113r, k\u0101 tas bie\u017ei notiek tehnolo\u0123iju pasaul\u0113, l\u012bderpoz\u012bcijas ir \u012bslaic\u012bgas. Spilgt\u0101kais piem\u0113rs tam ir Xiaomi YU7 ien\u0101k\u0161ana \u0136\u012bnas tirg\u016b, kas ir izrais\u012bjis patiesu revol\u016bciju un nopietni satricin\u0101jis Tesla Model Y poz\u012bcijas.<\/p>\n<p>Xiaomi YU7 \u2013 Jaunais Izaicin\u0101t\u0101js<\/p>\n<p>Jau kop\u0161 savas prezent\u0101cijas s\u0101kum\u0101, Xiaomi nep\u0101rprotami nor\u0101d\u012bja, ka YU7 ir rad\u012bts k\u0101 tie\u0161s Tesla Model Y konkurents. Katrs YU7 parametrs un cena tika r\u016bp\u012bgi sal\u012bdzin\u0101ta ar pasaules l\u012bderi. \u0160\u012b strat\u0113\u0123ija izr\u0101d\u012bj\u0101s \u0101rk\u0101rt\u012bgi veiksm\u012bga, jo jaunais Xiaomi modelis daudzos aspektos izce\u013cas ar savu izdev\u012bgumu, \u012bpa\u0161i sal\u012bdzin\u0101jum\u0101 ar atjaunoto Model Y versiju. Xiaomi nosprauda drosm\u012bgu m\u0113r\u0137i \u2013 p\u0101rsp\u0113t Model Y p\u0101rdo\u0161anas apjomus, un, sprie\u017eot p\u0113c s\u0101kotn\u0113j\u0101s reakcijas, tas ir sasniedzams.<\/p>\n<p>Milz\u012bgais Piepras\u012bjums un Ilg\u0101s Gaid\u012b\u0161anas K\u0101rtis<\/p>\n<p>T\u016bl\u012bt p\u0113c prezent\u0101cijas YU7 uzr\u0101d\u012bja satrieco\u0161us rezult\u0101tus \u2013 vair\u0101k nek\u0101 200 000 iepriek\u0161\u0113ju pas\u016bt\u012bjumu tika sa\u0146emti vien da\u017eu min\u016b\u0161u laik\u0101. \u0160is milz\u012bgais piepras\u012bjums rad\u012bja \u012bstu satraukumu vis\u0101 kompakto elektrisko SUV segment\u0101 \u0136\u012bn\u0101. Lai gan pieg\u0101des ir s\u0101ku\u0161\u0101s tikai pirms diviem m\u0113ne\u0161iem, YU7 jau tagad akt\u012bvi izkonkur\u0113 Model Y no tirgus, ko apliecina ar\u012b apdro\u0161in\u0101\u0161anas re\u0123istr\u0101cijas dati. Ironiski, ka s\u0101kotn\u0113jais a\u017eiot\u0101\u017es nedaudz mazin\u0101j\u0101s, kad potenci\u0101lie klienti saprata, ka savu jauno auto nesa\u0146ems agr\u0101k par n\u0101kamo gadu. Xiaomi v\u0113l akt\u012bvi str\u0101d\u0101 pie ra\u017eo\u0161anas apjomu palielin\u0101\u0161anas, lai apmierin\u0101tu \u0161o milz\u012bgo interesi.<\/p>\n<p>Tesla Iztur\u0113\u0161an\u0101s Un Jauni Tirgus Dinamika<\/p>\n<p>Pa\u0161laik, kad Xiaomi YU7 pieg\u0101des sasniedz vair\u0101k nek\u0101 3000 automa\u0161\u012bnu ned\u0113\u013c\u0101, Tesla Model Y temps ir iev\u0113rojami samazin\u0101jies, atpaliekot no saviem iepriek\u0161\u0113jiem p\u012b\u0137a r\u0101d\u012bt\u0101jiem. Anal\u012bti\u0137i jau tagad s\u0101k saskat\u012bt paral\u0113les ar situ\u0101ciju, k\u0101 Xiaomi pirm\u0101 mode\u013ca, sedana SU7, ietekme uz Tesla Model 3 p\u0101rdo\u0161anu. Ilgu laiku SU7 stabili apsteidza Model 3 p\u0101rdo\u0161anas apjomos. Lai gan \u0161\u012b m\u0113ne\u0161a s\u0101kum\u0101 Tesla cer\u0113ja uz savu poz\u012bciju atg\u016b\u0161anu, situ\u0101cija \u0101tri vien atgriez\u0101s ierastaj\u0101 gultn\u0113. Re\u0123istr\u0101cijas statistika liecina, ka Tesla p\u0101rdo\u0161anas apjomi \u0136\u012bn\u0101 kop\u0161 gada s\u0101kuma ir kritu\u0161ies par 6%, kas skaidri nor\u0101da uz jaun\u0101 konkurenta rad\u012bto spiedienu.<\/p>\n<p>Secin\u0101jumi Jaunaj\u0101 Elektromobi\u013cu \u0100rk\u0101rt\u0101<\/p>\n<p>Xiaomi YU7 ien\u0101k\u0161ana tirg\u016b ir skaidrs sign\u0101ls par main\u012bgo ainavu elektrisko automa\u0161\u012bnu nozar\u0113. L\u012bderu mai\u0146a notiek strauji, un ra\u017eot\u0101jiem ir nep\u0101rtraukti j\u0101piel\u0101gojas, lai notur\u0113tos virs \u016bdens. \u0160\u012b dinamika ne tikai veicina inov\u0101cijas un uzlabo pied\u0101v\u0101jumu pat\u0113r\u0113t\u0101jiem, bet ar\u012b padara tirgu daudz aizraujo\u0161\u0101ku un neparedzam\u0101ku. Tesla, kas ilgu laiku bija etalons, tagad saskaras ar nopietnu izaicin\u0101jumu, kas, iesp\u0113jams, liks tai p\u0101rskat\u012bt savas strat\u0113\u0123ijas, lai saglab\u0101tu savu dominanci.<\/p>\n","protected":false},"excerpt":{"rendered":"Xiaomi YU7 Izstum Tesla Model Y No \u0136\u012bnas Tirgus: Satrauco\u0161as Sekas P\u0113c Diviem M\u0113ne\u0161iem Tesla Model Y ilgu&hellip;\n","protected":false},"author":2,"featured_media":50768,"comment_status":"","ping_status":"","sticky":false,"template":"","format":"standard","meta":{"footnotes":""},"categories":[16],"tags":[10788,77,76,8286,10158,35,39,38,36,37,34,40,13362,13361],"class_list":{"0":"post-50767","1":"post","2":"type-post","3":"status-publish","4":"format-standard","5":"has-post-thumbnail","7":"category-bizness","8":"tag-auto-pardosana","9":"tag-bizness","10":"tag-business","11":"tag-elektriskie-auto","12":"tag-kinas-tirgus","13":"tag-latvia","14":"tag-latvian","15":"tag-latviesu","16":"tag-latviesu-valoda","17":"tag-latviesuvaloda","18":"tag-latvija","19":"tag-lv","20":"tag-tesla-model-y","21":"tag-xiaomi-yu7"},"share_on_mastodon":{"url":"https:\/\/pubeurope.com\/@lv\/115559163741774868","error":""},"_links":{"self":[{"href":"https:\/\/www.europesays.com\/lv\/wp-json\/wp\/v2\/posts\/50767","targetHints":{"allow":["GET"]}}],"collection":[{"href":"https:\/\/www.europesays.com\/lv\/wp-json\/wp\/v2\/posts"}],"about":[{"href":"https:\/\/www.europesays.com\/lv\/wp-json\/wp\/v2\/types\/post"}],"author":[{"embeddable":true,"href":"https:\/\/www.europesays.com\/lv\/wp-json\/wp\/v2\/users\/2"}],"replies":[{"embeddable":true,"href":"https:\/\/www.europesays.com\/lv\/wp-json\/wp\/v2\/comments?post=50767"}],"version-history":[{"count":0,"href":"https:\/\/www.europesays.com\/lv\/wp-json\/wp\/v2\/posts\/50767\/revisions"}],"wp:featuredmedia":[{"embeddable":true,"href":"https:\/\/www.europesays.com\/lv\/wp-json\/wp\/v2\/media\/50768"}],"wp:attachment":[{"href":"https:\/\/www.europesays.com\/lv\/wp-json\/wp\/v2\/media?parent=50767"}],"wp:term":[{"taxonomy":"category","embeddable":true,"href":"https:\/\/www.europesays.com\/lv\/wp-json\/wp\/v2\/categories?post=50767"},{"taxonomy":"post_tag","embeddable":true,"href":"https:\/\/www.europesays.com\/lv\/wp-json\/wp\/v2\/tags?post=50767"}],"curies":[{"name":"wp","href":"https:\/\/api.w.org\/{rel}","templated":true}]}}