{"id":50769,"date":"2025-11-16T11:36:17","date_gmt":"2025-11-16T11:36:17","guid":{"rendered":"https:\/\/www.europesays.com\/lv\/50769\/"},"modified":"2025-11-16T11:36:17","modified_gmt":"2025-11-16T11:36:17","slug":"latvijas-futbolisti-noslegs-pasaules-kausa-kvalifikacijas-turniru","status":"publish","type":"post","link":"https:\/\/www.europesays.com\/lv\/50769\/","title":{"rendered":"Latvijas futbolisti nosl\u0113gs Pasaules kausa kvalifik\u0101cijas turn\u012bru"},"content":{"rendered":"<p>Latvijas v\u012brie\u0161u futbola izlase sv\u0113tdien, 16. novembr\u012b, 2026. gada Pasaules kausa kvalifik\u0101cijas turn\u012bra sp\u0113l\u0113 tiksies ar Serbijas valstsvien\u012bbu.<\/p>\n<p>K grupas ma\u010ds Dubo\u010dic\u0101 s\u0101ksies plkst. 19.00 p\u0113c Latvijas laika, tie\u0161raid\u0113 to transl\u0113jot telev\u012bzijas kan\u0101lam LTV7.<\/p>\n<p>Pirmaj\u0101s div\u0101s kvalifik\u0101cijas turn\u012bra sp\u0113l\u0113s mart\u0101 Latvija viesos ar 1:0 p\u0101rsp\u0113ja Andoru un ar 0:3 zaud\u0113ja Anglijai, j\u016bnij\u0101 sav\u0101 laukum\u0101 sp\u0113l\u0113ja 1:1 ar Alb\u0101nijas valstsvien\u012bbu, septembr\u012b ar 0:1 m\u0101j\u0101s zaud\u0113ja Serbijai un izbraukum\u0101 Alb\u0101nijai, oktobr\u012b R\u012bg\u0101 c\u012bn\u012bj\u0101s 2:2 ar Andoru un ar 0:5 piek\u0101p\u0101s Anglijai.<\/p>\n<p>Serbijas izlase turn\u012bru s\u0101ka j\u016bnij\u0101, viesos sp\u0113l\u0113jot 0:0 ar Alb\u0101niju un m\u0101j\u0101s ar 3:0 p\u0101rsp\u0113jot Andoru. Septembr\u012b m\u0101j\u0101s ar 0:5 tika zaud\u0113ts Anglijai, oktobr\u012b m\u0101j\u0101s ar 0:1 &#8211; Alb\u0101nijai, viesos ar 3:1 tika pieveikta Andora, bet ceturtdien viesos serbi ar 0:2 piek\u0101p\u0101s Anglijai.<\/p>\n<p>Lasiet ar\u012b<\/p>\n<p><a href=\"https:\/\/www.delfi.lv\/video\/56419810\/d-sektors\/120094792\/dod-man-pildspalvu-latviesu-treneris-neskatitos-uz-algu-un-piekristu-vadit-latvijas-futbola-izlasi\" class=\"headline__image-link\" itemprop=\"url\" rel=\"nofollow noopener\" target=\"_blank\"><img decoding=\"async\" loading=\"lazy\" itemprop=\"image\" src=\"https:\/\/www.europesays.com\/lv\/wp-content\/uploads\/2025\/11\/a1d72f8b-0e0e-43fa-ae7e-cce997ee3ff2.jpg\" alt=\"&quot;Dod man pildspalvu...&quot; Latvie\u0161u treneris neskat\u012btos uz algu un piekristu vad\u012bt Latvijas futbola izlasi\" title=\"&quot;Dod man pildspalvu...&quot; Latvie\u0161u treneris neskat\u012btos uz algu un piekristu vad\u012bt Latvijas futbola izlasi\" class=\"headline__image img-fluid w-100\"\/><\/a><\/p>\n<p>Kvalifik\u0101cijas K grupas l\u012bdere ar 21 punktu septi\u0146\u0101s c\u012b\u0146\u0101s ir Anglija, Alb\u0101nijai ir 14, Serbijai &#8211; desmit, Latvijas futbolistiem &#8211; pieci punkti, bet Andora asto\u0146\u0101s sp\u0113l\u0113s ir izc\u012bn\u012bjusi vienu punktu.<\/p>\n<p>Kam\u0113r p\u0101r\u0113j\u0101s \u010detras komandas ceturtdien aizvad\u012bja Pasaules kausa kvalifik\u0101cijas ma\u010dus, Latvija Skopj\u0113 p\u0101rbaudes ma\u010d\u0101 sp\u0113l\u0113ja 0:0 ar Zieme\u013cma\u0137edoniju.<\/p>\n<p>Latvijas izlase pasaules rang\u0101 \u0161obr\u012bd ir 137. viet\u0101, bet Serbija ie\u0146em 36. vietu.<\/p>\n<p>Sal\u012bdzin\u0101jum\u0101 ar oktobra nometnes izsaukumu \u0161oreiz Latvijas izlas\u0113 ir no savainojuma atlabu\u0161ais Bruno Melnis. Traumu d\u0113\u013c komandai joproj\u0101m nevar pal\u012bdz\u0113t Kristers Tobers un Roberts Uldri\u0137is, t\u0101pat vesel\u012bbas probl\u0113mas ir ar\u012b Dario \u0160itam un Ren\u0101ram Varslav\u0101nam.<\/p>\n<p>Pasaules kausa fin\u0101lturn\u012bram no Eiropas zonas kvalific\u0113sies 16 izlases &#8211; 12 grupu uzvar\u0113t\u0101jas, bet &#8220;play-off&#8221; k\u0101rt\u0101 piedal\u012bsies 12 otro vietu ieguv\u0113jas un \u010detras lab\u0101k\u0101s 2024.\/2025. gada sezonas UEFA N\u0101ciju l\u012bgas grupu uzvar\u0113t\u0101jas, kas kvalifik\u0101cijas grup\u0101s b\u016bs \u0101rpus lab\u0101ko divnieka.<\/p>\n<p>Pasaules kausa fin\u0101lturn\u012brs ar 48 komandu l\u012bdzdal\u012bbu Kan\u0101d\u0101, Meksik\u0101 un ASV norisin\u0101sies 2026. gada j\u016bnij\u0101 un j\u016blij\u0101.<\/p>\n<p>Fin\u0101lturn\u012bram jau ir kvalific\u0113ju\u0161\u0101s tr\u012bs sacens\u012bbu r\u012bkot\u0101jas, Jap\u0101na, Jaunz\u0113lande, Ir\u0101na, Argent\u012bna, Uzbekist\u0101na, Dienvidkoreja, Jord\u0101nija, Austr\u0101lija, Braz\u012blija, Ekvadora, Urugvaja, Kolumbija, Paragvaja, Maroka, Tunisija, \u0112\u0123ipte, Al\u017e\u012brija, Gana, Kaboverde, D\u0100R, Katara, Anglija, Sa\u016bda Ar\u0101bija, Kotdivu\u0101ra, Seneg\u0101la, Francija un Horv\u0101tija.<\/p>\n<p>Latvijas izlases kandid\u0101tu saraksts:<\/p>\n<p>v\u0101rtsargi &#8211; Rihards Matrevics (Pr\u0101gas &#8220;Dukla&#8221;, \u010cehija), Kri\u0161j\u0101nis Zviedris (&#8220;Riga&#8221;), Frenks D\u0101vis Orols (&#8220;Grobi\u0146a&#8221;);<\/p>\n<p>aizsargi &#8211; Daniels Balodis (Pre\u0161ovas &#8220;Tatran&#8221;, Slov\u0101kija), Andrejs Ciga\u0146iks (&#8220;Luzern&#8221;, \u0160veice), Raivis Andris Jurkovskis, Antonijs \u010cernomordijs, Maksims To\u0146i\u0161evs (visi &#8211; &#8220;Riga&#8221;), Vit\u0101lijs Jagodinskis (Pnompe\u0146as &#8220;Visakha&#8221;, Kambod\u017ea), Deniss Me\u013c\u0146iks (&#8220;Auda&#8221;), Roberts Sava\u013cnieks, Roberts Veips (abi &#8211; RFS);<\/p>\n<p>pussargi &#8211; Kristers Penkevics (&#8220;Jelgava&#8221;), Aleksejs Save\u013cjevs (&#8220;Liep\u0101ja&#8221;), L\u016bkass Vapne (&#8220;Sogndal&#8221;, Norv\u0113\u0123ija), Eduards Da\u0161\u0137evi\u010ds (&#8220;Auda&#8221;), Dmitrijs Zelenkovs (RFS), Kristaps Grabovskis (Kopenh\u0101genas B.93, D\u0101nija), Danila Patij\u010duks (&#8220;Liep\u0101ja&#8221;);<\/p>\n<p>uzbruc\u0113ji &#8211; Vladislavs Gutkovskis (Ted\u017eonas &#8220;Citizen&#8221;, Dienvidkoreja), Marko Reg\u017ea (&#8220;Riga&#8221;), J\u0101nis Ikaunieks (RFS), Ingars P\u016blis (&#8220;Tukums 2000&#8221;), Bruno Melnis (&#8220;Liep\u0101ja&#8221;).<\/p>\n<p>Serbijas izlases kandid\u0101tu saraksts:<\/p>\n<p>v\u0101rtsargi &#8211; Predrags Rajkovi\u010ds (D\u017eidas &#8220;Al-Ittihad&#8221;, Sa\u016bda Ar\u0101bija), D\u017eord\u017ee Petrovi\u010ds (&#8220;Bournemouth&#8221;, Anglija), Ve\u013cko Ili\u010ds (Lodzas &#8220;Widzew&#8221;, Polija);<\/p>\n<p>aizsargi &#8211; Og\u0146ens Mimovi\u010ds (Stambulas &#8220;Fenerbahce&#8221;, Turcija), Strahi\u0146a Pavlovi\u010ds (&#8220;AC Milan&#8221;, It\u0101lija), Nikola Milenkovi\u010ds (&#8220;Nottingham Forest&#8221;, Anglija), Milo\u0161s Ve\u013ckovi\u010ds (Belgradas &#8220;Crvena Zvezda&#8221;), Stahi\u0146a Erakovi\u010ds (Sanktp\u0113terburgas &#8220;Zenit&#8221;, Krievija), Alekss Terzi\u010ds (&#8220;Salzburg&#8221;, Austrija);<\/p>\n<p>pussargi &#8211; Marko Gruji\u010ds (At\u0113nu AEK, Grie\u0137ija), Nema\u0146a Gude\u013cs (&#8220;Sevilla&#8221;, Sp\u0101nija), Nema\u0146a Radonji\u010ds, Aleksandrs Katai (abi &#8211; Belgradas &#8220;Crvena Zvezda&#8221;), (Belgradas &#8220;Crvena Zvezda&#8221;), Sa\u0161a Luki\u010ds (Londonas &#8220;Fulham&#8221;, Anglija), Filips Kosti\u010ds (Tur\u012bnas &#8220;Juventus&#8221;, It\u0101lija), Ve\u013cko Milosav\u013cevi\u010ds (&#8220;Bournemouth&#8221;, Anglija), Ivans Ili\u010ds (&#8220;Torino&#8221;, It\u0101lija), Luka Ili\u010ds (&#8220;Oviedo&#8221;, Sp\u0101nija), Aleksandars Stankovi\u010ds (&#8220;Club Brugge&#8221;, Be\u013c\u0123ija), Lazars Samard\u017ei\u010ds (Berg\u0101mo &#8220;Atalanta&#8221;, It\u0101lija);<\/p>\n<p>uzbruc\u0113ji &#8211; Luka Jovi\u010ds (At\u0113nu AEK, Grie\u0137ija), Andrija \u017divkovi\u010ds (Saloniku PAOK, Grie\u0137ija), Du\u0161ans Vlahovi\u010ds (Tur\u012bnas &#8220;Juventus&#8221;, Grie\u0137ija).<\/p>\n<p class=\"m-0\">Seko &#8220;Delfi&#8221; ar\u012b  <a target=\"_blank\" href=\"https:\/\/www.instagram.com\/delfi.lv\/\" rel=\"nofollow noopener\">Instagram<\/a>  un <a target=\"_blank\" href=\"https:\/\/www.youtube.com\/channel\/UCw5foWtcJvAbUm64rv7jwUQ\" rel=\"nofollow noopener\">YouTube<\/a>  profil\u0101 \u2013 pievienojies, lai uzzin\u0101tu svar\u012bg\u0101ko un interesant\u0101ko pirmais!<\/p>\n<p>Publik\u0101cijas saturs vai t\u0101s jebk\u0101da apjoma da\u013ca ir aizsarg\u0101ts autorties\u012bbu objekts Autorties\u012bbu likuma izpratn\u0113, un t\u0101 izmanto\u0161ana bez izdev\u0113ja at\u013caujas ir aizliegta. Vair\u0101k lasi  <a target=\"_blank\" href=\"https:\/\/www.delfi.lv\/noteikumi#autortiesibas\" rel=\"nofollow noopener\">\u0161eit<\/a><script async src=\"\/\/www.instagram.com\/embed.js\"><\/script><\/p>\n","protected":false},"excerpt":{"rendered":"Latvijas v\u012brie\u0161u futbola izlase sv\u0113tdien, 16. novembr\u012b, 2026. gada Pasaules kausa kvalifik\u0101cijas turn\u012bra sp\u0113l\u0113 tiksies ar Serbijas valstsvien\u012bbu.&hellip;\n","protected":false},"author":2,"featured_media":50770,"comment_status":"","ping_status":"","sticky":false,"template":"","format":"standard","meta":{"footnotes":""},"categories":[5],"tags":[23,28,29,32,33,676,22,30,31,35,39,38,36,37,34,4016,40,20,4605,26,27,24,25,21],"class_list":{"0":"post-50769","1":"post","2":"type-post","3":"status-publish","4":"format-standard","5":"has-post-thumbnail","7":"category-aktualitates","8":"tag-aktualitates","9":"tag-breaking-news","10":"tag-breakingnews","11":"tag-featured-news","12":"tag-featurednews","13":"tag-futbols","14":"tag-headlines","15":"tag-latest-news","16":"tag-latestnews","17":"tag-latvia","18":"tag-latvian","19":"tag-latviesu","20":"tag-latviesu-valoda","21":"tag-latviesuvaloda","22":"tag-latvija","23":"tag-latvijas-futbola-izlase","24":"tag-lv","25":"tag-news","26":"tag-pasaules-kauss-2026","27":"tag-popularakas-zinas","28":"tag-popularakaszinas","29":"tag-top-stories","30":"tag-topstories","31":"tag-zinas"},"share_on_mastodon":{"url":"https:\/\/pubeurope.com\/@lv\/115559175545087634","error":""},"_links":{"self":[{"href":"https:\/\/www.europesays.com\/lv\/wp-json\/wp\/v2\/posts\/50769","targetHints":{"allow":["GET"]}}],"collection":[{"href":"https:\/\/www.europesays.com\/lv\/wp-json\/wp\/v2\/posts"}],"about":[{"href":"https:\/\/www.europesays.com\/lv\/wp-json\/wp\/v2\/types\/post"}],"author":[{"embeddable":true,"href":"https:\/\/www.europesays.com\/lv\/wp-json\/wp\/v2\/users\/2"}],"replies":[{"embeddable":true,"href":"https:\/\/www.europesays.com\/lv\/wp-json\/wp\/v2\/comments?post=50769"}],"version-history":[{"count":0,"href":"https:\/\/www.europesays.com\/lv\/wp-json\/wp\/v2\/posts\/50769\/revisions"}],"wp:featuredmedia":[{"embeddable":true,"href":"https:\/\/www.europesays.com\/lv\/wp-json\/wp\/v2\/media\/50770"}],"wp:attachment":[{"href":"https:\/\/www.europesays.com\/lv\/wp-json\/wp\/v2\/media?parent=50769"}],"wp:term":[{"taxonomy":"category","embeddable":true,"href":"https:\/\/www.europesays.com\/lv\/wp-json\/wp\/v2\/categories?post=50769"},{"taxonomy":"post_tag","embeddable":true,"href":"https:\/\/www.europesays.com\/lv\/wp-json\/wp\/v2\/tags?post=50769"}],"curies":[{"name":"wp","href":"https:\/\/api.w.org\/{rel}","templated":true}]}}