{"id":50773,"date":"2025-11-16T11:42:13","date_gmt":"2025-11-16T11:42:13","guid":{"rendered":"https:\/\/www.europesays.com\/lv\/50773\/"},"modified":"2025-11-16T11:42:13","modified_gmt":"2025-11-16T11:42:13","slug":"deputati-kompensacijas-septembri-sanemusi-25-738-eiro-visvairak-maslovskis-indriksone-un-klavina","status":"publish","type":"post","link":"https:\/\/www.europesays.com\/lv\/50773\/","title":{"rendered":"Deput\u0101ti kompens\u0101cij\u0101s septembr\u012b sa\u0146\u0113mu\u0161i 25 738 eiro, visvair\u0101k \u2013 Maslovskis, Indriksone un K\u013cavi\u0146a"},"content":{"rendered":"<p>Saeimas deput\u0101ti septembr\u012b kompens\u0101cij\u0101s kopum\u0101 sa\u0146\u0113mu\u0161i 25 738 eiro, visvair\u0101k kompens\u0101ciju izmantoju\u0161i Valdis Maslovskis (ZZS), Ilze Indriksone (NA) un L\u012bga K\u013cavi\u0146a (ZZS), liecina publiski pieejam\u0101 inform\u0101cija.<\/p>\n<p>Dz\u012bvok\u013cu \u012bres kompens\u0101cij\u0101m deput\u0101tiem izmaks\u0101ti kopum\u0101 15 498,20 eiro, bet transporta izdevumiem \u2013 10 240,52 eiro.<\/p>\n<p>Maslovskis kopum\u0101 kompens\u0101cij\u0101s septembr\u012b sa\u0146\u0113mis 1 018,54 eiro, Indriksone sa\u0146\u0113musi 992,31 eiro, bet K\u013cavi\u0146a 943,94 eiro. Viktorija Ple\u0161k\u0101ne (&#8220;Stabilit\u0101tei&#8221;) kompens\u0101cij\u0101s sa\u0146\u0113musi 932,73 eiro, bet Ramona Petravi\u010da (LPV) kompens\u0101cij\u0101s sa\u0146\u0113musi 919,39 eiro.<\/p>\n<p>Visliel\u0101k\u0101s \u012bres kompens\u0101cijas septembr\u012b sa\u0146\u0113mis Saeimas deput\u0101ts Uldis Augulis (ZZS) \u2013 900 eiro, Ligita Gintere (ZZS) \u2013840 eiro, k\u0101 ar\u012b L\u012bga Kozlovska (ZZS) \u2013 800 eiro.<\/p>\n<p>Savuk\u0101rt liel\u0101k\u0101s transporta izdevumu kompens\u0101cijas septembr\u012b izmaks\u0101tas deput\u0101tam Art\u016bram But\u0101nam (NA), kur\u0161 septembr\u012b sa\u0146\u0113mis 807 eiro lielu kompens\u0101ciju, Viesturam Zari\u0146am (JV), kuram izmaks\u0101ti 700 eiro, k\u0101 ar\u012b Indriksonei, kurai transporta izdevumu kompens\u0101cij\u0101 izmaks\u0101ti 656 eiro.<\/p>\n<p>Deput\u0101ti var sa\u0146emt vienotu telpu \u012bres un transporta izdevumu kompens\u0101ciju, tostarp par sabiedrisk\u0101 transporta izmanto\u0161anu. Kompens\u0101cijas &#8220;griestus&#8221; (maksim\u0101lo iesp\u0113jamo apm\u0113ru) nosaka, pamatojoties uz deput\u0101ta nor\u0101d\u012bto deklar\u0113to dz\u012bvesvietu, un Saeima kompens\u0113 tikai faktiskos izdevumus pie\u0161\u0137irt\u0101 kompens\u0101cijas limita jeb normas robe\u017e\u0101s. Ne visi deput\u0101ti izmanto iesp\u0113ju sa\u0146emt kompens\u0101cijas. Piem\u0113ram, august\u0101 no visiem 100 deput\u0101tiem 58 deput\u0101ti \u0161aj\u0101 m\u0113nes\u012b nav sa\u0146\u0113mu\u0161i nek\u0101das kompens\u0101cijas.<\/p>\n<p>Deput\u0101tu transporta un dz\u012bvojamo telpu \u012bres izdevumu kompens\u0101cijas pie\u013caujamie apm\u0113ri tiek r\u0113\u0137in\u0101ti, aizpag\u0101ju\u0161\u0101 gada vid\u0113j\u0101s darba samaksas apm\u0113ram piem\u0113rojot attiec\u012bgus koeficientus, kas noteikti likum\u0101 \u2013 Saeimas k\u0101rt\u012bbas rull\u012b.<\/p>\n<p>Parlament\u0101rie\u0161iem kompens\u0113 izdevumus, kas radu\u0161ies, realiz\u0113jot savas deput\u0101ta pilnvaras. Kompens\u0101ciju sist\u0113ma ir izveidota, lai Saeim\u0101 iev\u0113l\u0113to deput\u0101tu dz\u012bvesvieta neietekm\u0113tu vi\u0146u iesp\u0113jas veikt deput\u0101ta pien\u0101kumus. Piem\u0113ram, tie deput\u0101ti, kuri iev\u0113l\u0113ti no att\u0101l\u0101kiem novadiem, neb\u016btu nevienl\u012bdz\u012bg\u0101 situ\u0101cij\u0101, sal\u012bdzinot ar r\u012bdziniekiem.<\/p>\n<p class=\"m-0\">Seko &#8220;Delfi&#8221; ar\u012b  <a target=\"_blank\" href=\"https:\/\/www.instagram.com\/delfi.lv\/\" rel=\"nofollow noopener\">Instagram<\/a>  un <a target=\"_blank\" href=\"https:\/\/www.youtube.com\/channel\/UCw5foWtcJvAbUm64rv7jwUQ\" rel=\"nofollow noopener\">YouTube<\/a>  profil\u0101 \u2013 pievienojies, lai uzzin\u0101tu svar\u012bg\u0101ko un interesant\u0101ko pirmais!<\/p>\n<p>Publik\u0101cijas saturs vai t\u0101s jebk\u0101da apjoma da\u013ca ir aizsarg\u0101ts autorties\u012bbu objekts Autorties\u012bbu likuma izpratn\u0113, un t\u0101 izmanto\u0161ana bez izdev\u0113ja at\u013caujas ir aizliegta. Vair\u0101k lasi  <a target=\"_blank\" href=\"https:\/\/www.delfi.lv\/noteikumi#autortiesibas\" rel=\"nofollow noopener\">\u0161eit<\/a><script async src=\"\/\/www.instagram.com\/embed.js\"><\/script><\/p>\n","protected":false},"excerpt":{"rendered":"Saeimas deput\u0101ti septembr\u012b kompens\u0101cij\u0101s kopum\u0101 sa\u0146\u0113mu\u0161i 25 738 eiro, visvair\u0101k kompens\u0101ciju izmantoju\u0161i Valdis Maslovskis (ZZS), Ilze Indriksone (NA)&hellip;\n","protected":false},"author":2,"featured_media":50774,"comment_status":"","ping_status":"","sticky":false,"template":"","format":"standard","meta":{"footnotes":""},"categories":[5],"tags":[23,28,29,32,33,22,8980,30,31,35,39,38,36,37,34,40,20,26,27,8399,24,25,4452,21],"class_list":{"0":"post-50773","1":"post","2":"type-post","3":"status-publish","4":"format-standard","5":"has-post-thumbnail","7":"category-aktualitates","8":"tag-aktualitates","9":"tag-breaking-news","10":"tag-breakingnews","11":"tag-featured-news","12":"tag-featurednews","13":"tag-headlines","14":"tag-ilze-indriksone","15":"tag-latest-news","16":"tag-latestnews","17":"tag-latvia","18":"tag-latvian","19":"tag-latviesu","20":"tag-latviesu-valoda","21":"tag-latviesuvaloda","22":"tag-latvija","23":"tag-lv","24":"tag-news","25":"tag-popularakas-zinas","26":"tag-popularakaszinas","27":"tag-ramona-petravica","28":"tag-top-stories","29":"tag-topstories","30":"tag-uldis-augulis","31":"tag-zinas"},"share_on_mastodon":{"url":"https:\/\/pubeurope.com\/@lv\/115559199045796906","error":""},"_links":{"self":[{"href":"https:\/\/www.europesays.com\/lv\/wp-json\/wp\/v2\/posts\/50773","targetHints":{"allow":["GET"]}}],"collection":[{"href":"https:\/\/www.europesays.com\/lv\/wp-json\/wp\/v2\/posts"}],"about":[{"href":"https:\/\/www.europesays.com\/lv\/wp-json\/wp\/v2\/types\/post"}],"author":[{"embeddable":true,"href":"https:\/\/www.europesays.com\/lv\/wp-json\/wp\/v2\/users\/2"}],"replies":[{"embeddable":true,"href":"https:\/\/www.europesays.com\/lv\/wp-json\/wp\/v2\/comments?post=50773"}],"version-history":[{"count":0,"href":"https:\/\/www.europesays.com\/lv\/wp-json\/wp\/v2\/posts\/50773\/revisions"}],"wp:featuredmedia":[{"embeddable":true,"href":"https:\/\/www.europesays.com\/lv\/wp-json\/wp\/v2\/media\/50774"}],"wp:attachment":[{"href":"https:\/\/www.europesays.com\/lv\/wp-json\/wp\/v2\/media?parent=50773"}],"wp:term":[{"taxonomy":"category","embeddable":true,"href":"https:\/\/www.europesays.com\/lv\/wp-json\/wp\/v2\/categories?post=50773"},{"taxonomy":"post_tag","embeddable":true,"href":"https:\/\/www.europesays.com\/lv\/wp-json\/wp\/v2\/tags?post=50773"}],"curies":[{"name":"wp","href":"https:\/\/api.w.org\/{rel}","templated":true}]}}