{"id":50799,"date":"2025-11-16T12:30:09","date_gmt":"2025-11-16T12:30:09","guid":{"rendered":"https:\/\/www.europesays.com\/lv\/50799\/"},"modified":"2025-11-16T12:30:09","modified_gmt":"2025-11-16T12:30:09","slug":"valmieras-teatris-viesosies-riga-ar-koncertizradi-jauniesiem-es-ari-te-kas-man-ir-jadara-lente-lv-2","status":"publish","type":"post","link":"https:\/\/www.europesays.com\/lv\/50799\/","title":{"rendered":"Valmieras te\u0101tris viesosies R\u012bg\u0101 ar koncertizr\u0101di jaunie\u0161iem &#8220;Es ar\u012b te, kas man ir j\u0101dara&#8221;\u00a0\u2014\u00a0Lente.lv"},"content":{"rendered":"<p>Valmieras te\u0101tris R\u012bg\u0101 ar jaunie\u0161iem iem\u012b\u013coto koncertizr\u0101di<\/p>\n<p>Valmieras te\u0101tris pied\u0101v\u0101 unik\u0101lu iesp\u0113ju R\u012bgas jaunie\u0161iem un visiem interesentiem izbaud\u012bt aizraujo\u0161u koncertizr\u0101di &#8220;Es ar\u012b te, kas man ir j\u0101dara&#8221;. \u0160is iestud\u0113jums, kas ir iekarojis daudzu jaunie\u0161u sirdis, notiks R\u012bg\u0101, Tabakas fabrik\u0101, 11. un 12. decembr\u012b. Izr\u0101de sola dzi\u013ci aizkustin\u0101t un likt aizdom\u0101ties, p\u0113tot jaunie\u0161u sare\u017e\u0123\u012bto emociju pasauli caur m\u016bzikas un kust\u012bbas valodu.<\/p>\n<p>Par izr\u0101di: Emociju virpulis un paties\u012bbas mekl\u0113jumi<\/p>\n<p>Koncertizr\u0101de &#8220;Es ar\u012b te, kas man ir j\u0101dara&#8221; ieved skat\u012bt\u0101jus piecu jaunie\u0161u muzik\u0101las apvien\u012bbas dz\u012bv\u0113. \u0160\u012b vieta ir k\u013cuvusi par dro\u0161u patv\u0113rumu, kur\u0101 iesp\u0113jams b\u016bt patiesiem un izteikt pat tos j\u016btas, kas ikdien\u0101 paliek apspiestas. \u0160\u0137ietami vienk\u0101r\u0161ais st\u0101sts par pirmo koncertu, kas draud nenotikt, atkl\u0101j dzi\u013c\u0101kus sl\u0101\u0146us \u2013 paniku, v\u0113lmi p\u0113c atsl\u0101bin\u0101\u0161an\u0101s, satraukumu, aizmir\u0161anu un pat fizisku izsalkumu. Izr\u0101de izvirza svar\u012bgu jaut\u0101jumu: k\u0101 sp\u0113t atbalst\u012bt citus, kad pa\u0161am visvair\u0101k nepiecie\u0161ams atbalsts?<\/p>\n<p>Muzik\u0101li teatr\u0101l\u0101 forma \u013cauj jaunie\u0161iem mekl\u0113t atbildes uz sare\u017e\u0123\u012btu eksistenci\u0101lu jaut\u0101jumu \u2013 k\u0101 dz\u012bvot nedaudz viegl\u0101k? \u0160\u012b izr\u0101de ir k\u0101 emocion\u0101ls ce\u013cojums, kas caur dinamisku m\u016bziku un izkust\u012bgiem priek\u0161nesumiem iedz\u012bvina jaunie\u0161u emociju gammu \u2013 s\u0101kot no apjukuma un bail\u0113m l\u012bdz pat br\u012bv\u012bbai un dz\u012bvespriekam. Tas ir spogulis, kur\u0101 daudzi jaunie\u0161i var\u0113s saskat\u012bt sevi un savas p\u0101rdz\u012bvot\u0101s saj\u016btas.<\/p>\n<p>Talant\u012bg\u0101 rado\u0161\u0101 komanda un atzin\u012bba<\/p>\n<p>Iestud\u0113juma re\u017eisore ir End\u012bne B\u0113rzi\u0146a, l\u012bdzre\u017eisore \u2013 Sab\u012bne Alise Ozoli\u0146a, scenogr\u0101fe \u2013 Ieva Stal\u0161ene, bet izpildproducente \u2013 Anna Ulberte. Lom\u0101s iej\u016btas talant\u012bgie aktieri: Inese Pud\u017ea, Sab\u012bne Alise Ozoli\u0146a, End\u012bne B\u0113rzi\u0146a, Hugo Puri\u0146\u0161 (vai Kristaps Ozols), K\u0101rlis Artejevs (vai Tomass Ralfs \u0100bolkalns). \u0160is darbs, kas radies Valmieras vasaras te\u0101tra festiv\u0101la ietvaros, ir guvis iev\u0113rojamu atzin\u012bbu, tiekot nomin\u0113ts &#8220;Sp\u0113lma\u0146u nakts&#8221; balvai div\u0101s kategorij\u0101s 2023.\/2024. gad\u0101. Tas apliecina izr\u0101des augsto m\u0101ksliniecisko v\u0113rt\u012bbu un sp\u0113ju uzrun\u0101t da\u017e\u0101das auditorijas.<\/p>\n<p>Praktiska inform\u0101cija apmekl\u0113t\u0101jiem<\/p>\n<p>Koncertizr\u0101de &#8220;Es ar\u012b te, kas man ir j\u0101dara&#8221; R\u012bg\u0101, Tabakas fabrik\u0101, norisin\u0101sies 11. un 12. decembr\u012b. T\u0101 ir \u012bpa\u0161i piem\u0113rota jaunie\u0161iem no 14 gadu vecuma, pied\u0101v\u0101jot gan emocion\u0101lu, gan intelektu\u0101lu baud\u012bjumu. Lai nodro\u0161in\u0101tu, ka jaunie\u0161i var izbaud\u012bt \u0161o notikumu, bi\u013cetes ir pieejamas &#8220;Bi\u013ce\u0161u parad\u012bzes&#8221; kas\u0113s un tie\u0161saist\u0113. Interesenti tiek aicin\u0101ti ieg\u0101d\u0101ties bi\u013cetes laic\u012bgi, jo t\u0101s izr\u0101des ir popul\u0101ras un var izbeigties. Tabakas fabrika, kas atrodas Miera iel\u0101 58A R\u012bg\u0101, pied\u0101v\u0101 \u0113rtu un m\u016bsdien\u012bgu telpu pas\u0101kumu norisei, nodro\u0161inot 300 skat\u012bt\u0101ju vietas un pat\u012bkamu atmosf\u0113ru gan z\u0101l\u0113, gan foaj\u0113 ar kafejn\u012bcu.<\/p>\n","protected":false},"excerpt":{"rendered":"Valmieras te\u0101tris R\u012bg\u0101 ar jaunie\u0161iem iem\u012b\u013coto koncertizr\u0101di Valmieras te\u0101tris pied\u0101v\u0101 unik\u0101lu iesp\u0113ju R\u012bgas jaunie\u0161iem un visiem interesentiem izbaud\u012bt&hellip;\n","protected":false},"author":2,"featured_media":50800,"comment_status":"","ping_status":"","sticky":false,"template":"","format":"standard","meta":{"footnotes":""},"categories":[5],"tags":[23,28,29,32,33,22,13913,13912,30,31,35,39,38,36,37,34,40,20,26,27,172,6317,24,25,3347,21],"class_list":{"0":"post-50799","1":"post","2":"type-post","3":"status-publish","4":"format-standard","5":"has-post-thumbnail","7":"category-aktualitates","8":"tag-aktualitates","9":"tag-breaking-news","10":"tag-breakingnews","11":"tag-featured-news","12":"tag-featurednews","13":"tag-headlines","14":"tag-jauniesiem","15":"tag-koncertizrade","16":"tag-latest-news","17":"tag-latestnews","18":"tag-latvia","19":"tag-latvian","20":"tag-latviesu","21":"tag-latviesu-valoda","22":"tag-latviesuvaloda","23":"tag-latvija","24":"tag-lv","25":"tag-news","26":"tag-popularakas-zinas","27":"tag-popularakaszinas","28":"tag-riga","29":"tag-tabakas-fabrika","30":"tag-top-stories","31":"tag-topstories","32":"tag-valmieras-teatris","33":"tag-zinas"},"share_on_mastodon":{"url":"https:\/\/pubeurope.com\/@lv\/115559387881437203","error":""},"_links":{"self":[{"href":"https:\/\/www.europesays.com\/lv\/wp-json\/wp\/v2\/posts\/50799","targetHints":{"allow":["GET"]}}],"collection":[{"href":"https:\/\/www.europesays.com\/lv\/wp-json\/wp\/v2\/posts"}],"about":[{"href":"https:\/\/www.europesays.com\/lv\/wp-json\/wp\/v2\/types\/post"}],"author":[{"embeddable":true,"href":"https:\/\/www.europesays.com\/lv\/wp-json\/wp\/v2\/users\/2"}],"replies":[{"embeddable":true,"href":"https:\/\/www.europesays.com\/lv\/wp-json\/wp\/v2\/comments?post=50799"}],"version-history":[{"count":0,"href":"https:\/\/www.europesays.com\/lv\/wp-json\/wp\/v2\/posts\/50799\/revisions"}],"wp:featuredmedia":[{"embeddable":true,"href":"https:\/\/www.europesays.com\/lv\/wp-json\/wp\/v2\/media\/50800"}],"wp:attachment":[{"href":"https:\/\/www.europesays.com\/lv\/wp-json\/wp\/v2\/media?parent=50799"}],"wp:term":[{"taxonomy":"category","embeddable":true,"href":"https:\/\/www.europesays.com\/lv\/wp-json\/wp\/v2\/categories?post=50799"},{"taxonomy":"post_tag","embeddable":true,"href":"https:\/\/www.europesays.com\/lv\/wp-json\/wp\/v2\/tags?post=50799"}],"curies":[{"name":"wp","href":"https:\/\/api.w.org\/{rel}","templated":true}]}}