{"id":50807,"date":"2025-11-16T12:36:19","date_gmt":"2025-11-16T12:36:19","guid":{"rendered":"https:\/\/www.europesays.com\/lv\/50807\/"},"modified":"2025-11-16T12:36:19","modified_gmt":"2025-11-16T12:36:19","slug":"dzives-gudriba-un-atvertas-sirds-durvis-lente-lv","status":"publish","type":"post","link":"https:\/\/www.europesays.com\/lv\/50807\/","title":{"rendered":"dz\u012bves gudr\u012bba un atv\u0113rtas sirds durvis\u00a0\u2014\u00a0Lente.lv"},"content":{"rendered":"<p>Aiovas Tomsons: dz\u012bves pieredzes atkl\u0101tie v\u0113st\u012bjumi<\/p>\n<p>Latvijas Radio simtgades svin\u012bbu gad\u0101, kad tiek godin\u0101ts sabiedriskais medijs un t\u0101 ilggad\u0113j\u0101 darb\u012bba, atskat\u012bties uz noz\u012bm\u012bgiem cilv\u0113kiem, kas veidoju\u0161i un bag\u0101tin\u0101ju\u0161i Latvijas mediju ainavu, ir \u012bpa\u0161i svar\u012bgi. \u017durn\u0101lists Aidis Tomsons, kura dz\u012bves un profesion\u0101l\u0101 ce\u013ca atzi\u0146as joproj\u0101m iedvesmo, ir viens no tiem, kas ar savu darbu un person\u012bbu atst\u0101jis dzi\u013cu, palieko\u0161u iespaidu.<\/p>\n<p>\u017durn\u0101listikas pasaul\u0113 Aidis Tomsons paz\u012bstams ne tikai k\u0101 profesion\u0101lis, bet ar\u012b k\u0101 cilv\u0113ks ar pla\u0161u sirdi un dv\u0113seli. Vi\u0146a pieeja darbam vienm\u0113r bijusi caurstr\u0101vota ar dzi\u013cu interesi par cilv\u0113kiem, vi\u0146u st\u0101stiem un dz\u012bves l\u012bklo\u010diem. \u0160\u012b sp\u0113ja saskat\u012bt un izcelt individu\u0101los likte\u0146us ir veidojusi vi\u0146a karjeru un padar\u012bjusi vi\u0146a darbus par v\u0113rt\u012bgu liec\u012bbu Latvijas sabiedr\u012bbas v\u0113stur\u0113.<\/p>\n<p>Atv\u0113rtas durvis uz cilv\u0113ku pasauli<\/p>\n<p>Tomsons sav\u0101 darb\u0101 vienm\u0113r uzsv\u0113ris cilv\u0113cisk\u0101s v\u0113rt\u012bbas un attiec\u012bbu noz\u012bmi. Vi\u0146\u0161 tic\u0113ja, ka ikviena cilv\u0113ka dz\u012bvesst\u0101sts ir unik\u0101ls un pelna uzman\u012bbu. Vi\u0146a moto, ka &#8220;m\u0101jas un sirds durvis alla\u017e atv\u0113rtas&#8221;, nav tikai skaisti v\u0101rdi, bet gan dz\u012bves filozofija, kas atspogu\u013cojas gan vi\u0146a person\u012bgaj\u0101 dz\u012bv\u0113, gan profesion\u0101laj\u0101 darb\u012bb\u0101. \u0160\u012b atv\u0113rt\u012bba \u013c\u0101va vi\u0146am ieg\u016bt cilv\u0113ku uztic\u012bbu un atkl\u0101t st\u0101stus, kas citk\u0101rt paliktu apsl\u0113pti.<\/p>\n<p>\u0160\u012b pieeja ir \u012bpa\u0161i v\u0113rt\u012bga m\u016bsdienu pasaul\u0113, kur\u0101 bie\u017ei vien valda steiga un virspus\u012bba. Tomsons atg\u0101din\u0101ja, cik svar\u012bgi ir apst\u0101ties, ieklaus\u012bties un patiesi iepaz\u012bt otru cilv\u0113ku. Vi\u0146a \u017eurn\u0101listikas darbi ir k\u0101 tilti starp da\u017e\u0101d\u0101m pasaul\u0113m, \u013caujot las\u012bt\u0101jiem un klaus\u012bt\u0101jiem lab\u0101k izprast sabiedr\u012bbu un t\u0101s daudzveid\u012bbu.<\/p>\n<p>Profesion\u0101lais mantojums un iedvesma<\/p>\n<p>Aidis Tomsons savas karjeras laik\u0101 ir devis iev\u0113rojamu ieguld\u012bjumu Latvijas \u017eurn\u0101listik\u0101. Vi\u0146a sp\u0113ja veidot dzi\u013cas un saturiskas intervijas, k\u0101 ar\u012b prasme atspogu\u013cot svar\u012bgus sabiedr\u012bbas procesus, ir kalpojusi k\u0101 paraugs daudziem jaunajiem \u017eurn\u0101listiem. Vi\u0146a darbi apliecina, ka patiesa \u017eurn\u0101listika nav tikai faktu atspogu\u013co\u0161ana, bet ar\u012b sp\u0113ja rad\u012bt emocion\u0101lu un intelektu\u0101lu saikni ar auditoriju.<\/p>\n<p>\u0160odien, kad Latvijas Radio atz\u012bm\u0113 savu simtgadi, ir piem\u0113rots br\u012bdis piemin\u0113t Aidi Tomsonu un vi\u0146a ieguld\u012bjumu. Vi\u0146a atzi\u0146as par dz\u012bvi, darbu un cilv\u0113ku attiec\u012bb\u0101m joproj\u0101m ir aktu\u0101las un sp\u0113j iedvesmot. Vi\u0146a piem\u0113rs r\u0101da, ka ar atv\u0113rt\u012bbu, emp\u0101tiju un profesion\u0101lu degsmi ir iesp\u0113jams veidot darbus, kas ne tikai inform\u0113, bet ar\u012b bag\u0101tina cilv\u0113ku dz\u012bves.<\/p>\n<p>Atzi\u0146as dz\u012bvei un darbam<\/p>\n<p>Tomsona dz\u012bves gudr\u012bba bie\u017ei izpaud\u0101s vienk\u0101r\u0161\u0101s, bet dzi\u013c\u0101s atzi\u0146\u0101s. Vi\u0146\u0161 uzsv\u0113ra, ka svar\u012bg\u0101kais ir nevis materi\u0101l\u0101s v\u0113rt\u012bbas, bet gan cilv\u0113cisk\u0101s attiec\u012bbas un sp\u0113ja pal\u012bdz\u0113t citiem. \u0160\u012b filozofija ir k\u0101 v\u0113rt\u012bga d\u0101vana, ko vi\u0146\u0161 atst\u0101jis mums visiem.<\/p>\n<p>Vi\u0146a pieredze un st\u0101sti ir k\u0101 ce\u013cvedis, kas pal\u012bdz orient\u0113ties dz\u012bves sare\u017e\u0123\u012btajos labirintos. Vi\u0146\u0161 m\u0101c\u012bja, ka ikviens izaicin\u0101jums ir ar\u012b iesp\u0113ja augt un att\u012bst\u012bties. \u0160\u0101da pozit\u012bva un konstrukt\u012bva pieeja dz\u012bvei ir tas, kas joproj\u0101m sp\u0113j uzrun\u0101t un iedvesmot cilv\u0113kus.<\/p>\n<p>\u017durn\u0101listikas sp\u0113ks un mediju kult\u016bra<\/p>\n<p>Latvijas Radio simtgade ir ne tikai atskats pag\u0101tn\u0113, bet ar\u012b skat\u012bjums n\u0101kotn\u0113. Tas apliecina Latvijas mediju kult\u016bras sp\u0113ku un sp\u0113ju piel\u0101goties laikam. Sabiedrisk\u0101 medija att\u012bst\u012bba, papla\u0161inoties l\u012bdz se\u0161iem radio kan\u0101liem, ir skaidrs apliecin\u0101jums tam, ka kvalitat\u012bvs saturs un uzticama inform\u0101cija joproj\u0101m ir piepras\u012bta. \u0160aj\u0101 kontekst\u0101 Aidis Tomsons un vi\u0146a profesion\u0101lais mantojums ir neatsverama da\u013ca no \u0161\u012bs bag\u0101t\u0101s mediju v\u0113stures.<\/p>\n<p>Vi\u0146a atv\u0113rt\u012bba un sp\u0113ja veidot dialogu ar cilv\u0113kiem ir v\u0113rt\u012bba, kas joproj\u0101m ir b\u016btiska mediju darb\u012bb\u0101. T\u0101 ir pamudin\u0101jums turpin\u0101t mekl\u0113t un st\u0101st\u012bt st\u0101stus, kas pal\u012bdz mums lab\u0101k izprast sevi un pasauli ap mums.<\/p>\n","protected":false},"excerpt":{"rendered":"Aiovas Tomsons: dz\u012bves pieredzes atkl\u0101tie v\u0113st\u012bjumi Latvijas Radio simtgades svin\u012bbu gad\u0101, kad tiek godin\u0101ts sabiedriskais medijs un t\u0101&hellip;\n","protected":false},"author":2,"featured_media":50808,"comment_status":"","ping_status":"","sticky":false,"template":"","format":"standard","meta":{"footnotes":""},"categories":[5],"tags":[13915,23,28,29,13917,32,33,22,30,31,35,39,38,36,37,34,8574,40,13918,20,26,27,24,25,21,13916],"class_list":{"0":"post-50807","1":"post","2":"type-post","3":"status-publish","4":"format-standard","5":"has-post-thumbnail","7":"category-aktualitates","8":"tag-aidis-tomsons","9":"tag-aktualitates","10":"tag-breaking-news","11":"tag-breakingnews","12":"tag-dzives-atzinas","13":"tag-featured-news","14":"tag-featurednews","15":"tag-headlines","16":"tag-latest-news","17":"tag-latestnews","18":"tag-latvia","19":"tag-latvian","20":"tag-latviesu","21":"tag-latviesu-valoda","22":"tag-latviesuvaloda","23":"tag-latvija","24":"tag-latvijas-radio","25":"tag-lv","26":"tag-mediju-kultura","27":"tag-news","28":"tag-popularakas-zinas","29":"tag-popularakaszinas","30":"tag-top-stories","31":"tag-topstories","32":"tag-zinas","33":"tag-zurnalistika"},"share_on_mastodon":{"url":"https:\/\/pubeurope.com\/@lv\/115559411441587569","error":""},"_links":{"self":[{"href":"https:\/\/www.europesays.com\/lv\/wp-json\/wp\/v2\/posts\/50807","targetHints":{"allow":["GET"]}}],"collection":[{"href":"https:\/\/www.europesays.com\/lv\/wp-json\/wp\/v2\/posts"}],"about":[{"href":"https:\/\/www.europesays.com\/lv\/wp-json\/wp\/v2\/types\/post"}],"author":[{"embeddable":true,"href":"https:\/\/www.europesays.com\/lv\/wp-json\/wp\/v2\/users\/2"}],"replies":[{"embeddable":true,"href":"https:\/\/www.europesays.com\/lv\/wp-json\/wp\/v2\/comments?post=50807"}],"version-history":[{"count":0,"href":"https:\/\/www.europesays.com\/lv\/wp-json\/wp\/v2\/posts\/50807\/revisions"}],"wp:featuredmedia":[{"embeddable":true,"href":"https:\/\/www.europesays.com\/lv\/wp-json\/wp\/v2\/media\/50808"}],"wp:attachment":[{"href":"https:\/\/www.europesays.com\/lv\/wp-json\/wp\/v2\/media?parent=50807"}],"wp:term":[{"taxonomy":"category","embeddable":true,"href":"https:\/\/www.europesays.com\/lv\/wp-json\/wp\/v2\/categories?post=50807"},{"taxonomy":"post_tag","embeddable":true,"href":"https:\/\/www.europesays.com\/lv\/wp-json\/wp\/v2\/tags?post=50807"}],"curies":[{"name":"wp","href":"https:\/\/api.w.org\/{rel}","templated":true}]}}