{"id":50821,"date":"2025-11-16T12:53:10","date_gmt":"2025-11-16T12:53:10","guid":{"rendered":"https:\/\/www.europesays.com\/lv\/50821\/"},"modified":"2025-11-16T12:53:10","modified_gmt":"2025-11-16T12:53:10","slug":"ropazu-novada-upesciema-plano-buvet-ziemas-autotrasi","status":"publish","type":"post","link":"https:\/\/www.europesays.com\/lv\/50821\/","title":{"rendered":"Ropa\u017eu novada Upesciem\u0101 pl\u0101no b\u016bv\u0113t ziemas autotrasi"},"content":{"rendered":"<p>Ropa\u017eu novada pa\u0161vald\u012bb\u0101 iesniegta b\u016bvniec\u012bbas iecere par ziemas autotrases b\u016bvniec\u012bbu Upesciem\u0101 eso\u0161ajos zemesgabalos Rendas un Lauces, liecina pa\u0161vald\u012bbas m\u0101jaslap\u0101 public\u0113t\u0101 inform\u0101cija.<\/p>\n<p>B\u016bvniec\u012bbas iecere paredz izb\u016bv\u0113t sezon\u0101lo ziemas autotrasi, no\u0146emot augu zemes virsk\u0101rtu, aptuveni 20 centimetrus, viet\u0101, kur paredz\u0113ta trase, k\u0101 ar\u012b izl\u012bdzinot lieko zemi pa teritoriju. Par trases segumu kalpos eso\u0161ais grunts segums.<\/p>\n<p>Autotrasi pl\u0101nots izmantot tikai ziemas laik\u0101 un tikai tad, kad ir izveidojies sasalums vai sniega sega. Galvenais m\u0113r\u0137is ir autotrasi lietot treni\u0146u nol\u016bkos, apm\u0101c\u012bt b\u0113rnus un jaunie\u0161us, dot iesp\u0113ju iedz\u012bvot\u0101jiem apg\u016bt brauk\u0161anas iema\u0146as slidenos apst\u0101k\u013cos, kl\u0101sta idejas autori.<\/p>\n<p>K\u0101 skaidro pa\u0161vald\u012bba, min\u0113taj\u0101 teritorij\u0101 at\u013cauts izvietot un ier\u012bkot ar sportu un rekre\u0101ciju saist\u012btus objektus. B\u016bvniec\u012bbas ieceres teritorija robe\u017eojas ar rekre\u0101cijas objektu Upesciema d\u012b\u0137iem, t\u0101d\u0113\u013c b\u016bvniec\u012bbas iecerei noteikta pras\u012bba organiz\u0113t publisko apsprie\u0161anu.<\/p>\n<p>Publisk\u0101s apsprie\u0161anas san\u0101ksme notiks att\u0101lin\u0101ti &#8220;MS Teams&#8221; platform\u0101 20. novembr\u012b plkst. 17.30.<\/p>\n<p>Par b\u016bvniec\u012bbas ieceri atbild\u012bg\u0101 persona nor\u0101d\u012bta J\u0101nis Lepsis. Vi\u0146\u0161 ir Ropa\u017eu novada deput\u0101ts, kur\u0161 iev\u0113l\u0113ts no &#8220;Apvienot\u0101 saraksta&#8221;. Vi\u0146\u0161 ir ar\u012b Ropa\u017eu domes Izgl\u012bt\u012bbas, kult\u016bras, sporta un jaunatnes lietu komitejas priek\u0161s\u0113d\u0113t\u0101jas vietnieks.<\/p>\n<p>Saska\u0146\u0101 ar vi\u0146a amatpersonas deklar\u0101ciju, Lepsis ir biedr\u012bbas &#8220;SK Garkalne racing&#8221; valdes loceklis.<\/p>\n","protected":false},"excerpt":{"rendered":"Ropa\u017eu novada pa\u0161vald\u012bb\u0101 iesniegta b\u016bvniec\u012bbas iecere par ziemas autotrases b\u016bvniec\u012bbu Upesciem\u0101 eso\u0161ajos zemesgabalos Rendas un Lauces, liecina pa\u0161vald\u012bbas&hellip;\n","protected":false},"author":2,"featured_media":50822,"comment_status":"","ping_status":"","sticky":false,"template":"","format":"standard","meta":{"footnotes":""},"categories":[12],"tags":[23,28,29,47,32,33,22,381,64,30,31,35,39,38,36,37,34,40,20,385,26,27,172,382,384,383,24,25,21],"class_list":{"0":"post-50821","1":"post","2":"type-post","3":"status-publish","4":"format-standard","5":"has-post-thumbnail","7":"category-latvija","8":"tag-aktualitates","9":"tag-breaking-news","10":"tag-breakingnews","11":"tag-ekonomika","12":"tag-featured-news","13":"tag-featurednews","14":"tag-headlines","15":"tag-jaunumi","16":"tag-kultura","17":"tag-latest-news","18":"tag-latestnews","19":"tag-latvia","20":"tag-latvian","21":"tag-latviesu","22":"tag-latviesu-valoda","23":"tag-latviesuvaloda","24":"tag-latvija","25":"tag-lv","26":"tag-news","27":"tag-pieriga","28":"tag-popularakas-zinas","29":"tag-popularakaszinas","30":"tag-riga","31":"tag-sabiedriba","32":"tag-sludinajumi","33":"tag-sports-afisa","34":"tag-top-stories","35":"tag-topstories","36":"tag-zinas"},"share_on_mastodon":{"url":"https:\/\/pubeurope.com\/@lv\/115559478383626152","error":""},"_links":{"self":[{"href":"https:\/\/www.europesays.com\/lv\/wp-json\/wp\/v2\/posts\/50821","targetHints":{"allow":["GET"]}}],"collection":[{"href":"https:\/\/www.europesays.com\/lv\/wp-json\/wp\/v2\/posts"}],"about":[{"href":"https:\/\/www.europesays.com\/lv\/wp-json\/wp\/v2\/types\/post"}],"author":[{"embeddable":true,"href":"https:\/\/www.europesays.com\/lv\/wp-json\/wp\/v2\/users\/2"}],"replies":[{"embeddable":true,"href":"https:\/\/www.europesays.com\/lv\/wp-json\/wp\/v2\/comments?post=50821"}],"version-history":[{"count":0,"href":"https:\/\/www.europesays.com\/lv\/wp-json\/wp\/v2\/posts\/50821\/revisions"}],"wp:featuredmedia":[{"embeddable":true,"href":"https:\/\/www.europesays.com\/lv\/wp-json\/wp\/v2\/media\/50822"}],"wp:attachment":[{"href":"https:\/\/www.europesays.com\/lv\/wp-json\/wp\/v2\/media?parent=50821"}],"wp:term":[{"taxonomy":"category","embeddable":true,"href":"https:\/\/www.europesays.com\/lv\/wp-json\/wp\/v2\/categories?post=50821"},{"taxonomy":"post_tag","embeddable":true,"href":"https:\/\/www.europesays.com\/lv\/wp-json\/wp\/v2\/tags?post=50821"}],"curies":[{"name":"wp","href":"https:\/\/api.w.org\/{rel}","templated":true}]}}